{"id":2742,"date":"2026-03-14T20:14:04","date_gmt":"2026-03-14T17:14:04","guid":{"rendered":"https:\/\/dbsnewsmedia.com\/?p=2742"},"modified":"2026-03-14T20:14:52","modified_gmt":"2026-03-14T17:14:52","slug":"dunyada-7-merkezde-uygulaniyordu-car-t-tedavisi-artik-turkiyede","status":"publish","type":"post","link":"https:\/\/dbsnewsmedia.com\/?p=2742","title":{"rendered":"D\u00fcnyada 7 merkezde uygulan\u0131yordu: CAR-T tedavisi art\u0131k T\u00fcrkiye\u2019de"},"content":{"rendered":"\n<p>14.03.2026    20:13<\/p>\n\n\n\n<p>Akdeniz \u00dcniversitesi&#8217;nde (A\u00dc) kanser tedavisinde kullan\u0131lan CAR-T h\u00fccre tedavisi i\u00e7in h\u00fccre \u00fcretiminin yap\u0131laca\u011f\u0131 \u0130leri Sa\u011fl\u0131k Ara\u015ft\u0131rma Merkezi kuruldu. D\u00fcnyada yaln\u0131zca 7 merkezde uygulanan bu y\u00f6ntemin 8&#8217;incisi Akdeniz \u00dcniversitesi&#8217;nde hayata ge\u00e7irildi. Akdeniz \u00dcniversitesi Rekt\u00f6r\u00fc Prof. Dr. \u00d6zlenen \u00d6zkan, &#8220;D\u00fcnyada y\u00fcz binlerce dolara uygulanan bu tedaviyi yerli ve milli imkanlarla T\u00fcrkiye&#8217;de hastalar\u0131m\u0131za sunaca\u011f\u0131z&#8221; dedi<\/p>\n\n\n\n<p>Akdeniz \u00dcniversitesi\u2019nde kanser tedavisinde kullan\u0131lan CAR-T h\u00fccre tedavisi i\u00e7in h\u00fccre \u00fcretiminin yap\u0131laca\u011f\u0131 \u0130leri Sa\u011fl\u0131k Ara\u015ft\u0131rma Merkezi kuruldu. \u00d6zellikle l\u00f6semi ve lenfoma gibi kan kanserlerinin tedavisinde kullan\u0131lan CAR-T h\u00fccre y\u00f6nteminin uyguland\u0131\u011f\u0131 d\u00fcnyada 7 merkez bulunurken, 8\u2019incisi Akdeniz \u00dcniversitesi oldu. Merkezde hastan\u0131n kendi ba\u011f\u0131\u015f\u0131kl\u0131k h\u00fccrelerinin laboratuvar ortam\u0131nda g\u00fc\u00e7lendirilerek kanser h\u00fccreleriyle m\u00fccadele etmesinin hedeflendi\u011fi belirtildi. Akdeniz \u00dcniversitesi Rekt\u00f6r\u00fc Prof. Dr. \u00d6zlenen \u00d6zkan ve Organ Nakli Merkezi M\u00fcd\u00fcr\u00fc Prof. Dr. \u00d6mer \u00d6zkan, merkezin kurulu\u015f s\u00fcreci ve tedavi y\u00f6ntemine ili\u015fkin detaylar\u0131 anlatt\u0131.<\/p>\n\n\n\n<h2 class=\"wp-block-heading\"><strong>Fikrimiz ger\u00e7ek oldu<\/strong><\/h2>\n\n\n\n<p>14 Mart T\u0131p Bayram\u0131\u2019nda bu tedaviyi duyurduklar\u0131 i\u00e7in mutlu olduklar\u0131n\u0131 belirten Akdeniz \u00dcniversitesi Rekt\u00f6r\u00fc \u00d6zlenen \u00d6zkan, s\u00fcrecin 2020 y\u0131l\u0131nda ba\u015flad\u0131\u011f\u0131n\u0131 s\u00f6yledi.<\/p>\n\n\n\n<p>\u00d6zkan, \u201c2020 y\u0131l\u0131nda g\u00f6reve geldi\u011fimizde \u00d6mer Hoca ile bir fikrimiz vard\u0131. Biz organ nakli yap\u0131yoruz ve bu \u00fcniversitenin kurulu\u015f felsefesi de buna dayan\u0131yor. Amac\u0131m\u0131z organ nakli ve kanser alan\u0131nda ara\u015ft\u0131rmalar yapmak ve yeni tedavi y\u00f6ntemleri geli\u015ftirmekti. B\u00f6yle bir tedavi y\u00f6ntemini hayata ge\u00e7irmek istedi\u011fimizi Cumhurba\u015fkan\u0131m\u0131zla payla\u015ft\u0131\u011f\u0131m\u0131zda bu fikir \u00e7ok ho\u015funa gitti. Onun deste\u011fiyle bu binay\u0131 planlad\u0131k ve hayata ge\u00e7irdik. Yakla\u015f\u0131k 5 y\u0131ll\u0131k bir ser\u00fcven oldu. Cumhurba\u015fkan\u0131m\u0131z\u0131n destekleri sayesinde bu kanser merkezine kavu\u015fmu\u015f olduk\u201d dedi.<\/p>\n\n\n\n<h2 class=\"wp-block-heading\"><strong>Lenfoma ve l\u00f6semi hastalar\u0131 i\u00e7in geli\u015ftirilen CAR-T h\u00fccre tedavisinin T\u00fcrkiye\u2019de yerli imk\u00e2nlarla uygulanmas\u0131 hedefleniyor<\/strong><\/h2>\n\n\n\n<p>Kanser tedavilerinin \u00f6neminden bahseden Prof. Dr. \u00d6zkan, &#8220;Kanserde en \u00e7ok insanlar\u0131 muzdarip eden hastal\u0131klar\u0131n ba\u015f\u0131nda lenfoma ve l\u00f6semi geliyor. Bizim ilk hedefimiz lenfoma \u00fczerine oldu. D\u00fcnyada \u015fu anda en \u00e7ok kullan\u0131lan, en yeni teknik olan CAR-T zemininde h\u00fccresel tedaviler \u00fczerine \u00e7al\u0131\u015ft\u0131k. Bu h\u00fccre tedavilerini \u00f6zellikle lenfoma tedavisi g\u00f6rm\u00fc\u015f ancak ba\u015far\u0131s\u0131z olmu\u015f, \u00e7ok diren\u00e7li hastalar i\u00e7in planlad\u0131k. Hastan\u0131n kendi ba\u011f\u0131\u015f\u0131kl\u0131k h\u00fccreleri g\u00fc\u00e7lendirilerek say\u0131lar\u0131 art\u0131r\u0131lacak ve yakla\u015f\u0131k 10 g\u00fcn i\u00e7inde tekrar hastaya enjekte edilecek. B\u00f6ylece hastan\u0131n kanserle m\u00fccadelesi daha g\u00fc\u00e7l\u00fc \u015fekilde desteklenecek. D\u00fcnyada sadece 7 merkezde ve 7 \u00fclkede yap\u0131l\u0131yor ve y\u00fcz binlerce dolarl\u0131k tedavi masraflar\u0131 oluyor. Bunlar\u0131 g\u00f6z \u00f6n\u00fcne ald\u0131\u011f\u0131m\u0131z zaman bunun yerli ve milli olmas\u0131 \u00e7ok \u00f6nemli. Bu merkezin ba\u015fka bir \u00f6zelli\u011fi de hem ara\u015ft\u0131rma yap\u0131labilmesi hem de o ara\u015ft\u0131rman\u0131n hemen klinikte hastalara uygulanabilmesi. T\u00fcrkiye\u2019de bildi\u011fim kadar\u0131yla hem ara\u015ft\u0131rman\u0131n hem klinik tedavinin birlikte uyguland\u0131\u011f\u0131 b\u00f6yle bir merkez yok&#8221; ifadelerini kulland\u0131.<\/p>\n\n\n\n<h2 class=\"wp-block-heading\"><strong>15 Nisan&#8217;da ba\u015flanacak<\/strong><\/h2>\n\n\n\n<p>15 Nisan itibar\u0131yla ilk hastalar\u0131n tedavilerine ba\u015flanaca\u011f\u0131n\u0131 duyuran Prof. Dr. \u00d6zkan, &#8220;Burada hastan\u0131n kendisinden al\u0131nan kan tekrar i\u015flem g\u00f6rerek hastaya geri naklediliyor. Kemoterapiyi bir hayli azaltan bir tedavi y\u00f6ntemi. Ba\u015far\u0131 oran\u0131 y\u00fczde 95\u2019in \u00fczerinde. T\u00fcrkiye\u2019de bu merkezin olmas\u0131, hastalar\u0131n ba\u015fka yerlerde tedavi aramas\u0131n\u0131n \u00f6n\u00fcne ge\u00e7ecek. \u00c7\u00fcnk\u00fc bu tedaviler \u00e7ok maliyetli ve herkesin gidebildi\u011fi yerler de\u011fil. Bu anlamda 14 Mart gibi \u00f6nemli bir g\u00fcnde bu merkeze sahip oldu\u011fumuz i\u00e7in ve T\u00fcrk halk\u0131na bu hizmeti verebilece\u011fimiz i\u00e7in ger\u00e7ekten \u00e7ok heyecanl\u0131y\u0131m. Sadece kan kanseri de\u011fil, ba\u015fka hedeflerimiz de var. O kadar \u00e7ok hasta ve doktor bu merkezi arad\u0131 ki a\u00e7\u0131k\u00e7as\u0131 bu tedaviye ihtiyac\u0131 olan hasta say\u0131s\u0131 beni \u015fa\u015f\u0131rtt\u0131&#8221; diye konu\u015ftu.<\/p>\n\n\n\n<h2 class=\"wp-block-heading\"><strong>Tedavi \u00fccreti 200 bin dolarken bap projesiyle d\u00fc\u015ft\u00fc<\/strong><\/h2>\n\n\n\n<p>Prof. Dr. \u00d6zkan, ayr\u0131ca, &#8220;\u00d6ncelikle hastalar ba\u015fka merkezlere gitmek zorunda kalmas\u0131n. En yak\u0131n merkez \u0130srail\u2019de. Oraya gitmek zaten \u00e7ok kolay de\u011fil. Ayr\u0131ca b\u00f6yle bir merkezin burada olmas\u0131, \u00f6zellikle sava\u015f gibi durumlarda kendi kendine yetebilmek a\u00e7\u0131s\u0131ndan da \u00e7ok k\u0131ymetli. Bunu covid d\u00f6neminde de g\u00f6rd\u00fck. D\u00fcnyada bu tedavinin maliyeti yakla\u015f\u0131k 200 bin dolar civar\u0131nda. Bu sadece tedavi maliyeti. Hastan\u0131n orada kalmas\u0131 ve di\u011fer giderler bunun i\u00e7inde de\u011fil. Biz ise \u00fcniversitemizin kendi imkanlar\u0131 ve BAP projeleriyle bu maliyetleri ciddi \u015fekilde d\u00fc\u015f\u00fcrd\u00fck. Bu tamamen \u00fcniversitemizin imkanlar\u0131yla ger\u00e7ekle\u015ftirilen bir proje. Bu anlamda \u00e7ok daha uygun fiyatlarla hastalar\u0131m\u0131za bu tedaviyi sunaca\u011f\u0131z&#8221; dedi.<\/p>\n\n\n\n<h2 class=\"wp-block-heading\"><strong>Tedavi \u00e7ok az \u00fclkede uygulan\u0131yor<\/strong><\/h2>\n\n\n\n<p>Organ Nakli Merkezi M\u00fcd\u00fcr\u00fc Prof. Dr. \u00d6mer \u00d6zkan da yo\u011fun talep oldu\u011funu belirterek, &#8220;14 Mart\u2019ta b\u00f6yle bir m\u00fcjdeyi vermek istedik. D\u00fcn ilk lansman\u0131n\u0131 yapt\u0131k. Burada \u00f6nceli\u011fimiz kendi vatanda\u015flar\u0131m\u0131za hizmet verebilmek. Ama ayn\u0131 zamanda bu merkez hem prestij hem de stratejik a\u00e7\u0131dan \u00e7evre ve dost \u00fclkelere de tedavi imkan\u0131 sunabilecek. Bu tedavi \u00e7ok az \u00fclkede uygulan\u0131yor. Maliyetler ve konaklama gibi nedenlerle bir\u00e7ok hasta bu tedaviye ula\u015fam\u0131yor. T\u00fcrkiye sa\u011fl\u0131k turizmi a\u00e7\u0131s\u0131ndan g\u00fc\u00e7l\u00fc bir \u00fclke. Ancak y\u0131llard\u0131r s\u00f6yledi\u011fimiz bir \u015fey var; klinikte \u00e7ok iyiyiz ama ara\u015ft\u0131rma ve \u00fcretim k\u0131sm\u0131nda daha g\u00fc\u00e7l\u00fc olmam\u0131z gerekiyor. D\u0131\u015far\u0131ya ba\u011f\u0131ml\u0131l\u0131\u011f\u0131 azaltmak i\u00e7in bu t\u00fcr merkezler \u00e7ok \u00f6nemli. E\u011fer sa\u011fl\u0131kta kullan\u0131lan bu t\u00fcr stratejik \u00fcr\u00fcnleri d\u0131\u015far\u0131dan almak zorunda kal\u0131rsan\u0131z ve herhangi bir nedenle size verilmezse, o zaman binlerce insan\u0131n tedavisi zorla\u015fabilir. Bu y\u00fczden bu laboratuvarlar stratejik \u00f6neme sahip&#8221; diye konu\u015ftu.<\/p>\n\n\n\n<h2 class=\"wp-block-heading\">&#8220;BU MERKEZ \u00dcLKEM\u0130Z \u0130\u00c7\u0130N STRATEJ\u0130K B\u0130R YATIRIM&#8221;<\/h2>\n\n\n\n<p>Kurulan laboratuvar\u0131n kapasitesinin y\u00fczde 25\u2019ini kulland\u0131klar\u0131na dikkati \u00e7eken Prof. Dr. \u00d6mer \u00d6zkan, &#8220;\u0130htiya\u00e7 oldu\u011funda kapasiteyi \u00e7ok daha fazla art\u0131rabilecek alt yap\u0131m\u0131z var. Bu laboratuvar sadece tedavi uygulanan bir yer de\u011fil, ayn\u0131 zamanda ara\u015ft\u0131rma ve geli\u015ftirme merkezi. Lenfoma ile ba\u015fl\u0131yoruz ancak hedefimiz di\u011fer kanser t\u00fcrleri i\u00e7in de ara\u015ft\u0131rmalar yapmak. Buras\u0131 GMP standartlar\u0131nda bir laboratuvar. \u00c7ok zor kurulan bir altyap\u0131. Hat\u0131rlarsan\u0131z a\u015f\u0131 d\u00f6neminde bu t\u00fcr \u00fcretim altyap\u0131lar\u0131n\u0131n ne kadar \u00f6nemli oldu\u011funu g\u00f6rd\u00fck. Burada sadece kanser tedavisi de\u011fil, ihtiya\u00e7 oldu\u011funda a\u015f\u0131 geli\u015ftirme gibi \u00e7al\u0131\u015fmalar\u0131n da yap\u0131labilece\u011fi bir laboratuvardan bahsediyoruz. Bu y\u00fczden bu merkez \u00fclkemiz i\u00e7in stratejik bir yat\u0131r\u0131m. Biz de bu alt yap\u0131y\u0131 \u00fclkemize kazand\u0131rd\u0131\u011f\u0131m\u0131z i\u00e7in mutluyuz&#8221; dedi.<\/p>\n\n\n\n<p>Kaynak:<a href=\"https:\/\/www.haberturk.com\/kansere-karsi-yeni-umut-dunyada-7-merkezde-uygulaniyordu-8incisi-akdeniz-universitesinde-haberler-3869729\">https:\/\/www.haberturk.com\/kansere-karsi-yeni-umut-dunyada-7-merkezde-uygulaniyordu-8incisi-akdeniz-universitesinde-haberler-3869729<\/a> (DHA)<\/p>\n","protected":false},"excerpt":{"rendered":"<p>14.03.2026 20:13 Akdeniz \u00dcniversitesi&#8217;nde (A\u00dc) kanser tedavisinde kullan\u0131lan CAR-T h\u00fccre tedavisi i\u00e7in h\u00fccre \u00fcretiminin yap\u0131laca\u011f\u0131 \u0130leri Sa\u011fl\u0131k Ara\u015ft\u0131rma Merkezi kuruldu. D\u00fcnyada yaln\u0131zca 7 merkezde uygulanan bu y\u00f6ntemin 8&#8217;incisi Akdeniz \u00dcniversitesi&#8217;nde hayata ge\u00e7irildi. Akdeniz \u00dcniversitesi Rekt\u00f6r\u00fc Prof. Dr. \u00d6zlenen \u00d6zkan, &#8220;D\u00fcnyada y\u00fcz binlerce dolara uygulanan bu tedaviyi yerli ve milli imkanlarla T\u00fcrkiye&#8217;de hastalar\u0131m\u0131za sunaca\u011f\u0131z&#8221; dedi Akdeniz&#8230;<\/p>\n","protected":false},"author":5,"featured_media":2743,"comment_status":"open","ping_status":"open","sticky":false,"template":"","format":"standard","meta":{"_jetpack_memberships_contains_paid_content":false,"footnotes":""},"categories":[12],"tags":[1027,1026],"class_list":["post-2742","post","type-post","status-publish","format-standard","has-post-thumbnail","hentry","category-saglik","tag-akdeniz-universitesi","tag-car-t-tedavisi"],"jetpack_featured_media_url":"https:\/\/dbsnewsmedia.com\/wp-content\/uploads\/2026\/03\/40.jpg","jetpack_sharing_enabled":true,"_links":{"self":[{"href":"https:\/\/dbsnewsmedia.com\/index.php?rest_route=\/wp\/v2\/posts\/2742","targetHints":{"allow":["GET"]}}],"collection":[{"href":"https:\/\/dbsnewsmedia.com\/index.php?rest_route=\/wp\/v2\/posts"}],"about":[{"href":"https:\/\/dbsnewsmedia.com\/index.php?rest_route=\/wp\/v2\/types\/post"}],"author":[{"embeddable":true,"href":"https:\/\/dbsnewsmedia.com\/index.php?rest_route=\/wp\/v2\/users\/5"}],"replies":[{"embeddable":true,"href":"https:\/\/dbsnewsmedia.com\/index.php?rest_route=%2Fwp%2Fv2%2Fcomments&post=2742"}],"version-history":[{"count":2,"href":"https:\/\/dbsnewsmedia.com\/index.php?rest_route=\/wp\/v2\/posts\/2742\/revisions"}],"predecessor-version":[{"id":2745,"href":"https:\/\/dbsnewsmedia.com\/index.php?rest_route=\/wp\/v2\/posts\/2742\/revisions\/2745"}],"wp:featuredmedia":[{"embeddable":true,"href":"https:\/\/dbsnewsmedia.com\/index.php?rest_route=\/wp\/v2\/media\/2743"}],"wp:attachment":[{"href":"https:\/\/dbsnewsmedia.com\/index.php?rest_route=%2Fwp%2Fv2%2Fmedia&parent=2742"}],"wp:term":[{"taxonomy":"category","embeddable":true,"href":"https:\/\/dbsnewsmedia.com\/index.php?rest_route=%2Fwp%2Fv2%2Fcategories&post=2742"},{"taxonomy":"post_tag","embeddable":true,"href":"https:\/\/dbsnewsmedia.com\/index.php?rest_route=%2Fwp%2Fv2%2Ftags&post=2742"}],"curies":[{"name":"wp","href":"https:\/\/api.w.org\/{rel}","templated":true}]}}