{"id":2917,"date":"2026-03-15T22:52:55","date_gmt":"2026-03-15T19:52:55","guid":{"rendered":"https:\/\/dbsnewsmedia.com\/?p=2917"},"modified":"2026-03-15T22:52:55","modified_gmt":"2026-03-15T19:52:55","slug":"ara-tatil-ve-ramazan-bayrami-turizmi-hareketlendirdi","status":"publish","type":"post","link":"https:\/\/dbsnewsmedia.com\/?p=2917","title":{"rendered":"Ara Tatil ve Ramazan Bayram\u0131 Turizmi Hareketlendirdi!"},"content":{"rendered":"\n<p>Okullar\u0131n ara tatilinin ba\u015flamas\u0131 ve Ramazan Bayram\u0131\u2019n\u0131n yakla\u015fmas\u0131yla turizmde hareketlilik artt\u0131. Antalya ba\u015fta olmak \u00fczere bir\u00e7ok tatil b\u00f6lgesinde rezervasyonlar h\u0131zlan\u0131rken, otellerde aileler i\u00e7in \u00e7e\u015fitli kampanyalar uygulan\u0131yor. Paskalya d\u00f6neminde Avrupa\u2019dan gelecek turist ak\u0131\u015f\u0131 da sekt\u00f6r i\u00e7in umut olurken, bayram ve tatil yo\u011funlu\u011fu nedeniyle otob\u00fcs firmalar\u0131 ek sefer planl\u0131yor. Ara\u00e7 kiralama talebinde de art\u0131\u015f g\u00f6zleniyor.<\/p>\n\n\n\n<p>Milliyet gazetesinden Duygu Erdo\u011fan\u2019\u0131n haberine g\u00f6re; ABD ile \u0130srail\u2019in \u0130ran\u2019a sald\u0131r\u0131lar\u0131 ard\u0131ndan geli\u015fen b\u00f6lgedeki sava\u015f ortam\u0131, en h\u0131zl\u0131 olarak&nbsp;<a href=\"https:\/\/www.internethaber.com\/haber\/turizm\" target=\"_blank\" rel=\"noreferrer noopener\">turizm<\/a>&nbsp;sekt\u00f6r\u00fcn\u00fc etkiledi. Tatil kararlar\u0131 ve rotalar de\u011fi\u015ftirildi. Ayr\u0131ca \u0130ran\u2019\u0131n Nevruz Bayram\u0131 ile mart ay\u0131n\u0131n \u00fc\u00e7\u00fcnc\u00fc haftas\u0131ndan itibaren T\u00fcrkiye\u2019ye y\u00f6nelik gelece turist ak\u0131\u015f\u0131 \u00fclkenin sava\u015f durumuyla ba\u015flamadan bitmi\u015f oldu. Arka arkaya gelecek \u00fc\u00e7 bayram yerine Ramazan Bayram\u0131 ve Paskalya, turizm b\u00f6lgeleri i\u00e7in can suyu olacak.<\/p>\n\n\n\n<p>BAHAR GELD\u0130, TERC\u0130H ARTTI<br><br>Hava s\u0131cakl\u0131\u011f\u0131n\u0131n elveri\u015fli seviyelere geldi\u011fi ilkbahar d\u00f6nemindeki tatil ile yurt i\u00e7inde Antalya otelleri sezonu ba\u015flat\u0131rken; yan\u0131 s\u0131ra Karadeniz\u2019den \u0130zmir\u2019e; Kuzey Ege\u2019den Kapadokya\u2019ya turlar ve m\u00fcnferit gezilerde yo\u011funla\u015fma var. TatilBudur Sat\u0131\u015f ve Operasyondan Sorumlu Genel M\u00fcd\u00fcr Yard\u0131mc\u0131s\u0131 Mustafa Kemal \u00c7ubuk, \u201cYurt i\u00e7indeki otellerde Antalya, Ayd\u0131n, Mu\u011fla ve \u0130stanbul yak\u0131n\u0131 b\u00f6lgeler \u00f6ne \u00e7\u0131k\u0131yor. Bayram d\u00f6neminde vize gerektiren yurt d\u0131\u015f\u0131 tatillerinde; \u0130talya, Venedik, Milano&amp; Nice&amp; Marsilya, Paris, \u0130svi\u00e7re ve Atina turlar\u0131 tercih edilirken vizesiz yurt d\u0131\u015f\u0131 tatilinde; Balkan, Makedonya, Sharm El Sheikh, Belgrad ve Bak\u00fc tercih ediliyor.\u201d dedi.<br><br>KAMPANYALAR VAR<br><br>\u2018Her \u015fey dahil\u2019 konsepti ile tercih edilen tesislerde aileler i\u00e7in farkl\u0131 \u00f6deme kampanyalar\u0131 da yap\u0131l\u0131yor. 3 gece 4 g\u00fcnl\u00fck rezervasyonlar bu kapsamda 30-35 bin liradan ba\u015fl\u0131yor. Genel olarak 12 ya\u015fa kadar olan \u00e7ocuklar i\u00e7in ise \u00f6deme al\u0131nm\u0131yor. Antalya\u2019daki bu yo\u011funluk ard\u0131ndan Paskalya d\u00f6nemi i\u00e7in ise \u00f6zellikle Avrupal\u0131 talebi y\u00fcksek. Ayn\u0131 zamanda bayramlarda tatil olan \u00fclkelerde ya\u015fan T\u00fcrkler i\u00e7in de tatil uzuyor. Bu sayede turizm merkezleri farkl\u0131 kanallardan turist ak\u0131\u015f\u0131 al\u0131yor.<\/p>\n\n\n\n<p>Kom\u015fu Haber:Spontane Digital:<a href=\"https:\/\/spontanedigital.com.tr\/?p=4123\">https:\/\/spontanedigital.com.tr\/?p=4123<\/a><\/p>\n\n\n\n<p>Kaynak: \u0130nternet Haber<br><a href=\"https:\/\/www.internethaber.com\/turizmde-uc-tatil-etkisi-rezervasyonlar-hizlandi-fiyatlar-nasil-2435263h.htm\">https:\/\/www.internethaber.com\/turizmde-uc-tatil-etkisi-rezervasyonlar-hizlandi-fiyatlar-nasil-2435263h.htm<\/a><br>G\u00f6rsel: \u0130nternet Haber<br><a href=\"https:\/\/img.internethaber.com\/rcman\/Cw1280h720q95gc\/storage\/files\/images\/2019\/05\/15\/turizm-nDo2_cover.jpg\">https:\/\/img.internethaber.com\/rcman\/Cw1280h720q95gc\/storage\/files\/images\/2019\/05\/15\/turizm-nDo2_cover.jpg<\/a><br>Tarih: 14.03.2026 22.52<\/p>\n","protected":false},"excerpt":{"rendered":"<p>Okullar\u0131n ara tatilinin ba\u015flamas\u0131 ve Ramazan Bayram\u0131\u2019n\u0131n yakla\u015fmas\u0131yla turizmde hareketlilik artt\u0131. Antalya ba\u015fta olmak \u00fczere bir\u00e7ok tatil b\u00f6lgesinde rezervasyonlar h\u0131zlan\u0131rken, otellerde aileler i\u00e7in \u00e7e\u015fitli kampanyalar uygulan\u0131yor. Paskalya d\u00f6neminde Avrupa\u2019dan gelecek turist ak\u0131\u015f\u0131 da sekt\u00f6r i\u00e7in umut olurken, bayram ve tatil yo\u011funlu\u011fu nedeniyle otob\u00fcs firmalar\u0131 ek sefer planl\u0131yor. Ara\u00e7 kiralama talebinde de art\u0131\u015f g\u00f6zleniyor. Milliyet gazetesinden&#8230;<\/p>\n","protected":false},"author":3,"featured_media":2918,"comment_status":"open","ping_status":"open","sticky":false,"template":"","format":"standard","meta":{"_jetpack_memberships_contains_paid_content":false,"footnotes":""},"categories":[11],"tags":[375],"class_list":["post-2917","post","type-post","status-publish","format-standard","has-post-thumbnail","hentry","category-turizm","tag-turizm"],"jetpack_featured_media_url":"https:\/\/dbsnewsmedia.com\/wp-content\/uploads\/2026\/03\/turizm-nDo2_cover-800x445-1.png","jetpack_sharing_enabled":true,"_links":{"self":[{"href":"https:\/\/dbsnewsmedia.com\/index.php?rest_route=\/wp\/v2\/posts\/2917","targetHints":{"allow":["GET"]}}],"collection":[{"href":"https:\/\/dbsnewsmedia.com\/index.php?rest_route=\/wp\/v2\/posts"}],"about":[{"href":"https:\/\/dbsnewsmedia.com\/index.php?rest_route=\/wp\/v2\/types\/post"}],"author":[{"embeddable":true,"href":"https:\/\/dbsnewsmedia.com\/index.php?rest_route=\/wp\/v2\/users\/3"}],"replies":[{"embeddable":true,"href":"https:\/\/dbsnewsmedia.com\/index.php?rest_route=%2Fwp%2Fv2%2Fcomments&post=2917"}],"version-history":[{"count":1,"href":"https:\/\/dbsnewsmedia.com\/index.php?rest_route=\/wp\/v2\/posts\/2917\/revisions"}],"predecessor-version":[{"id":2919,"href":"https:\/\/dbsnewsmedia.com\/index.php?rest_route=\/wp\/v2\/posts\/2917\/revisions\/2919"}],"wp:featuredmedia":[{"embeddable":true,"href":"https:\/\/dbsnewsmedia.com\/index.php?rest_route=\/wp\/v2\/media\/2918"}],"wp:attachment":[{"href":"https:\/\/dbsnewsmedia.com\/index.php?rest_route=%2Fwp%2Fv2%2Fmedia&parent=2917"}],"wp:term":[{"taxonomy":"category","embeddable":true,"href":"https:\/\/dbsnewsmedia.com\/index.php?rest_route=%2Fwp%2Fv2%2Fcategories&post=2917"},{"taxonomy":"post_tag","embeddable":true,"href":"https:\/\/dbsnewsmedia.com\/index.php?rest_route=%2Fwp%2Fv2%2Ftags&post=2917"}],"curies":[{"name":"wp","href":"https:\/\/api.w.org\/{rel}","templated":true}]}}