{"id":2923,"date":"2026-03-16T12:36:06","date_gmt":"2026-03-16T09:36:06","guid":{"rendered":"https:\/\/dbsnewsmedia.com\/?p=2923"},"modified":"2026-03-16T12:36:06","modified_gmt":"2026-03-16T09:36:06","slug":"tarihi-bastan-yazacak-iddia-giza-piramitlerini-misirlilar-degil-super-medeniyet-mi-insa-etti","status":"publish","type":"post","link":"https:\/\/dbsnewsmedia.com\/?p=2923","title":{"rendered":"Tarihi Ba\u015ftan Yazacak \u0130ddia: Giza Piramitleri&#8217;ni M\u0131s\u0131rl\u0131lar De\u011fil &#8216;S\u00fcper Medeniyet&#8217; mi \u0130n\u015fa Etti?"},"content":{"rendered":"\n<p>Giza Piramitleri ile ilgili tart\u0131\u015fmalar yeniden alevlendi. Ba\u011f\u0131ms\u0131z ara\u015ft\u0131rmac\u0131 Antonio Ambrosio, an\u0131tlar\u0131n san\u0131landan daha eski olabilece\u011fini ve bilinmeyen bir \u201cs\u00fcper medeniyetin\u201d izlerini ta\u015f\u0131d\u0131\u011f\u0131n\u0131 \u00f6ne s\u00fcr\u00fcyor. Radar taramalar\u0131 ve erozyon iddialar\u0131 ise gizemi daha da derinle\u015ftiriyor. Peki piramitler ger\u00e7ekten anlat\u0131ld\u0131\u011f\u0131 gibi mi in\u015fa edildi? \u00c7\u00f6lde y\u00fckselen bu dev ta\u015flar\u0131n ard\u0131nda nas\u0131l bir ge\u00e7mi\u015f gizli? Bulgular bilim d\u00fcnyas\u0131n\u0131 ikiye b\u00f6ld\u00fc. \u0130\u015fte detaylar\u2026<\/p>\n\n\n\n<p><strong>Piramitlerin Ya\u015f\u0131 San\u0131landan \u00c7ok Daha m\u0131 Eski?<\/strong><\/p>\n\n\n\n<p>Ba\u011f\u0131ms\u0131z ara\u015ft\u0131rmac\u0131 Antonio Ambrosio, Giza\u2019daki \u00fc\u00e7 ana piramidin yakla\u015f\u0131k 12 bin y\u0131l \u00f6ncesine, yani M\u0131s\u0131rl\u0131lardan binlerce y\u0131l \u00f6ncesine tarihlenebilece\u011fini savunuyor.&nbsp;<br><br>Ambrosio\u2019ya g\u00f6re bu durum, d\u00fcnya genelinde piramitler ve megalitik yap\u0131lar in\u015fa etmi\u015f, bug\u00fcne kadar bilinmeyen bir&nbsp;<strong>&#8216;s\u00fcper medeniyetin&#8217;<\/strong>varl\u0131\u011f\u0131na i\u015faret edebilir.<\/p>\n\n\n\n<p><strong>\u0130n\u015fa m\u0131 Edildi, Yoksa Sadece &#8220;Ke\u015ffedildi&#8221; mi?<\/strong><br><\/p>\n\n\n\n<p>Ambrosio,&nbsp;<strong>&#8216;Giza Piramitleri: Bilinmeyen Bir Medeniyetin Miras\u0131&#8217;<\/strong>ba\u015fl\u0131kl\u0131 makalesinde, yap\u0131lar\u0131n M\u0131s\u0131r\u2019\u0131n D\u00f6rd\u00fcnc\u00fc Hanedan firavunlar\u0131 taraf\u0131ndan in\u015fa edilmedi\u011fini, aksine daha \u00f6nce var olan an\u0131tlar\u0131n sahiplenildi\u011fini ileri s\u00fcr\u00fcyor.<br><br>Geleneksel arkeolojik g\u00f6r\u00fc\u015fe g\u00f6re piramitler M\u00d6 2500-2150 y\u0131llar\u0131 aras\u0131nda h\u00fck\u00fcm s\u00fcren firavunlar d\u00f6neminde yap\u0131ld\u0131 ve \u00f6zellikle<strong>&nbsp;Khufu, Khafre ve Menkaure<\/strong>&nbsp;ad\u0131na in\u015fa edildi.<br><\/p>\n\n\n\n<figure class=\"wp-block-image\"><img decoding=\"async\" src=\"https:\/\/image.hurimg.com\/i\/hurriyet\/90\/770x0\/69a01a142340ceaef61e5054.jpg\" alt=\"12 bin y\u0131ll\u0131k s\u0131r: Piramitlerle ilgili \u2018s\u00fcper medeniyet\u2019 bulgular\u0131 tart\u0131\u015fmalar\u0131 alevlendirdi Gizem sonunda \u00e7\u00f6z\u00fcld\u00fc m\u00fc\"\/><\/figure>\n\n\n\n<p>Ancak ara\u015ft\u0131rmac\u0131, Giza piramitlerinde bug\u00fcne kadar hi\u00e7bir kraliyet mumyas\u0131 ya da mezar e\u015fyas\u0131n\u0131n bulunmad\u0131\u011f\u0131n\u0131 vurguluyor. B\u00fcy\u00fck Piramit\u2019te ke\u015ffedilen ve Khufu\u2019ya ait oldu\u011fu d\u00fc\u015f\u00fcn\u00fclen bo\u015f bir lahitin, yap\u0131n\u0131n firavun taraf\u0131ndan in\u015fa edildi\u011fini de\u011fil, yaln\u0131zca onun taraf\u0131ndan sahiplenilmi\u015f olabilece\u011fini g\u00f6sterdi\u011fini savunuyor.<\/p>\n\n\n\n<p><strong>KRAL ODASINDAK\u0130 YAZI SAHTE M\u0130?<\/strong><\/p>\n\n\n\n<p>Ambrosio ayr\u0131ca, firavunlar\u0131 piramitlerin in\u015fas\u0131yla do\u011frudan ili\u015fkilendiren kesin ve \u00e7a\u011fda\u015f bir yaz\u0131t bulunmad\u0131\u011f\u0131n\u0131 \u00f6ne s\u00fcr\u00fcyor.&nbsp;<strong>En \u00e7ok tart\u0131\u015f\u0131lan kan\u0131t ise B\u00fcy\u00fck Piramit\u2019teki Kral Odas\u0131\u2019n\u0131n \u00fczerindeki gizli bo\u015fluklardan birinde k\u0131rm\u0131z\u0131 a\u015f\u0131 boyas\u0131yla yaz\u0131lm\u0131\u015f \u201cKhufu\u201d kartu\u015fu.<\/strong><br><br>Bir\u00e7ok M\u0131s\u0131rbilimci yaz\u0131t\u0131 \u00f6zg\u00fcn kabul etse de, baz\u0131 \u015f\u00fcpheciler 1837\u2019de Albay Howard Vyse taraf\u0131ndan sahte olarak yap\u0131lm\u0131\u015f olabilece\u011fini iddia ediyor.<\/p>\n\n\n\n<p><strong>&#8216;KAYIP B\u0130LG\u0130&#8217; \u0130DD\u0130ASI<\/strong><\/p>\n\n\n\n<p>Geleneksel tarihlendirmeye g\u00f6re yakla\u015f\u0131k 4600 y\u0131l \u00f6nce in\u015fa edilen Giza\u2019daki ana piramitler, son derece hassas ta\u015f kesimi, neredeyse kusursuz d\u00fczl\u00fc\u011fe sahip taban yap\u0131s\u0131 ve y\u0131ld\u0131z tak\u0131my\u0131ld\u0131zlar\u0131yla hizalanm\u0131\u015f konumlar\u0131yla dikkat \u00e7ekiyor.<br><br>\u00d6zellikle B\u00fcy\u00fck Piramit\u2019in Orion tak\u0131my\u0131ld\u0131z\u0131n\u0131n ku\u015fa\u011f\u0131yla hizal\u0131 oldu\u011fu iddias\u0131, alternatif tarih tezlerinin temel dayanaklar\u0131ndan biri olarak \u00f6ne \u00e7\u0131k\u0131yor.<\/p>\n\n\n\n<p>Ambrosio\u2019ya g\u00f6re bu m\u00fchendislik d\u00fczeyi, M\u0131s\u0131r\u2019\u0131n Be\u015finci ve Alt\u0131nc\u0131 Hanedanlar\u0131 d\u00f6neminde in\u015fa edilen daha k\u00fc\u00e7\u00fck piramitlerde tekrarlanmad\u0131. Daha sonraki piramitlerin belirgin bi\u00e7imde daha k\u00fc\u00e7\u00fck oldu\u011fu, daha zay\u0131f malzemelerle yap\u0131ld\u0131\u011f\u0131, \u00e7e\u015fitli in\u015faat hatalar\u0131 i\u00e7erdi\u011fi ve y\u0131ld\u0131z hizalamas\u0131ndan yoksun oldu\u011fu ifade ediliyor. Bu durumun, ileri d\u00fczey bir bilginin zamanla kayboldu\u011funu g\u00f6sterebilece\u011fi \u00f6ne s\u00fcr\u00fcl\u00fcyor.<br><\/p>\n\n\n\n<figure class=\"wp-block-image\"><img decoding=\"async\" src=\"https:\/\/image.hurimg.com\/i\/hurriyet\/90\/770x0\/69a01a2a2340ceaef61e5057.jpg\" alt=\"12 bin y\u0131ll\u0131k s\u0131r: Piramitlerle ilgili \u2018s\u00fcper medeniyet\u2019 bulgular\u0131 tart\u0131\u015fmalar\u0131 alevlendirdi Gizem sonunda \u00e7\u00f6z\u00fcld\u00fc m\u00fc\"\/><\/figure>\n\n\n\n<p><strong>SFENKS VE SU EROZYONU TARTI\u015eMASI<\/strong><\/p>\n\n\n\n<p>Tezin bir di\u011fer dayana\u011f\u0131 ise Giza B\u00fcy\u00fck Sfenksi \u00fczerindeki erozyon izleri. Ambrosio, Sfenks\u2019te g\u00f6r\u00fclen a\u015f\u0131nma desenlerinin \u015fiddetli ya\u011f\u0131\u015flara i\u015faret etti\u011fini, oysa M\u0131s\u0131r ikliminin yakla\u015f\u0131k 7 bin y\u0131ld\u0131r bu t\u00fcr yo\u011fun ya\u011fmurlar \u00fcretmedi\u011fini savunuyor.&nbsp;<br><br>Ara\u015ft\u0131rmac\u0131ya g\u00f6re bu bulgu, Sfenks\u2019in ve dolay\u0131s\u0131yla Giza kompleksinin M\u00d6 3100\u2019de ba\u015flayan M\u0131s\u0131r uygarl\u0131\u011f\u0131ndan \u00f6nce zaten eski ve a\u015f\u0131nm\u0131\u015f oldu\u011funu g\u00f6steriyor.<\/p>\n\n\n\n<p>Benzer g\u00f6r\u00fc\u015fler daha \u00f6nce alternatif tarih \u00e7al\u0131\u015fmalar\u0131yla tan\u0131nan Robert Schoch taraf\u0131ndan da dile getirilmi\u015fti. Schoch,\u00a0<a href=\"https:\/\/www.hurriyet.com.tr\/haberleri\/sfenks\" target=\"_blank\" rel=\"noreferrer noopener\">Sfenks<\/a>\u2019teki dikey erozyon izlerinin ya\u011fmur kaynakl\u0131 olabilece\u011fini savunmu\u015f, bu da yap\u0131n\u0131n geleneksel tarihlendirmeden daha eski olabilece\u011fi tart\u0131\u015fmalar\u0131n\u0131 g\u00fcndeme ta\u015f\u0131m\u0131\u015ft\u0131.<br><br><strong>12 B\u0130N YIL MI, 40 B\u0130N YIL MI?<\/strong><\/p>\n\n\n\n<p>Son ara\u015ft\u0131rmalarda B\u00fcy\u00fck Piramit\u2019in taban\u0131 \u00e7evresindeki 12 noktada yap\u0131lan a\u015f\u0131nma \u00f6l\u00e7\u00fcmlerinin, yap\u0131n\u0131n 12 bin y\u0131ldan daha eski olabilece\u011fine i\u015faret etti\u011fi iddia ediliyor. Hatta Bologna \u00dcniversitesi\u2019nden m\u00fchendis Alberto Donini, a\u015f\u0131nma desenlerinin piramidin 20 bin ila 40 bin y\u0131l \u00f6nce in\u015fa edilmi\u015f olabilece\u011fini g\u00f6sterebilece\u011fini ileri s\u00fcrd\u00fc.<\/p>\n\n\n\n<p>Bu iddialar, ana ak\u0131m arkeoloji \u00e7evrelerinde geni\u015f kabul g\u00f6rm\u00fc\u015f de\u011fil. Ancak alternatif tarih ara\u015ft\u0131rmac\u0131lar\u0131, bulgular\u0131n dikkate al\u0131nmas\u0131 gerekti\u011fini savunuyor.<br><\/p>\n\n\n\n<figure class=\"wp-block-image\"><img decoding=\"async\" src=\"https:\/\/image.hurimg.com\/i\/hurriyet\/90\/770x0\/69a01a442340ceaef61e505c.jpg\" alt=\"12 bin y\u0131ll\u0131k s\u0131r: Piramitlerle ilgili \u2018s\u00fcper medeniyet\u2019 bulgular\u0131 tart\u0131\u015fmalar\u0131 alevlendirdi Gizem sonunda \u00e7\u00f6z\u00fcld\u00fc m\u00fc\"\/><\/figure>\n\n\n\n<p><strong>&#8216;S\u00dcPER MEDEN\u0130YET&#8217; TEZ\u0130<\/strong><\/p>\n\n\n\n<p>Ambrosio\u2019nun \u00e7al\u0131\u015fmas\u0131, Giza\u2019daki yap\u0131lar\u0131 d\u00fcnya genelindeki di\u011fer megalitik alanlarla ili\u015fkilendiriyor. Peru\u2019daki Sacsayhuaman kal\u0131nt\u0131lar\u0131 ve L\u00fcbnan\u2019daki Baalbek antik kenti, benzer dev ta\u015f i\u015f\u00e7ili\u011fi \u00f6rnekleri aras\u0131nda g\u00f6steriliyor. Ara\u015ft\u0131rmac\u0131ya g\u00f6re bu benzerlikler, geli\u015fmi\u015f in\u015faat tekniklerine sahip tek bir eski uygarl\u0131\u011f\u0131n izleri olabilir.<\/p>\n\n\n\n<p>Alternatif tarih yazar\u0131 Graham Hancock ise Antik M\u0131s\u0131r mitolojisindeki&nbsp;<strong>&#8216;Zep Tepi&#8217; (\u0130lk kez ya da ilk zaman)<\/strong>&nbsp;kavram\u0131n\u0131 ger\u00e7ek bir tarihsel d\u00f6neme ba\u011flayarak, yakla\u015f\u0131k M\u00d6 10500\u2019de geli\u015fmi\u015f bir uygarl\u0131\u011f\u0131n var olmu\u015f olabilece\u011fini savunuyor. Zep Tepi, M\u0131s\u0131r inanc\u0131nda tanr\u0131lar\u0131n d\u00fcnyay\u0131 y\u00f6netti\u011fi ilk alt\u0131n \u00e7a\u011f\u0131 ifade ediyor.<\/p>\n\n\n\n<p>Ba\u011f\u0131ms\u0131z ara\u015ft\u0131rmac\u0131 Matthew LaCroix da benzer \u015fekilde, d\u00fcnya genelinde T\u00fcrkiye\u2019nin Van b\u00f6lgesinden G\u00fcney Amerika\u2019ya ve Kambo\u00e7ya\u2019ya kadar ke\u015ffedilen ortak sembollerin, felaket \u00f6ncesi k\u00fcresel bir uygarl\u0131\u011f\u0131n bilgiyi geometri ve an\u0131t mimarisi yoluyla kodlam\u0131\u015f olabilece\u011fini \u00f6ne s\u00fcr\u00fcyor.&nbsp;<br><br><strong>Tekrarlayan T \u015fekilleri, \u00fc\u00e7 seviyeli girintiler ve basamakl\u0131 piramit tasar\u0131mlar\u0131n\u0131n 38 bin ila 40 bin y\u0131l \u00f6ncesine uzanabilece\u011fi iddia ediliyor.<br><\/strong><\/p>\n\n\n\n<figure class=\"wp-block-image\"><img decoding=\"async\" src=\"https:\/\/image.hurimg.com\/i\/hurriyet\/90\/770x0\/69a01a632340ceaef61e505f.jpg\" alt=\"12 bin y\u0131ll\u0131k s\u0131r: Piramitlerle ilgili \u2018s\u00fcper medeniyet\u2019 bulgular\u0131 tart\u0131\u015fmalar\u0131 alevlendirdi Gizem sonunda \u00e7\u00f6z\u00fcld\u00fc m\u00fc\"\/><\/figure>\n\n\n\n<p><strong><br><br><\/strong><strong>B\u0130L\u0130M D\u00dcNYASI NE D\u0130YOR?<\/strong><\/p>\n\n\n\n<p>Ana ak\u0131m M\u0131s\u0131rbilim, Giza piramitlerinin D\u00f6rd\u00fcnc\u00fc Hanedan d\u00f6neminde in\u015fa edildi\u011fi g\u00f6r\u00fc\u015f\u00fcn\u00fc koruyor. Arkeolojik bulgular, i\u015f\u00e7i yerle\u015fimleri, ta\u015f ocaklar\u0131 ve d\u00f6neme ait \u00e7e\u015fitli yaz\u0131tlar bu g\u00f6r\u00fc\u015f\u00fc destekleyen unsurlar aras\u0131nda g\u00f6steriliyor.<\/p>\n\n\n\n<p>Ambrosio\u2019nun \u00e7al\u0131\u015fmas\u0131 hen\u00fcz hakem de\u011ferlendirmesinden ge\u00e7mi\u015f de\u011fil ve bilimsel \u00e7evrelerde geni\u015f \u00e7apl\u0131 kabul g\u00f6rm\u00fc\u015f durumda de\u011fil. Ancak ara\u015ft\u0131rmac\u0131, mevcut tutars\u0131zl\u0131klar\u0131n g\u00f6z ard\u0131 edilmemesi gerekti\u011fini savunuyor.<\/p>\n\n\n\n<p>E\u011fer iddialar do\u011frulan\u0131rsa, bu yaln\u0131zca Antik M\u0131s\u0131r tarihini de\u011fil, insan uygarl\u0131\u011f\u0131n\u0131n ba\u015flang\u0131c\u0131na dair t\u00fcm kronolojiyi k\u00f6kten de\u011fi\u015ftirebilir. \u015eimdilik ise Giza Piramitleri\u2019nin gizemi, hem ana ak\u0131m arkeolojinin hem de alternatif tarih teorilerinin en hararetli tart\u0131\u015fma ba\u015fl\u0131klar\u0131ndan biri olmaya devam ediyor.<\/p>\n\n\n\n<p><strong>G\u0130ZA&#8217;YA DA\u0130R TARTI\u015eMALARDA B\u0130R BA\u015eKA G\u00dcNDEM DAHA VAR<\/strong><\/p>\n\n\n\n<p>Giza\u2019ya ili\u015fkin tart\u0131\u015fmalar yaln\u0131zca AmbrOsio\u2019nun \u00e7al\u0131\u015fmas\u0131yla s\u0131n\u0131rl\u0131 de\u011fil. Son d\u00f6nemde \u0130talyan bilim insan\u0131 Filippo Biondi ve ekibinin y\u00fcr\u00fctt\u00fc\u011f\u00fc radar taramalar\u0131 da uluslararas\u0131 kamuoyunda geni\u015f yank\u0131 uyand\u0131rd\u0131.&nbsp;<br><br>ABD\u2019li yay\u0131nc\u0131 Joe Rogan, podcast program\u0131nda bu bulgulara dikkat \u00e7ekerek piramitlerin yaln\u0131zca mezar yap\u0131lar\u0131 olmayabilece\u011fini, g\u00f6r\u00fcnen an\u0131tlar\u0131n \u00e7ok daha b\u00fcy\u00fck bir yeralt\u0131 kompleksinin \u201cbuzda\u011f\u0131n\u0131n g\u00f6r\u00fcnen k\u0131sm\u0131\u201d olabilece\u011fini dile getirdi.<\/p>\n\n\n\n<p><strong>Y\u00dcZLERCE METRE DER\u0130NL\u0130\u011eE \u0130NEN T\u00dcNEL S\u0130STEM\u0130 TESP\u0130T ED\u0130LD\u0130<\/strong><\/p>\n\n\n\n<p>Biondi\u2019nin&nbsp;<strong>&#8216;Khafre Projesi&#8217;<\/strong>&nbsp;kapsam\u0131nda sentetik a\u00e7\u0131kl\u0131kl\u0131 radar (SAR) teknolojisiyle ger\u00e7ekle\u015ftirdi\u011fi taramalarda, Giza Platosu alt\u0131nda spiral bi\u00e7imde a\u015fa\u011f\u0131 uzand\u0131\u011f\u0131 iddia edilen yakla\u015f\u0131k 2 metre \u00e7ap\u0131nda s\u00fctunlar, bu s\u00fctunlar\u0131n ba\u011fland\u0131\u011f\u0131 80 metre geni\u015fli\u011finde devasa odalar ve y\u00fczlerce metre derinli\u011fe indi\u011fi \u00f6ne s\u00fcr\u00fclen t\u00fcnel sistemleri tespit edildi\u011fi a\u00e7\u0131kland\u0131.<\/p>\n\n\n\n<p>\u0130talya\u2019n\u0131n Cosmo-SkyMed ve ABD merkezli Capella Space uydular\u0131ndan elde edilen verilerle olu\u015fturuldu\u011fu belirtilen \u00fc\u00e7 boyutlu modellemelerin, \u00fc\u00e7 piramit ve Giza B\u00fcy\u00fck Sfenksi\u2019nin alt\u0131nda geni\u015f hacimli bo\u015fluklara i\u015faret etti\u011fi savunuldu.&nbsp;<br><br>Biondi, yap\u0131lar\u0131n geleneksel mezar anlay\u0131\u015f\u0131n\u0131n \u00f6tesinde i\u015flevlere sahip olabilece\u011fini \u00f6ne s\u00fcrerken, fiziksel kaz\u0131 yerine robotik sistemlerle do\u011frulama yap\u0131lmas\u0131n\u0131 ve bunun i\u00e7in yakla\u015f\u0131k 20 milyon dolarl\u0131k bir b\u00fct\u00e7e gerekti\u011fini ifade etti.<\/p>\n\n\n\n<p><strong>&#8216;SA\u00c7MALIK&#8217; OLARAK N\u0130TELEND\u0130RENLER VAR<\/strong><\/p>\n\n\n\n<p>Ancak iddialar bilim d\u00fcnyas\u0131nda sert ele\u015ftirilerle kar\u015f\u0131land\u0131. M\u0131s\u0131r arkeolojisinin \u00f6nde gelen isimlerinden Zahi Hawass, radar\u0131n y\u00fczlerce metre derinli\u011fe ula\u015fabilece\u011fi y\u00f6n\u00fcndeki a\u00e7\u0131klamalar\u0131&nbsp;<strong>\u201csa\u00e7mal\u0131k\u201d<\/strong>olarak nitelendirdi ve tomografik radar sistemlerinin bu \u00f6l\u00e7ekte sonu\u00e7 \u00fcretmesinin teknik olarak m\u00fcmk\u00fcn olmad\u0131\u011f\u0131n\u0131 savundu.&nbsp;<br><br>Hawass\u2019a g\u00f6re, s\u00f6z konusu veriler yanl\u0131\u015f yorumlan\u0131yor ve Giza\u2019daki yap\u0131larla ilgili mevcut arkeolojik kan\u0131tlar D\u00f6rd\u00fcnc\u00fc Hanedan d\u00f6nemini i\u015faret etmeye devam ediyor. Biondi ise ele\u015ftirilere, farkl\u0131 uydu sistemlerinden benzer sonu\u00e7lar elde ettiklerini ve y\u00fczey entropisini analiz ettiklerini belirterek yan\u0131t verdi.<br><\/p>\n\n\n\n<figure class=\"wp-block-image\"><img decoding=\"async\" src=\"https:\/\/image.hurimg.com\/i\/hurriyet\/90\/770x0\/69a01a842340ceaef61e5061.jpg\" alt=\"12 bin y\u0131ll\u0131k s\u0131r: Piramitlerle ilgili \u2018s\u00fcper medeniyet\u2019 bulgular\u0131 tart\u0131\u015fmalar\u0131 alevlendirdi Gizem sonunda \u00e7\u00f6z\u00fcld\u00fc m\u00fc\"\/><\/figure>\n\n\n\n<p><strong>&#8216;ANT\u0130K UZAYLI&#8217; TEOR\u0130LER\u0130 YEN\u0130DEN G\u00dcNDEMDE<\/strong><\/p>\n\n\n\n<p>\u00d6te yandan radar bulgular\u0131, uzun s\u00fcredir pop\u00fcler k\u00fclt\u00fcrde yer bulan &#8216;antik uzayl\u0131&#8217; teorilerini de yeniden g\u00fcndeme ta\u015f\u0131d\u0131. Bu g\u00f6r\u00fc\u015f\u00fcn en bilinen savunucular\u0131ndan Erich von Daniken, 1968\u2019de yay\u0131mlanan Tanr\u0131lar\u0131n Arabalar\u0131 adl\u0131 kitab\u0131nda piramitlerin in\u015fas\u0131nda d\u00fcnya d\u0131\u015f\u0131 varl\u0131klar\u0131n rol alm\u0131\u015f olabilece\u011fini iddia etmi\u015fti.<br><br>Von Daniken, B\u00fcy\u00fck Piramit\u2019in devasa boyutlar\u0131, astronomik hizalamalar\u0131 ve matematiksel oranlar\u0131n\u0131 insanl\u0131k tarihindeki bilinen teknik kapasiteyle a\u00e7\u0131klaman\u0131n zor oldu\u011funu savunmu\u015ftu.&nbsp;<br><br><strong>Kitap d\u00fcnya \u00e7ap\u0131nda milyonlarca sat\u0131\u015fa ula\u015f\u0131rken, tart\u0131\u015fmalar y\u0131llar i\u00e7inde televizyon yap\u0131mlar\u0131na ve sosyal medyaya da ta\u015f\u0131nd\u0131.<\/strong><\/p>\n\n\n\n<p>T\u00fcm bu iddialar,\u00a0<a href=\"https:\/\/www.hurriyet.com.tr\/haberleri\/giza-piramitleri\" target=\"_blank\" rel=\"noreferrer noopener\">Giza Piramitleri<\/a>\u2019nin h\u00e2l\u00e2 neden d\u00fcnyan\u0131n en b\u00fcy\u00fck arkeolojik gizemlerinden biri olarak g\u00f6r\u00fcld\u00fc\u011f\u00fcn\u00fc bir kez daha ortaya koyuyor. Ana ak\u0131m arkeoloji, piramitlerin\u00a0<a href=\"https:\/\/www.hurriyet.com.tr\/haberleri\/antik-misir\" target=\"_blank\" rel=\"noreferrer noopener\">Antik M\u0131s\u0131r<\/a>\u2019\u0131n m\u00fchendislik dehas\u0131n\u0131n \u00fcr\u00fcn\u00fc oldu\u011fu g\u00f6r\u00fc\u015f\u00fcn\u00fc korurken; alternatif teoriler, yeralt\u0131 yap\u0131lar\u0131, kay\u0131p uygarl\u0131klar ve hatta d\u00fcnya d\u0131\u015f\u0131 m\u00fcdahale ihtimalleri \u00fczerinden tart\u0131\u015fmay\u0131 b\u00fcy\u00fct\u00fcyor.\u00a0<br><br>Bilimsel do\u011frulama s\u00fcre\u00e7leri tamamlanmadan kesin yarg\u0131ya varmak m\u00fcmk\u00fcn g\u00f6r\u00fcnmese de, Giza Platosu\u2019nda y\u00fcr\u00fct\u00fclen her yeni \u00e7al\u0131\u015fma, insanl\u0131k tarihine dair bildiklerimizi sorgulamaya devam ediyor.<br><br>16.03.2026,12.35<\/p>\n\n\n\n<p>Kaynak:<a href=\"https:\/\/www.hurriyet.com.tr\/dunya\/12-bin-yillik-sir-piramitlerle-ilgili-super-medeniyet-bulgulari-tartismalari-alevlendirdi-gizem-sonunda-cozuldu-mu-43116957\">https:\/\/www.hurriyet.com.tr\/dunya\/12-bin-yillik-sir-piramitlerle-ilgili-super-medeniyet-bulgulari-tartismalari-alevlendirdi-gizem-sonunda-cozuldu-mu-43116957<\/a><\/p>\n\n\n\n<p><\/p>\n","protected":false},"excerpt":{"rendered":"<p>Giza Piramitleri&#8217;nin k\u00f6kenine dair tart\u0131\u015fmalar, ba\u011f\u0131ms\u0131z ara\u015ft\u0131rmac\u0131 Antonio Ambrosio&#8217;nun ezber bozan iddialar\u0131yla yeniden alevlendi. Piramitlerin Antik M\u0131s\u0131rl\u0131lardan binlerce y\u0131l \u00f6nce, 12 bin y\u0131ll\u0131k kay\u0131p bir &#8220;s\u00fcper medeniyet&#8221; taraf\u0131ndan in\u015fa edildi\u011fini \u00f6ne s\u00fcren Ambrosio, radar taramalar\u0131 ve erozyon bulgular\u0131yla destekledi\u011fi teorisiyle bilim d\u00fcnyas\u0131n\u0131 ikiye b\u00f6ld\u00fc. \u015eimdi herkes ayn\u0131 soruyu soruyor: Piramitler M\u0131s\u0131rl\u0131lar taraf\u0131ndan in\u015fa edilmedi de sadece &#8220;sahiplenildi&#8221; mi?<\/p>\n","protected":false},"author":3,"featured_media":2924,"comment_status":"open","ping_status":"open","sticky":false,"template":"","format":"standard","meta":{"_jetpack_memberships_contains_paid_content":false,"footnotes":""},"categories":[3],"tags":[1104,1103,1102],"class_list":["post-2923","post","type-post","status-publish","format-standard","has-post-thumbnail","hentry","category-dunya","tag-antikmisir","tag-giza","tag-misirpiramitleri"],"jetpack_featured_media_url":"https:\/\/dbsnewsmedia.com\/wp-content\/uploads\/2026\/03\/69a183ffeb59fdefaeb2485c.jpg.webp","jetpack_sharing_enabled":true,"_links":{"self":[{"href":"https:\/\/dbsnewsmedia.com\/index.php?rest_route=\/wp\/v2\/posts\/2923","targetHints":{"allow":["GET"]}}],"collection":[{"href":"https:\/\/dbsnewsmedia.com\/index.php?rest_route=\/wp\/v2\/posts"}],"about":[{"href":"https:\/\/dbsnewsmedia.com\/index.php?rest_route=\/wp\/v2\/types\/post"}],"author":[{"embeddable":true,"href":"https:\/\/dbsnewsmedia.com\/index.php?rest_route=\/wp\/v2\/users\/3"}],"replies":[{"embeddable":true,"href":"https:\/\/dbsnewsmedia.com\/index.php?rest_route=%2Fwp%2Fv2%2Fcomments&post=2923"}],"version-history":[{"count":1,"href":"https:\/\/dbsnewsmedia.com\/index.php?rest_route=\/wp\/v2\/posts\/2923\/revisions"}],"predecessor-version":[{"id":2925,"href":"https:\/\/dbsnewsmedia.com\/index.php?rest_route=\/wp\/v2\/posts\/2923\/revisions\/2925"}],"wp:featuredmedia":[{"embeddable":true,"href":"https:\/\/dbsnewsmedia.com\/index.php?rest_route=\/wp\/v2\/media\/2924"}],"wp:attachment":[{"href":"https:\/\/dbsnewsmedia.com\/index.php?rest_route=%2Fwp%2Fv2%2Fmedia&parent=2923"}],"wp:term":[{"taxonomy":"category","embeddable":true,"href":"https:\/\/dbsnewsmedia.com\/index.php?rest_route=%2Fwp%2Fv2%2Fcategories&post=2923"},{"taxonomy":"post_tag","embeddable":true,"href":"https:\/\/dbsnewsmedia.com\/index.php?rest_route=%2Fwp%2Fv2%2Ftags&post=2923"}],"curies":[{"name":"wp","href":"https:\/\/api.w.org\/{rel}","templated":true}]}}