{"id":2926,"date":"2026-03-16T12:46:24","date_gmt":"2026-03-16T09:46:24","guid":{"rendered":"https:\/\/dbsnewsmedia.com\/?p=2926"},"modified":"2026-03-16T12:46:24","modified_gmt":"2026-03-16T09:46:24","slug":"dunya-akademisinin-ve-turkiyenin-aci-kaybi-yuzyilin-tarihcisi-ilber-ortayli-son-yolculuguna-ugurlaniyor","status":"publish","type":"post","link":"https:\/\/dbsnewsmedia.com\/?p=2926","title":{"rendered":"D\u00fcnya Akademisinin ve T\u00fcrkiye&#8217;nin Ac\u0131 Kayb\u0131: Y\u00fczy\u0131l\u0131n Tarih\u00e7isi \u0130lber Ortayl\u0131 Son Yolculu\u011funa U\u011furlan\u0131yor"},"content":{"rendered":"\n<p>Prof. Dr. \u0130lber Ortayl\u0131 i\u00e7in Galatasaray \u00dcniversitesi\u2019nde anma t\u00f6reni d\u00fczenlenecek. \u00dcnl\u00fc tarih\u00e7i, ikindi namaz\u0131n\u0131n ard\u0131ndan Fatih Camii Haziresi\u2019nde topra\u011fa verilecek. T\u00f6ren nedeniyle Fatih\u2019te baz\u0131 yollar trafi\u011fe kapat\u0131ld\u0131.<\/p>\n\n\n\n<p>Ortayl\u0131 i\u00e7in ilk t\u00f6ren saat 11.00\u2019de Galatasaray \u00dcniversitesi\u2019nde ba\u015flad\u0131. Anma program\u0131n\u0131n ard\u0131ndan usta tarih\u00e7inin cenazesi Fatih Camii\u2019ne g\u00f6t\u00fcr\u00fclecek. Cenaze namaz\u0131, ikindi namaz\u0131n\u0131 m\u00fcteakip k\u0131l\u0131nacak. Ortayl\u0131\u2019n\u0131n naa\u015f\u0131, Fatih Camii Haziresi\u2019nde topra\u011fa verilecek.<\/p>\n\n\n\n<p>Saat 11.00&#8217;de ba\u015flayan t\u00f6ren i\u00e7in Cumhuriyet Halk Partisi Genel Ba\u015fkan\u0131 \u00d6zg\u00fcr \u00d6zel, Galatasaray Ba\u015fkan\u0131 Dursun \u00d6zbek, Ankara B\u00fcy\u00fck\u015fehir Belediye Ba\u015fkan\u0131 Mansur Yava\u015f, CHP Grup Ba\u015fkan Vekili Ali Mahir Ba\u015far\u0131r, Ortayl\u0131\u2019n\u0131n karde\u015fi Nuriye Ortayl\u0131, Anahtar Parti Genel Ba\u015fkan\u0131 Yavuz A\u011f\u0131ralio\u011flu, \u0130BB Ba\u015fkan Vekili Nuri Aslan, AK Parti Hatay Milletvekili H\u00fcseyin Yayman, gazeteci Fatih Altayl\u0131, Prof. Dr. Celal \u015eeng\u00f6r, \u00e7ok say\u0131da akademisyen ve vatanda\u015f \u00fcniversiteye geldi.&nbsp;<\/p>\n\n\n\n<p>Galatasaray \u00dcniversitesi\u2019nde yap\u0131lan anma t\u00f6renine; tutuklu \u0130stanbul B\u00fcy\u00fck\u015fehir Belediye Ba\u015fkan\u0131 Ekrem \u0130mamo\u011flu, K\u00fclt\u00fcr ve Turizm Bakan\u0131 Mehmet Nuri Ersoy,\u0130yi Parti Genel Ba\u015fkan\u0131 M\u00fcsavat Dervi\u015fo\u011flu, \u0130BB Ba\u015fkan Vekili Nuri Aslan \u00e7elenk g\u00f6nderdi.<\/p>\n\n\n\n<p>NTV canl\u0131 yay\u0131n\u0131na konuk olan Do\u00e7. Dr. Ali Faik Demir, \u0130lber Hoca&#8217;n\u0131n \u00f6\u011frencisi oldu\u011funu ve \u00e7ok \u00fczg\u00fcn oldu\u011funu ifade etti. Ortayl\u0131 i\u00e7in \u201cYa\u015fayan bir k\u00fct\u00fcphaneydi\u201d diyen Demir, \u201cBir \u00fcniversite \u00f6n\u00fcnde bu kuyru\u011fu hi\u00e7 g\u00f6rmedim. Nas\u0131l bir sevgi ki bu so\u011fuk havada t\u00f6ren i\u00e7in bir s\u00fcr\u00fc insan buraya gelmi\u015f. Bu \u00e7ok az insana nasip olabilecek bir \u015fey bence. Hoca s\u00f6ylediklerini yapt\u0131 ve yapt\u0131klar\u0131n\u0131 s\u00f6yledi.&nbsp;<\/p>\n\n\n\n<p>Prof. Dr. Deniz \u00dclke Kaynak da &#8220;Hepimizin ba\u015f\u0131 sa\u011f olsun. Benim i\u00e7in \u00e7ok \u00f6zel biriydi. Onu bir kutup y\u0131ld\u0131z\u0131 olarak g\u00f6rd\u00fcm akademi d\u00fcnyas\u0131 i\u00e7in, bilimin toplumla bulu\u015fabilmesi ad\u0131na \u00e7ok b\u00fcy\u00fck bir gayret sarf etti. Hep halk\u0131n i\u00e7erisindeydi. Anlatmak, bildi\u011fini aktarmak i\u00e7in \u00e7ok b\u00fcy\u00fck bir efor sarf etti. Arkas\u0131ndan \u00f6ld\u00fc de\u011fil, g\u00fczel ya\u015fad\u0131 diyebilece\u011fimiz biri. Bir \u00f6mre \u00e7ok fazla \u00f6m\u00fcr s\u0131\u011fd\u0131rd\u0131&#8221; dedi.<\/p>\n\n\n\n<h2 class=\"wp-block-heading\">&#8220;Ya\u015famaya doyamam\u0131\u015f bu adamla daha g\u00fcl\u00fcnecek \u00e7ok an vard\u0131&#8221;<\/h2>\n\n\n\n<p>Ortayl\u0131&#8217;n\u0131n k\u0131z\u0131 Tuna Ortayl\u0131, &#8220;Bu kurumun bir par\u00e7as\u0131 olmaktan b\u00fcy\u00fck bir mutluluk ve onur duymu\u015f bu meslekta\u015f\u0131n\u0131z\u0131 sizler de her zaman sevgi ve sayg\u0131yla kucaklad\u0131n\u0131z. Bunun i\u00e7in sizlere minnettar\u0131m. Babam\u0131n evi olarak g\u00f6rd\u00fc\u011f\u00fc Galatasaray \u00fcniversitesinde babam\u0131n an\u0131s\u0131n\u0131 payla\u015ft\u0131\u011f\u0131n\u0131z i\u00e7in hepinize te\u015fekk\u00fcr ederim. Hastane s\u00fcrecinde etraf\u0131 kitaplar\u0131, s\u00f6zl\u00fckleri ve gazetelerle \u00e7evriliyken bir yandan da \u00e7\u0131kacak kitab\u0131n\u0131n tashihini yap\u0131yordu. D\u00fcn Kronik Kitap\u2019taki odas\u0131na girdi\u011fimde masas\u0131n\u0131n \u00fczerinde yar\u0131m kalan tashihi g\u00f6rmek i\u00e7imi ac\u0131tt\u0131. D\u00fc\u015f\u00fcn\u00fcnce, hayat\u0131n\u0131 dolu dolu ya\u015fam\u0131\u015f ama hala ya\u015famaya doyamam\u0131\u015f bu adamla baba olarak daha gezilecek \u00e7ok yer, torunlar\u0131yla ge\u00e7irece\u011fi \u00e7ok vakit, yap\u0131lacak \u00e7ok i\u015f ve g\u00fcl\u00fcnecek \u00e7ok an vard\u0131. Ben kendisiyle ilgili olarak bir tek bunlara hay\u0131flan\u0131yorum. Umar\u0131m sizler de \u0130lber Hocay\u0131 d\u00fc\u015f\u00fcn\u00fcnce sadece birlikte yap\u0131lmam\u0131\u015f \u015feylerin buruklu\u011funu hissediyorsunuzdur&#8221; dedi.&nbsp;<\/p>\n\n\n\n<h2 class=\"wp-block-heading\">Fatih Camii Haziresi&#8217;ne defnedilecek 10. ki\u015fi olacak<\/h2>\n\n\n\n<p>Ortayl\u0131, Fatih Sultan Mehmed\u2019in t\u00fcrbesinin de bulundu\u011fu bu hazireye Cumhuriyet d\u00f6neminde defnedilen 10. isim olacak. Hazirede ba\u015fta Fatih Sultan Mehmed\u2019in t\u00fcrbesi olmak \u00fczere, e\u015fi ve II. Bayezid\u2019in annesi G\u00fclbahar Valide Hatun, Gazi Osman Pa\u015fa, Sadrazam Gazi Ahmed Muhtar Pa\u015fa ve yazar Ahmed Midhat Efendi gibi pek \u00e7ok \u00f6nemli ismin kabri bulunuyor. Ahmed Cevdet Pa\u015fa\u2019n\u0131n kabri de Fatih Camii Haziresi\u2019nde yer al\u0131yor.&nbsp;<\/p>\n\n\n\n<p>Cumhuriyet d\u00f6neminde buraya defnedilen isimler aras\u0131nda Ortayl\u0131\u2019n\u0131n hocas\u0131 olan \u00fcnl\u00fc tarih\u00e7i Halil \u0130nalc\u0131k&#8217;\u0131n yan\u0131 s\u0131ra, Harbiye Naz\u0131r\u0131 \u015eevket Turgut Pa\u015fa, \u0130slam alimi Ahmed T\u00e2hir Mar\u00e2\u015f\u00ee, asker ve siyaset\u00e7i Pertev Demirhan, Fatih Camii Vaizi ve Eski Fatih M\u00fcft\u00fcs\u00fc \u0130brahim Suba\u015f\u0131, tarih\u00e7iler Semavi Eyice ve Kemal Karpat, eski \u0130stanbul B\u00fcy\u00fck\u015fehir Belediye Ba\u015fkan\u0131 Kadir Topba\u015f ile \u0130slam alimi Muhammed Emin Sara\u00e7 yer al\u0131yor.<\/p>\n\n\n\n<h2 class=\"wp-block-heading\">\u0130stanbul&#8217;daki baz\u0131 sokaklar trafi\u011fe kapat\u0131ld\u0131.<\/h2>\n\n\n\n<p>\u0130stanbul Emniyet M\u00fcd\u00fcrl\u00fc\u011f\u00fc Trafik Denetleme \u015eube M\u00fcd\u00fcrl\u00fc\u011f\u00fc de cenaze t\u00f6reni nedeniyle Fatih\u2019te baz\u0131 yollar\u0131n trafi\u011fe kapat\u0131laca\u011f\u0131n\u0131 a\u00e7\u0131klad\u0131. Buna g\u00f6re bug\u00fcn saat 09.00\u2019dan itibaren \u0130tfaiye Caddesi, B\u00fcy\u00fck Karaman Caddesi, Aslanhane Sokak, M\u0131h\u00e7\u0131lar Caddesi, Manisal\u0131 F\u0131r\u0131n Sokak, Taylasan Sokak, Hulusi Noyan Sokak, Nalbant Demir Sokak, Hattat Nazif Sokak ve Fatih T\u00fcrbesi Sokak ara\u00e7 trafi\u011fine kapat\u0131lacak. Alternatif g\u00fczerg\u00e2h olarak K\u0131z Ta\u015f\u0131 Caddesi ile Haydar Bey Caddesi\u2019nin kullan\u0131labilece\u011fi bildirildi.<\/p>\n\n\n\n<p>Fatih Camii Haziresi, Osmanl\u0131 ve Cumhuriyet d\u00f6neminden bir\u00e7ok \u00f6nemli ismin mezar\u0131n\u0131 bar\u0131nd\u0131r\u0131yor. Fatih Sultan Mehmed\u2019in kabri de caminin avlusunda, kendi ad\u0131na yapt\u0131r\u0131lan t\u00fcrbede bulunuyor. Hazirede ayr\u0131ca tarih\u00e7i Prof. Dr. Halil \u0130nalc\u0131k, sanat tarih\u00e7isi Semavi Eyice, tarih\u00e7i Kemal Karpat ve eski \u0130stanbul B\u00fcy\u00fck\u015fehir Belediye Ba\u015fkan\u0131 Kadir Topba\u015f\u2019\u0131n kabirleri de yer al\u0131yor.<\/p>\n\n\n\n<p>16.03.2026,12.45<\/p>\n\n\n\n<p>Kaynak:<a href=\"https:\/\/gazeteoksijen.com\/turkiye\/ilber-ortayli-icin-cenaze-toreni-duzenlenecek-268868\">https:\/\/gazeteoksijen.com\/turkiye\/ilber-ortayli-icin-cenaze-toreni-duzenlenecek-268868<\/a><\/p>\n","protected":false},"excerpt":{"rendered":"<p>T\u00fcrkiye&#8217;nin yeti\u015ftirdi\u011fi en b\u00fcy\u00fck entelekt\u00fcellerden biri olan ve eserleriyle d\u00fcnya tarih yaz\u0131m\u0131nda silinmez bir iz b\u0131rakan Prof. Dr. \u0130lber Ortayl\u0131, siyaset, bilim ve medya d\u00fcnyas\u0131n\u0131 bir araya getiren tarihi bir t\u00f6renle son yolculu\u011funa u\u011furlan\u0131yor. \u00dclkeyi ve k\u00fcresel akademi camias\u0131n\u0131 yasa bo\u011fan vefat\u0131n ard\u0131ndan, &#8220;ya\u015fayan k\u00fct\u00fcphane&#8221; lakapl\u0131 usta tarih\u00e7i, Galatasaray \u00dcniversitesi&#8217;ndeki anma program\u0131n\u0131n ard\u0131ndan Fatih Camii Haziresi&#8217;nde, imparatorluklar\u0131n ve cumhuriyetin dev isimlerinin yan\u0131na defnedilecek.<\/p>\n","protected":false},"author":3,"featured_media":2927,"comment_status":"open","ping_status":"open","sticky":false,"template":"","format":"standard","meta":{"_jetpack_memberships_contains_paid_content":false,"footnotes":""},"categories":[3],"tags":[1106],"class_list":["post-2926","post","type-post","status-publish","format-standard","has-post-thumbnail","hentry","category-dunya","tag-ilberortayli-tarihincinari-dunyagundemi-turkiyeyasta"],"jetpack_featured_media_url":"https:\/\/dbsnewsmedia.com\/wp-content\/uploads\/2026\/03\/ilber-ortayli-iyi-yasamayi-boyle-tarif-etmisti-bos-durdugunu-hissettigin-an-kotusun-g6d5.jpg","jetpack_sharing_enabled":true,"_links":{"self":[{"href":"https:\/\/dbsnewsmedia.com\/index.php?rest_route=\/wp\/v2\/posts\/2926","targetHints":{"allow":["GET"]}}],"collection":[{"href":"https:\/\/dbsnewsmedia.com\/index.php?rest_route=\/wp\/v2\/posts"}],"about":[{"href":"https:\/\/dbsnewsmedia.com\/index.php?rest_route=\/wp\/v2\/types\/post"}],"author":[{"embeddable":true,"href":"https:\/\/dbsnewsmedia.com\/index.php?rest_route=\/wp\/v2\/users\/3"}],"replies":[{"embeddable":true,"href":"https:\/\/dbsnewsmedia.com\/index.php?rest_route=%2Fwp%2Fv2%2Fcomments&post=2926"}],"version-history":[{"count":1,"href":"https:\/\/dbsnewsmedia.com\/index.php?rest_route=\/wp\/v2\/posts\/2926\/revisions"}],"predecessor-version":[{"id":2928,"href":"https:\/\/dbsnewsmedia.com\/index.php?rest_route=\/wp\/v2\/posts\/2926\/revisions\/2928"}],"wp:featuredmedia":[{"embeddable":true,"href":"https:\/\/dbsnewsmedia.com\/index.php?rest_route=\/wp\/v2\/media\/2927"}],"wp:attachment":[{"href":"https:\/\/dbsnewsmedia.com\/index.php?rest_route=%2Fwp%2Fv2%2Fmedia&parent=2926"}],"wp:term":[{"taxonomy":"category","embeddable":true,"href":"https:\/\/dbsnewsmedia.com\/index.php?rest_route=%2Fwp%2Fv2%2Fcategories&post=2926"},{"taxonomy":"post_tag","embeddable":true,"href":"https:\/\/dbsnewsmedia.com\/index.php?rest_route=%2Fwp%2Fv2%2Ftags&post=2926"}],"curies":[{"name":"wp","href":"https:\/\/api.w.org\/{rel}","templated":true}]}}