{"id":4224,"date":"2026-03-29T20:16:26","date_gmt":"2026-03-29T17:16:26","guid":{"rendered":"https:\/\/dbsnewsmedia.com\/?p=4224"},"modified":"2026-03-29T20:16:26","modified_gmt":"2026-03-29T17:16:26","slug":"ajet-seferleri-iptal-mi-ajetten-gelen-aciklama","status":"publish","type":"post","link":"https:\/\/dbsnewsmedia.com\/?p=4224","title":{"rendered":"AJet seferleri iptal mi? AJet\u2019ten gelen a\u00e7\u0131klama!"},"content":{"rendered":"\n<p>29.03.2026 19:30<\/p>\n\n\n\n<h3 class=\"wp-block-heading\">\u0130stanbul\u2019da etkili olan olumsuz&nbsp;<a href=\"https:\/\/www.gazetevatan.com\/haberleri\/hava-sartlari\" target=\"_blank\" rel=\"noreferrer noopener\">hava \u015fartlar\u0131<\/a>&nbsp;nedeniyle AJet,&nbsp;<a href=\"https:\/\/www.gazetevatan.com\/haberleri\/sabiha-gokcen-havalimani\" target=\"_blank\" rel=\"noreferrer noopener\">Sabiha G\u00f6k\u00e7en Havaliman\u0131<\/a>&nbsp;kalk\u0131\u015fl\u0131 ve var\u0131\u015fl\u0131 51 seferin iptal edildi\u011fini, 11 seferin ise farkl\u0131 havalimanlar\u0131na y\u00f6nlendirildi\u011fini duyurdu.<\/h3>\n\n\n\n<p>\u0130stanbul\u2019da etkisini s\u00fcrd\u00fcren k\u00f6t\u00fc&nbsp;<a href=\"https:\/\/www.gazetevatan.com\/haberleri\/hava-sartlari\" target=\"_blank\" rel=\"noreferrer noopener\">hava \u015fartlar\u0131<\/a>, hava ula\u015f\u0131m\u0131n\u0131 olumsuz etkilemeye devam ediyor. Meteorolojik Acil Durum Komitesi (MADK) taraf\u0131ndan al\u0131nan k\u0131s\u0131tlama karar\u0131 do\u011frultusunda,&nbsp;<a href=\"https:\/\/www.gazetevatan.com\/haberleri\/sabiha-gokcen-havalimani\" target=\"_blank\" rel=\"noreferrer noopener\">Sabiha G\u00f6k\u00e7en Havaliman\u0131<\/a>&nbsp;kalk\u0131\u015fl\u0131 ve var\u0131\u015fl\u0131 u\u00e7u\u015flarda d\u00fczenlemeye gidildi.<\/p>\n\n\n\n<p>Konuya ili\u015fkin AJet\u2019ten yap\u0131lan a\u00e7\u0131klamada, 29 Mart Pazar g\u00fcn\u00fc planlanan 51 seferin iptal edildi\u011fi bildirildi.&nbsp;<a href=\"https:\/\/www.gazetevatan.com\/haberleri\/hava-muhalefeti\" target=\"_blank\" rel=\"noreferrer noopener\">Hava muhalefeti<\/a>&nbsp;nedeniyle ini\u015f yapamayan 11 u\u00e7a\u011f\u0131n ise g\u00fcvenli liman olarak belirlenen di\u011fer havalimanlar\u0131na (divert) y\u00f6nlendirildi\u011fi kaydedildi. Operasyonlar\u0131n u\u00e7u\u015f emniyetinden \u00f6d\u00fcn verilmeden s\u00fcrd\u00fcr\u00fcld\u00fc\u011f\u00fc vurgulan\u0131rken; hava \u015fartlar\u0131n\u0131n seyrine g\u00f6re yeni iptal ve y\u00f6nlendirmelerin ya\u015fanabilece\u011fi uyar\u0131s\u0131nda bulunuldu.<\/p>\n\n\n\n<p>\u00d6te yandan, yolcular\u0131n herhangi bir ma\u011fduriyet ya\u015famamas\u0131 i\u00e7in ileti\u015fim kanallar\u0131 \u00fczerinden bilgilendirmelerin devam etti\u011fi aktar\u0131l\u0131rken, seyahat \u00f6ncesi u\u00e7u\u015flar\u0131n\u0131n g\u00fcncel durumunun AJet internet sitesi veya mobil uygulama \u00fczerinden kontrol edilmesi gerekti\u011fi belirtildi.<\/p>\n\n\n\n<p>Kom\u015fu Haber:Open News Media:<a href=\"https:\/\/opennewsmedia.com\/2026\/03\/29\/ajet-seferleri-iptal-mi-ajetten-gelen-aciklama\/\">https:\/\/opennewsmedia.com\/2026\/03\/29\/ajet-seferleri-iptal-mi-ajetten-gelen-aciklama\/<\/a><\/p>\n\n\n\n<p>Kaynak:<a href=\"https:\/\/www.gazetevatan.com\/gundem\/ajet-seferleri-iptal-edildi-mi-ajetten-aciklama-geldi-2359707\">https:\/\/www.gazetevatan.com\/gundem\/ajet-seferleri-iptal-edildi-mi-ajetten-aciklama-geldi-2359707<\/a><\/p>\n\n\n\n<p>G\u00f6rsel Kaynak:<a href=\"https:\/\/www.turizmgunlugu.com\/\">https:\/\/www.turizmgunlugu.com\/<\/a><\/p>\n","protected":false},"excerpt":{"rendered":"<p>29.03.2026 19:30 \u0130stanbul\u2019da etkili olan olumsuz&nbsp;hava \u015fartlar\u0131&nbsp;nedeniyle AJet,&nbsp;Sabiha G\u00f6k\u00e7en Havaliman\u0131&nbsp;kalk\u0131\u015fl\u0131 ve var\u0131\u015fl\u0131 51 seferin iptal edildi\u011fini, 11 seferin ise farkl\u0131 havalimanlar\u0131na y\u00f6nlendirildi\u011fini duyurdu. \u0130stanbul\u2019da etkisini s\u00fcrd\u00fcren k\u00f6t\u00fc&nbsp;hava \u015fartlar\u0131, hava ula\u015f\u0131m\u0131n\u0131 olumsuz etkilemeye devam ediyor. Meteorolojik Acil Durum Komitesi (MADK) taraf\u0131ndan al\u0131nan k\u0131s\u0131tlama karar\u0131 do\u011frultusunda,&nbsp;Sabiha G\u00f6k\u00e7en Havaliman\u0131&nbsp;kalk\u0131\u015fl\u0131 ve var\u0131\u015fl\u0131 u\u00e7u\u015flarda d\u00fczenlemeye gidildi. Konuya ili\u015fkin AJet\u2019ten yap\u0131lan&#8230;<\/p>\n","protected":false},"author":3,"featured_media":4225,"comment_status":"open","ping_status":"open","sticky":false,"template":"","format":"standard","meta":{"_jetpack_memberships_contains_paid_content":false,"footnotes":""},"categories":[11],"tags":[375],"class_list":["post-4224","post","type-post","status-publish","format-standard","has-post-thumbnail","hentry","category-turizm","tag-turizm"],"jetpack_featured_media_url":"https:\/\/dbsnewsmedia.com\/wp-content\/uploads\/2026\/03\/eurocontrol-1.jpg","jetpack_sharing_enabled":true,"_links":{"self":[{"href":"https:\/\/dbsnewsmedia.com\/index.php?rest_route=\/wp\/v2\/posts\/4224","targetHints":{"allow":["GET"]}}],"collection":[{"href":"https:\/\/dbsnewsmedia.com\/index.php?rest_route=\/wp\/v2\/posts"}],"about":[{"href":"https:\/\/dbsnewsmedia.com\/index.php?rest_route=\/wp\/v2\/types\/post"}],"author":[{"embeddable":true,"href":"https:\/\/dbsnewsmedia.com\/index.php?rest_route=\/wp\/v2\/users\/3"}],"replies":[{"embeddable":true,"href":"https:\/\/dbsnewsmedia.com\/index.php?rest_route=%2Fwp%2Fv2%2Fcomments&post=4224"}],"version-history":[{"count":1,"href":"https:\/\/dbsnewsmedia.com\/index.php?rest_route=\/wp\/v2\/posts\/4224\/revisions"}],"predecessor-version":[{"id":4226,"href":"https:\/\/dbsnewsmedia.com\/index.php?rest_route=\/wp\/v2\/posts\/4224\/revisions\/4226"}],"wp:featuredmedia":[{"embeddable":true,"href":"https:\/\/dbsnewsmedia.com\/index.php?rest_route=\/wp\/v2\/media\/4225"}],"wp:attachment":[{"href":"https:\/\/dbsnewsmedia.com\/index.php?rest_route=%2Fwp%2Fv2%2Fmedia&parent=4224"}],"wp:term":[{"taxonomy":"category","embeddable":true,"href":"https:\/\/dbsnewsmedia.com\/index.php?rest_route=%2Fwp%2Fv2%2Fcategories&post=4224"},{"taxonomy":"post_tag","embeddable":true,"href":"https:\/\/dbsnewsmedia.com\/index.php?rest_route=%2Fwp%2Fv2%2Ftags&post=4224"}],"curies":[{"name":"wp","href":"https:\/\/api.w.org\/{rel}","templated":true}]}}