{"id":4324,"date":"2026-03-30T15:23:10","date_gmt":"2026-03-30T12:23:10","guid":{"rendered":"https:\/\/dbsnewsmedia.com\/?p=4324"},"modified":"2026-03-30T15:23:10","modified_gmt":"2026-03-30T12:23:10","slug":"sanat-kampuse-geri-dondu-odtu-sanat-yeniden-sahada","status":"publish","type":"post","link":"https:\/\/dbsnewsmedia.com\/?p=4324","title":{"rendered":"Sanat Kamp\u00fcse Geri D\u00f6nd\u00fc: ODT\u00dc Sanat Yeniden Sahada"},"content":{"rendered":"\n<p>30.03.2026  15:22<\/p>\n\n\n\n<p>1999\u2019da \u201c\u00f6\u011frenci burs fonu\u201dna katk\u0131 sa\u011flamak amac\u0131yla ba\u015flat\u0131lan Ortado\u011fu Teknik \u00dcniversitesi (ODT\u00dc) Sanat, alt\u0131 y\u0131ll\u0131k aran\u0131n ard\u0131ndan \u00fcniversitenin 70. y\u0131l\u0131 dolay\u0131s\u0131yla yeniden ba\u015flad\u0131.<\/p>\n\n\n\n<p>\u00d6nceki g\u00fcn ba\u015flayan program, 4 Nisan\u2019a kadar devam edecek. Elde edilecek gelirin \u201cODT\u00dc \u00d6\u011frenci Burs Fonu\u201dna aktar\u0131laca\u011f\u0131 ve \u00f6\u011frencilerin e\u011fitimine destek sa\u011flayan s\u00fcrd\u00fcr\u00fclebilir bir dayan\u0131\u015fma a\u011f\u0131 olarak ya\u015fam\u0131na devam edece\u011fi program, T\u00fcrkiye \u0130\u015f Bankas\u0131\u2019n\u0131n katk\u0131lar\u0131yla ya\u015fama ge\u00e7ti.<\/p>\n\n\n\n<p>Festival, Kemal Kurda\u015f K\u00fclt\u00fcr ve Kongre Merkezi (KKM) ba\u015fta olmak \u00fczere kamp\u00fcs\u00fcn farkl\u0131 noktalar\u0131na yay\u0131l\u0131yor. Festivalin ilk g\u00fcn\u00fcnde KKM Fuaye\u2019de, \u201cODT\u00dc\u2019de Sanat\/60. Y\u0131l+70. Kurulu\u015f Y\u0131l\u0131 Sergisi\u201d sanatseverlerle bulu\u015ftu. Sergiyle birlikte Amir Ahmadoghlu, Ecem Dilan K\u00f6se, K\u00fcntay Tar\u0131k Evren, Molektif\u2019in (Ekin K\u0131l\u0131\u00e7 Ezer-\u00d6zbir Erciyas) yerle\u015ftirmeleri ile, Balkan Kar\u0131\u015fman, Burak Dirgen, Cem Sonel, dist.es (Bilge G\u00fcnay \u0130\u00e7\u00f6z\u00fc-Ilg\u0131n \u0130\u00e7\u00f6z\u00fc), Ecem Dilan K\u00f6se ve Sel\u00e7uk Artut\u2019un dijital eserleri sergilendi. ODT\u00dc Rekt\u00f6r\u00fc Prof. Dr. Ahmet Yozgatl\u0131gil yapt\u0131\u011f\u0131 konu\u015fmada, ODT\u00dc Sanat\u2019\u0131 ait oldu\u011fu yere yeniden getirdiklerini s\u00f6yleyerek \u201cGazi Mustafa Kemal Atat\u00fcrk\u2019\u00fcn o me\u015fhur s\u00f6ylevini hat\u0131rlayal\u0131m; bir toplumun sanat damar\u0131 koptuysa hayatiyetini de kaybetmi\u015f demektir. Biz de bug\u00fcn, bir s\u00fcredir eksikli\u011fini hissetti\u011fimiz o ba\u011f\u0131, eskisinden \u00e7ok daha g\u00fc\u00e7l\u00fc bir \u015fekilde yeniden aya\u011fa kald\u0131r\u0131yoruz.<\/p>\n\n\n\n<p>Tiyatrodan m\u00fczi\u011fe, foto\u011fraftan dijital sanatlara kadar sanat\u0131n her rengini \u00f6\u011frencilerimizle, mezunlar\u0131m\u0131zla ve t\u00fcm Ankaral\u0131larla bulu\u015fturmak istiyoruz. Bu sene sekiz g\u00fcn s\u00fcrecek etkinliklerimizi binalara hapseden o eski anlay\u0131\u015f\u0131 bir kenara b\u0131rakt\u0131k; sanatla ya\u015fayan bir kamp\u00fcs hayal ettik. \u0130stiyoruz ki o \u00e7ok sevdi\u011fimiz Alle\u2019den kamp\u00fcs\u00fcn en u\u00e7 noktalar\u0131na kadar her yer sanatla dolsun, her k\u00f6\u015fe bu heyecan\u0131 payla\u015fs\u0131n\u201d dedi. Yozgatl\u0131gil s\u00f6zlerini \u015f\u00f6yle noktalad\u0131: \u201cS\u00f6zlerimi yine Ata\u2019m\u0131z\u0131n o unutulmaz tespitiyle bitirece\u011fim: Hepimiz birer milletvekili, bakan, bilim insan\u0131 olduk ama bug\u00fcn ODT\u00dc Sanat\u2019ta sanat\u00e7\u0131lar\u0131m\u0131za duydu\u011fumuz o derin sayg\u0131, hayranl\u0131k ve bitmeyen alk\u0131\u015flar\u0131m\u0131zla tek bir y\u00fcrek olaca\u011f\u0131z.\u201d<\/p>\n\n\n\n<h2 class=\"wp-block-heading\"><strong>Fatih Erko\u00e7 konserde hem s\u00f6yledi hem foto\u011fraf \u00e7ekti<\/strong><\/h2>\n\n\n\n<p>A\u00e7\u0131l\u0131\u015f\u0131n beklenen konserinde Kerem G\u00f6rsev Quartet ve Fatih Erko\u00e7 sahneye \u00e7\u0131kt\u0131\u011f\u0131nda KKM\u2019de alk\u0131\u015f tufan\u0131 koptu. Piyanoda Kerem G\u00f6rsev, kontrbasta Ka\u011fan Y\u0131ld\u0131z, davulda Ferit Odman ve saksofonda Engin Recepo\u011fullar\u0131\u2019ndan olu\u015fan grup, Erko\u00e7 e\u015fli\u011finde yakla\u015f\u0131k bir bu\u00e7uk saatlik konser verdi.<\/p>\n\n\n\n<p>Gecenin en dikkat \u00e7ekici anlar\u0131, Fatih Erko\u00e7\u2019un foto\u011fraf sevdas\u0131yla s\u00fcrekli foto\u011fraf \u00e7ekti\u011fi anlard\u0131. Erko\u00e7, Ferit Odman\u2019\u0131n foto\u011fraflar\u0131n\u0131 \u00e7ekerken, \u015fark\u0131y\u0131 ka\u00e7\u0131rd\u0131 ve t\u00fcm salona e\u011flenceli anlar ya\u015fatt\u0131.<\/p>\n\n\n\n<h2 class=\"wp-block-heading\"><strong>&#8220;Ba\u015fka Sinema Rota&#8221; bug\u00fcn yay\u0131ylanacak<\/strong><\/h2>\n\n\n\n<p>Festival kapsam\u0131nda d\u00fcn ak\u015fam sahnede Erkan O\u011fur-\u0130smail Hakk\u0131 Demircio\u011flu vard\u0131. Yar\u0131n Yeni T\u00fcrk\u00fc\u2019n\u00fcn konser verece\u011fi festival program\u0131nda \u015eakal\u0131 Akustik (Harun Tekin-Koray Candemir), TRT Hafif M\u00fczik ve Caz Orkestras\u0131-Sibel K\u00f6se, Faz\u0131l Say, Una Noche En La Habana ve Dhafer Youssef\u2019in yan\u0131 s\u0131ra bug\u00fcn saat 17.00\u2019de, ODT\u00dc M\u00fczik Ve G\u00fczel Sanatlar B\u00f6l\u00fcm\u00fc \u00f6n\u00fcnde, rap m\u00fczik sanat\u00e7\u0131s\u0131 \u00c7a\u011fr\u0131 Sinci Piano Live Sessions konseri de yap\u0131lacak. Festival kapsam\u0131nda at\u00f6lyeler, paneller ve s\u00f6yle\u015filer de yer al\u0131yor. Ba\u015fka Sinema da festivale katk\u0131 sunuyor. Bug\u00fcn saat 18.00\u2019de, \u201cBa\u015fka Sinema Rota\u201d kapsam\u0131nda Yorgos Lanthimos\u2019un y\u00f6netti\u011fi \u201cBugonia\u201d filmi g\u00f6sterilecek. Festivalin ayr\u0131nt\u0131lar\u0131 i\u00e7in ODT\u00dc Sanat\u2019\u0131n Instagram hesab\u0131 \u201codt\u00fcsanat70\u201d adresi ziyaret edilebilir.<\/p>\n\n\n\n<p>Kaynak:<a href=\"https:\/\/www.cumhuriyet.com.tr\/kultur-sanat\/odtu-sanat-alti-yillik-bir-aranin-ardindan-genis-bir-programla-basladi-sanat-kampuse-yeniden-geldi-2490671\">https:\/\/www.cumhuriyet.com.tr\/kultur-sanat\/odtu-sanat-alti-yillik-bir-aranin-ardindan-genis-bir-programla-basladi-sanat-kampuse-yeniden-geldi-2490671<\/a><\/p>\n","protected":false},"excerpt":{"rendered":"<p>30.03.2026 15:22 1999\u2019da \u201c\u00f6\u011frenci burs fonu\u201dna katk\u0131 sa\u011flamak amac\u0131yla ba\u015flat\u0131lan Ortado\u011fu Teknik \u00dcniversitesi (ODT\u00dc) Sanat, alt\u0131 y\u0131ll\u0131k aran\u0131n ard\u0131ndan \u00fcniversitenin 70. y\u0131l\u0131 dolay\u0131s\u0131yla yeniden ba\u015flad\u0131. \u00d6nceki g\u00fcn ba\u015flayan program, 4 Nisan\u2019a kadar devam edecek. Elde edilecek gelirin \u201cODT\u00dc \u00d6\u011frenci Burs Fonu\u201dna aktar\u0131laca\u011f\u0131 ve \u00f6\u011frencilerin e\u011fitimine destek sa\u011flayan s\u00fcrd\u00fcr\u00fclebilir bir dayan\u0131\u015fma a\u011f\u0131 olarak ya\u015fam\u0131na devam edece\u011fi&#8230;<\/p>\n","protected":false},"author":5,"featured_media":4325,"comment_status":"open","ping_status":"open","sticky":false,"template":"","format":"standard","meta":{"_jetpack_memberships_contains_paid_content":false,"footnotes":""},"categories":[10],"tags":[1504],"class_list":["post-4324","post","type-post","status-publish","format-standard","has-post-thumbnail","hentry","category-kultur-sanat","tag-odtu"],"jetpack_featured_media_url":"https:\/\/dbsnewsmedia.com\/wp-content\/uploads\/2026\/03\/12-2.webp","jetpack_sharing_enabled":true,"_links":{"self":[{"href":"https:\/\/dbsnewsmedia.com\/index.php?rest_route=\/wp\/v2\/posts\/4324","targetHints":{"allow":["GET"]}}],"collection":[{"href":"https:\/\/dbsnewsmedia.com\/index.php?rest_route=\/wp\/v2\/posts"}],"about":[{"href":"https:\/\/dbsnewsmedia.com\/index.php?rest_route=\/wp\/v2\/types\/post"}],"author":[{"embeddable":true,"href":"https:\/\/dbsnewsmedia.com\/index.php?rest_route=\/wp\/v2\/users\/5"}],"replies":[{"embeddable":true,"href":"https:\/\/dbsnewsmedia.com\/index.php?rest_route=%2Fwp%2Fv2%2Fcomments&post=4324"}],"version-history":[{"count":1,"href":"https:\/\/dbsnewsmedia.com\/index.php?rest_route=\/wp\/v2\/posts\/4324\/revisions"}],"predecessor-version":[{"id":4326,"href":"https:\/\/dbsnewsmedia.com\/index.php?rest_route=\/wp\/v2\/posts\/4324\/revisions\/4326"}],"wp:featuredmedia":[{"embeddable":true,"href":"https:\/\/dbsnewsmedia.com\/index.php?rest_route=\/wp\/v2\/media\/4325"}],"wp:attachment":[{"href":"https:\/\/dbsnewsmedia.com\/index.php?rest_route=%2Fwp%2Fv2%2Fmedia&parent=4324"}],"wp:term":[{"taxonomy":"category","embeddable":true,"href":"https:\/\/dbsnewsmedia.com\/index.php?rest_route=%2Fwp%2Fv2%2Fcategories&post=4324"},{"taxonomy":"post_tag","embeddable":true,"href":"https:\/\/dbsnewsmedia.com\/index.php?rest_route=%2Fwp%2Fv2%2Ftags&post=4324"}],"curies":[{"name":"wp","href":"https:\/\/api.w.org\/{rel}","templated":true}]}}