{"id":4327,"date":"2026-03-30T15:43:31","date_gmt":"2026-03-30T12:43:31","guid":{"rendered":"https:\/\/dbsnewsmedia.com\/?p=4327"},"modified":"2026-03-30T15:43:31","modified_gmt":"2026-03-30T12:43:31","slug":"pera-muzesinde-kesisen-dunyalarda-hafiza-ve-yer-degistirme-on-planda","status":"publish","type":"post","link":"https:\/\/dbsnewsmedia.com\/?p=4327","title":{"rendered":"Pera M\u00fczesi\u2019nde \u201cKesi\u015fen D\u00fcnyalar\u201dda Haf\u0131za ve Yer De\u011fi\u015ftirme \u00d6n Planda"},"content":{"rendered":"\n<p>30.03.2026 15:42<\/p>\n\n\n\n<p>Pera M\u00fczesi\u2019nin \u201cKesi\u015fen D\u00fcnyalar\u201d sergisi, yeni eserler ve g\u00fcncel sanat yerle\u015ftirmesiyle yeniden ziyaret\u00e7ilerin kar\u015f\u0131s\u0131nda.<\/p>\n\n\n\n<p>Pera M\u00fczesi\u2019nin koleksiyon sergilerinden \u201cKesi\u015fen D\u00fcnyalar: El\u00e7iler ve Ressamlar\u201d, g\u00fcncellenmi\u015f i\u00e7erik ve yeni eserleriyle ziyaret\u00e7ilerle yeniden bulu\u015fuyor. Sergi, Osmanl\u0131 ile Avrupa aras\u0131ndaki diplomatik, k\u00fclt\u00fcrel ve sanatsal etkile\u015fimleri daha geni\u015f bir perspektifle ele alacak \u015fekilde yenilendi.<\/p>\n\n\n\n<p>Sergideki en dikkat \u00e7ekici de\u011fi\u015fiklik, Alejandro Almanza Pereda\u2019n\u0131n \u201cBo\u015fluk Korkusu\u201d adl\u0131 eserinin yerini, Casper Faassen\u2019in alt\u0131 eserden olu\u015fan g\u00fcncel sanat yerle\u015ftirmesi \u201cYeniden Derleme\u201d almas\u0131 oldu.<\/p>\n\n\n\n<p>2017\u2019den bu yana sergide yer alan \u201cBo\u015fluk Korkusu\u201d, in\u015fa ve y\u0131k\u0131m aras\u0131ndaki gerilimi g\u00f6r\u00fcn\u00fcr k\u0131larken; Faassen\u2019in \u201cYeniden Derleme\u201d serisi, k\u00fclt\u00fcrel varl\u0131klar\u0131n dola\u015f\u0131m\u0131 ve yer de\u011fi\u015ftirmesi \u00fczerine yeni bir bak\u0131\u015f a\u00e7\u0131s\u0131 sunuyor.<\/p>\n\n\n\n<h2 class=\"wp-block-heading\"><strong>Haf\u0131za ve aidiyet temas\u0131 sergide<\/strong><\/h2>\n\n\n\n<p>Casper Faassen\u2019in \u00e7al\u0131\u015fmalar\u0131, tarih boyunca farkl\u0131 co\u011frafyalardan toplanarak yerlerinden edilen k\u00fclt\u00fcrel varl\u0131klar\u0131n izini s\u00fcr\u00fcyor. Katmanl\u0131 ve yar\u0131 saydam y\u00fczeylerle olu\u015fturulan bu g\u00f6rsel dil, imgeleri sabitlemek yerine ask\u0131da b\u0131rakarak haf\u0131za, kay\u0131p ve aidiyet kavramlar\u0131n\u0131 tart\u0131\u015fmaya a\u00e7\u0131yor. B\u00f6ylece sergi, yaln\u0131zca ge\u00e7mi\u015fi anlatan bir se\u00e7ki olman\u0131n \u00f6tesine ge\u00e7erek g\u00fcncel sanatla tarihsel anlat\u0131y\u0131 bulu\u015fturuyor.<\/p>\n\n\n\n<h2 class=\"wp-block-heading\"><strong>Yeni eserler geni\u015fletildi<\/strong><\/h2>\n\n\n\n<p>Sergi, koleksiyondan yeniden dahil edilen eserlerle de geni\u015fletildi. Frans\u0131z sanat\u00e7\u0131 Louis-Fran\u00e7ois Cassas\u2019n\u0131n \u0130stanbul ve farkl\u0131 co\u011frafyalara dair g\u00f6zlemlerini yans\u0131tan suluboyalar\u0131, 18. ve 19. y\u00fczy\u0131lda seyahat ve g\u00f6rsel kay\u0131t pratiklerini g\u00f6zler \u00f6n\u00fcne seriyor.<\/p>\n\n\n\n<p>Ayr\u0131ca Vanmour Okulu imzal\u0131 \u201cSohbet\u201d adl\u0131 eser de sergiye dahil edilerek \u0130stanbul\u2019un g\u00fcndelik ya\u015fam\u0131na Bat\u0131l\u0131 bir bak\u0131\u015f sunuyor. Bu eserler, Do\u011fu imgesinin Avrupa\u2019da nas\u0131l in\u015fa edildi\u011fine dair \u00f6nemli ipu\u00e7lar\u0131 veriyor.<\/p>\n\n\n\n<h2 class=\"wp-block-heading\"><strong>Ziyaret saatleri a\u00e7\u0131kland\u0131<\/strong><\/h2>\n\n\n\n<p>Pera M\u00fczesi, sal\u0131\u2013cumartesi g\u00fcnleri 10.00\u201319.00, pazar g\u00fcnleri ise 12.00\u201318.00 saatleri aras\u0131nda ziyaret edilebiliyor. \u201cUzun Cuma\u201d kapsam\u0131nda cuma g\u00fcnleri 18.00\u201322.00 saatleri aras\u0131nda t\u00fcm ziyaret\u00e7iler, \u201cGen\u00e7 \u00c7ar\u015famba\u201d kapsam\u0131nda ise \u00e7ar\u015famba g\u00fcnleri \u00f6\u011frenciler m\u00fczeyi \u00fccretsiz gezebiliyor.<\/p>\n\n\n\n<p>Kaynak:<a href=\"https:\/\/www.evrensel.net\/haber\/5977327\/kesisen-dunyalar-sergisi-yenilendi-hafiza-ve-yer-degistirme-temasi-one-cikti\">https:\/\/www.evrensel.net\/haber\/5977327\/kesisen-dunyalar-sergisi-yenilendi-hafiza-ve-yer-degistirme-temasi-one-cikti<\/a><\/p>\n","protected":false},"excerpt":{"rendered":"<p>30.03.2026 15:42 Pera M\u00fczesi\u2019nin \u201cKesi\u015fen D\u00fcnyalar\u201d sergisi, yeni eserler ve g\u00fcncel sanat yerle\u015ftirmesiyle yeniden ziyaret\u00e7ilerin kar\u015f\u0131s\u0131nda. Pera M\u00fczesi\u2019nin koleksiyon sergilerinden \u201cKesi\u015fen D\u00fcnyalar: El\u00e7iler ve Ressamlar\u201d, g\u00fcncellenmi\u015f i\u00e7erik ve yeni eserleriyle ziyaret\u00e7ilerle yeniden bulu\u015fuyor. Sergi, Osmanl\u0131 ile Avrupa aras\u0131ndaki diplomatik, k\u00fclt\u00fcrel ve sanatsal etkile\u015fimleri daha geni\u015f bir perspektifle ele alacak \u015fekilde yenilendi. Sergideki en dikkat \u00e7ekici&#8230;<\/p>\n","protected":false},"author":5,"featured_media":4328,"comment_status":"open","ping_status":"open","sticky":false,"template":"","format":"standard","meta":{"_jetpack_memberships_contains_paid_content":false,"footnotes":""},"categories":[10],"tags":[1505],"class_list":["post-4327","post","type-post","status-publish","format-standard","has-post-thumbnail","hentry","category-kultur-sanat","tag-pera-muzesi"],"jetpack_featured_media_url":"https:\/\/dbsnewsmedia.com\/wp-content\/uploads\/2026\/03\/13-2.webp","jetpack_sharing_enabled":true,"_links":{"self":[{"href":"https:\/\/dbsnewsmedia.com\/index.php?rest_route=\/wp\/v2\/posts\/4327","targetHints":{"allow":["GET"]}}],"collection":[{"href":"https:\/\/dbsnewsmedia.com\/index.php?rest_route=\/wp\/v2\/posts"}],"about":[{"href":"https:\/\/dbsnewsmedia.com\/index.php?rest_route=\/wp\/v2\/types\/post"}],"author":[{"embeddable":true,"href":"https:\/\/dbsnewsmedia.com\/index.php?rest_route=\/wp\/v2\/users\/5"}],"replies":[{"embeddable":true,"href":"https:\/\/dbsnewsmedia.com\/index.php?rest_route=%2Fwp%2Fv2%2Fcomments&post=4327"}],"version-history":[{"count":1,"href":"https:\/\/dbsnewsmedia.com\/index.php?rest_route=\/wp\/v2\/posts\/4327\/revisions"}],"predecessor-version":[{"id":4329,"href":"https:\/\/dbsnewsmedia.com\/index.php?rest_route=\/wp\/v2\/posts\/4327\/revisions\/4329"}],"wp:featuredmedia":[{"embeddable":true,"href":"https:\/\/dbsnewsmedia.com\/index.php?rest_route=\/wp\/v2\/media\/4328"}],"wp:attachment":[{"href":"https:\/\/dbsnewsmedia.com\/index.php?rest_route=%2Fwp%2Fv2%2Fmedia&parent=4327"}],"wp:term":[{"taxonomy":"category","embeddable":true,"href":"https:\/\/dbsnewsmedia.com\/index.php?rest_route=%2Fwp%2Fv2%2Fcategories&post=4327"},{"taxonomy":"post_tag","embeddable":true,"href":"https:\/\/dbsnewsmedia.com\/index.php?rest_route=%2Fwp%2Fv2%2Ftags&post=4327"}],"curies":[{"name":"wp","href":"https:\/\/api.w.org\/{rel}","templated":true}]}}