{"id":4367,"date":"2026-03-30T20:54:03","date_gmt":"2026-03-30T17:54:03","guid":{"rendered":"https:\/\/dbsnewsmedia.com\/?p=4367"},"modified":"2026-03-30T20:54:03","modified_gmt":"2026-03-30T17:54:03","slug":"sinan-meydan-kepez-kitap-fuarinda-konustu-laik-cumhuriyet-kadin-ozgurlugunun-teminatidir","status":"publish","type":"post","link":"https:\/\/dbsnewsmedia.com\/?p=4367","title":{"rendered":"Sinan Meydan Kepez Kitap Fuar\u0131\u2019nda konu\u015ftu: \u201cLaik Cumhuriyet kad\u0131n \u00f6zg\u00fcrl\u00fc\u011f\u00fcn\u00fcn teminat\u0131d\u0131r\u201d"},"content":{"rendered":"\n<p>30.03.2026  20:52<\/p>\n\n\n\n<p><strong>Tarih\u00e7i-yazar Sinan Meydan, Kepez Kitap Fuar\u0131 kapsam\u0131nda d\u00fczenlenen s\u00f6yle\u015fide okurlar\u0131yla bir araya gelerek yeni kitab\u0131 Atat\u00fcrk\u2019\u00fcn Miras\u0131 Laik Cumhuriyet hakk\u0131nda de\u011ferlendirmelerde bulundu.<\/strong><\/p>\n\n\n\n<p>Antalya\u2019n\u0131n Kepez il\u00e7esinde ger\u00e7ekle\u015ftirilen etkinlikte Meydan, laiklik tart\u0131\u015fmalar\u0131n\u0131n T\u00fcrkiye\u2019de uzun s\u00fcredir g\u00fcndemde oldu\u011funu belirterek, kitab\u0131n\u0131n bu tart\u0131\u015fmalara yan\u0131t niteli\u011fi ta\u015f\u0131d\u0131\u011f\u0131n\u0131 ifade etti. Eserde Cumhuriyet\u2019in kurulu\u015f s\u00fcreci ve yak\u0131n tarihe ili\u015fkin \u00e7e\u015fitli iddialar\u0131n ele al\u0131nd\u0131\u011f\u0131n\u0131 s\u00f6yleyen Meydan,&nbsp;<strong>\u015eeyh Sait \u0130syan\u0131<\/strong>, T\u00fcrkiye\u2019nin sanayile\u015fme s\u00fcreci ve Cumhuriyet d\u00f6neminde hac uygulamalar\u0131na dair tart\u0131\u015fmalar\u0131n da incelendi\u011fini dile getirdi.<\/p>\n\n\n\n<p>Laik Cumhuriyet anlay\u0131\u015f\u0131n\u0131n en \u00f6nemli miraslardan biri oldu\u011funu vurgulayan Meydan, laikli\u011fin ak\u0131l, vicdan ve d\u00fc\u015f\u00fcnce \u00f6zg\u00fcrl\u00fc\u011f\u00fcyle birlikte kad\u0131n haklar\u0131n\u0131 da g\u00fcvence alt\u0131na ald\u0131\u011f\u0131n\u0131 belirtti. Cumhuriyetin temelinde e\u015fitlik ve f\u0131rsat e\u015fitli\u011fi bulundu\u011funu ifade eden Meydan, bu yap\u0131n\u0131n bireylere \u00f6zg\u00fcr bir ya\u015fam alan\u0131 sundu\u011funu s\u00f6yledi.<\/p>\n\n\n\n<p>Konu\u015fmas\u0131nda \u0130slam \u00fclkelerindeki y\u00f6netim modellerine de de\u011finen Meydan, T\u00fcrkiye\u2019nin laik yap\u0131s\u0131yla farkl\u0131 bir konumda bulundu\u011funu ifade etti. Kad\u0131n haklar\u0131, \u00f6zg\u00fcr d\u00fc\u015f\u00fcnce ve \u00e7a\u011fda\u015f hukuk ilkelerinin \u00f6nemine dikkat \u00e7eken yazar, \u00e7a\u011fda\u015f toplumun temel g\u00fcvencesinin laik Cumhuriyet oldu\u011funu vurgulad\u0131.<\/p>\n\n\n\n<p>S\u00f6yle\u015finin ard\u0131ndan Sinan Meydan, fuara kat\u0131lan okurlar\u0131 i\u00e7in kitaplar\u0131n\u0131 imzalad\u0131.<\/p>\n\n\n\n<p>Karde\u015f haber kaynak:<a href=\"https:\/\/opennewsmedia.com\/2026\/03\/30\/sinan-meydan-kepez-kitap-fuarinda-konustu-laik-cumhuriyet-kadin-ozgurlugunun-teminatidir\/\">https:\/\/opennewsmedia.com\/2026\/03\/30\/sinan-meydan-kepez-kitap-fuarinda-konustu-laik-cumhuriyet-kadin-ozgurlugunun-teminatidir\/<\/a><\/p>\n\n\n\n<p>Kaynak:<a href=\"https:\/\/www.cumhuriyet.com.tr\/kultur-sanat\/sinan-meydan-laik-cumhuriyet-kadinlarin-ozgurlugudur-2490771\">Sinan Meydan: Laik Cumhuriyet kad\u0131nlar\u0131n \u00f6zg\u00fcrl\u00fc\u011f\u00fcd\u00fcr \u2013 Son Dakika K\u00fclt\u00fcr-Sanat Haberleri | Cumhuriyet<\/a><\/p>\n\n\n\n<p>G\u00f6rsel Kaynak:<a href=\"https:\/\/www.cumhuriyet.com.tr\/haber-kaynagi\/bulent-ecevit\">B\u00fclent Ecevit \u2013 Haberleri, En g\u00fcncel ve Son Dakika Haberleri | Cumhuriyet<\/a><\/p>\n","protected":false},"excerpt":{"rendered":"<p>30.03.2026 20:52 Tarih\u00e7i-yazar Sinan Meydan, Kepez Kitap Fuar\u0131 kapsam\u0131nda d\u00fczenlenen s\u00f6yle\u015fide okurlar\u0131yla bir araya gelerek yeni kitab\u0131 Atat\u00fcrk\u2019\u00fcn Miras\u0131 Laik Cumhuriyet hakk\u0131nda de\u011ferlendirmelerde bulundu. Antalya\u2019n\u0131n Kepez il\u00e7esinde ger\u00e7ekle\u015ftirilen etkinlikte Meydan, laiklik tart\u0131\u015fmalar\u0131n\u0131n T\u00fcrkiye\u2019de uzun s\u00fcredir g\u00fcndemde oldu\u011funu belirterek, kitab\u0131n\u0131n bu tart\u0131\u015fmalara yan\u0131t niteli\u011fi ta\u015f\u0131d\u0131\u011f\u0131n\u0131 ifade etti. Eserde Cumhuriyet\u2019in kurulu\u015f s\u00fcreci ve yak\u0131n tarihe ili\u015fkin \u00e7e\u015fitli&#8230;<\/p>\n","protected":false},"author":5,"featured_media":4368,"comment_status":"open","ping_status":"open","sticky":false,"template":"","format":"standard","meta":{"_jetpack_memberships_contains_paid_content":false,"footnotes":""},"categories":[10],"tags":[1512],"class_list":["post-4367","post","type-post","status-publish","format-standard","has-post-thumbnail","hentry","category-kultur-sanat","tag-kitap-fuari"],"jetpack_featured_media_url":"https:\/\/dbsnewsmedia.com\/wp-content\/uploads\/2026\/03\/14-2.webp","jetpack_sharing_enabled":true,"_links":{"self":[{"href":"https:\/\/dbsnewsmedia.com\/index.php?rest_route=\/wp\/v2\/posts\/4367","targetHints":{"allow":["GET"]}}],"collection":[{"href":"https:\/\/dbsnewsmedia.com\/index.php?rest_route=\/wp\/v2\/posts"}],"about":[{"href":"https:\/\/dbsnewsmedia.com\/index.php?rest_route=\/wp\/v2\/types\/post"}],"author":[{"embeddable":true,"href":"https:\/\/dbsnewsmedia.com\/index.php?rest_route=\/wp\/v2\/users\/5"}],"replies":[{"embeddable":true,"href":"https:\/\/dbsnewsmedia.com\/index.php?rest_route=%2Fwp%2Fv2%2Fcomments&post=4367"}],"version-history":[{"count":1,"href":"https:\/\/dbsnewsmedia.com\/index.php?rest_route=\/wp\/v2\/posts\/4367\/revisions"}],"predecessor-version":[{"id":4369,"href":"https:\/\/dbsnewsmedia.com\/index.php?rest_route=\/wp\/v2\/posts\/4367\/revisions\/4369"}],"wp:featuredmedia":[{"embeddable":true,"href":"https:\/\/dbsnewsmedia.com\/index.php?rest_route=\/wp\/v2\/media\/4368"}],"wp:attachment":[{"href":"https:\/\/dbsnewsmedia.com\/index.php?rest_route=%2Fwp%2Fv2%2Fmedia&parent=4367"}],"wp:term":[{"taxonomy":"category","embeddable":true,"href":"https:\/\/dbsnewsmedia.com\/index.php?rest_route=%2Fwp%2Fv2%2Fcategories&post=4367"},{"taxonomy":"post_tag","embeddable":true,"href":"https:\/\/dbsnewsmedia.com\/index.php?rest_route=%2Fwp%2Fv2%2Ftags&post=4367"}],"curies":[{"name":"wp","href":"https:\/\/api.w.org\/{rel}","templated":true}]}}