{"id":4507,"date":"2026-03-31T20:53:42","date_gmt":"2026-03-31T17:53:42","guid":{"rendered":"https:\/\/dbsnewsmedia.com\/?p=4507"},"modified":"2026-03-31T20:53:42","modified_gmt":"2026-03-31T17:53:42","slug":"fethiyede-marina-isyani-buyuyor-gocekin-incisi-ayten-koyunu-kurtarmak-icin-yargi-resti","status":"publish","type":"post","link":"https:\/\/dbsnewsmedia.com\/?p=4507","title":{"rendered":"Fethiye&#8217;de &#8216;Marina&#8217; \u0130syan\u0131 B\u00fcy\u00fcyor:\u00a0G\u00f6cek&#8217;in \u0130ncisi Ayten Koyu&#8217;nu Kurtarmak \u0130\u00e7in Yarg\u0131 Resti"},"content":{"rendered":"\n<p><strong>Mu\u011fla\u2019n\u0131n Fethiye il\u00e7esindeki 3. derece do\u011fal sit alan\u0131 Ayten Koyu\u2019na y\u00f6nelik 46 kapasiteli tekne ba\u011flama iskelesi projesi, b\u00f6lge halk\u0131n\u0131 ve \u00e7evrecileri aya\u011fa kald\u0131rd\u0131. Rant u\u011fruna ormanl\u0131k alan\u0131n yap\u0131la\u015fmaya a\u00e7\u0131laca\u011f\u0131n\u0131 savunan vatanda\u015flar, projenin iptali i\u00e7in yarg\u0131 yoluna gitmeye haz\u0131rlan\u0131yor.<\/strong><\/p>\n\n\n\n<p>T\u00fcrkiye\u2019nin en \u00f6nemli turizm merkezlerinden Mu\u011fla Fethiye\u2019de, yerel halk\u0131n \u201cincimiz\u201d olarak adland\u0131rd\u0131\u011f\u0131 Ayten Koyu yeni bir betonla\u015fma ve tahribat tehdidiyle kar\u015f\u0131 kar\u015f\u0131ya. G\u00f6cek Mahallesi Ayten Koyu mevkiinde 46 ba\u011flama kapasiteli bir yat ve tekne iskelesi yap\u0131lmas\u0131 i\u00e7in haz\u0131rlanan \u00c7evresel Etki De\u011ferlendirme (\u00c7ED) raporunun \u0130nceleme ve De\u011ferlendirme Komisyonu (\u0130DK) taraf\u0131ndan halk\u0131n g\u00f6r\u00fc\u015f\u00fcne a\u00e7\u0131lmas\u0131, b\u00f6lgede b\u00fcy\u00fck bir tepki dalgas\u0131 yaratt\u0131.<\/p>\n\n\n\n<h4 class=\"wp-block-heading\">\u00d6zel \u00c7evre Koruma B\u00f6lgesine Ticari \u0130\u015fletme Tehdidi<\/h4>\n\n\n\n<figure class=\"wp-block-image\" id=\"attachment_124257\"><a class=\"td-modal-image\" href=\"data:image\/gif;base64,R0lGODdhAQABAPAAAMPDwwAAACwAAAAAAQABAAACAkQBADs=\"><img decoding=\"async\" src=\"https:\/\/www.turizmgunlugu.com\/wp-content\/uploads\/2026\/03\/Mugla-Fethiye-Ayten-Koyu-marina-projesi1.jpg\" alt=\"\" class=\"wp-image-124257\"\/><\/a><figcaption class=\"wp-element-caption\">Mu\u011fla\u2019n\u0131n Fethiye il\u00e7esindeki 3. derece do\u011fal sit alan\u0131 Ayten Koyu\u2019na y\u00f6nelik 46 kapasiteli tekne ba\u011flama iskelesi projesine tepki!<\/figcaption><\/figure>\n\n\n\n<p>Projenin planland\u0131\u011f\u0131 Ayten Koyu, Mu\u011fla\u2013Fethiye\u2013G\u00f6cek \u00d6zel \u00c7evre Koruma B\u00f6lgesi i\u00e7erisinde yer al\u0131yor. Ayn\u0131 zamanda Mu\u011fla K\u00fclt\u00fcr ve Tabiat Varl\u0131klar\u0131n\u0131 Koruma B\u00f6lge Kurulu taraf\u0131ndan 2011 y\u0131l\u0131nda 3. derece do\u011fal sit alan\u0131 ilan edilen bu b\u00f6lge; orman alan\u0131 ve \u00f6nemli do\u011fa alan\u0131 gibi \u00e7oklu koruma stat\u00fclerine sahip. Uzmanlar ve \u00e7evreciler, bu stat\u00fcdeki bir alana in\u015fa edilecek ticari bir i\u015fletmenin kirlilik yarataca\u011f\u0131 ve do\u011fal sit alan\u0131n\u0131 geri d\u00f6n\u00fclemez \u015fekilde yok edece\u011fi uyar\u0131s\u0131nda bulunuyor. Koyu korumak isteyen b\u00f6lge halk\u0131 ise alanda adeta insan zinciri olu\u015fturarak projeye kar\u015f\u0131 direni\u015fe ge\u00e7ti.<\/p>\n\n\n\n<h4 class=\"wp-block-heading\">B\u00f6lge Halk\u0131ndan Siyasilere Acil \u00c7a\u011fr\u0131: &#8220;Rant U\u011fruna Do\u011fay\u0131 Katletmeyin&#8221;<\/h4>\n\n\n\n<figure class=\"wp-block-image\" id=\"attachment_124258\"><a class=\"td-modal-image\" href=\"data:image\/gif;base64,R0lGODdhAQABAPAAAMPDwwAAACwAAAAAAQABAAACAkQBADs=\"><img decoding=\"async\" src=\"https:\/\/www.turizmgunlugu.com\/wp-content\/uploads\/2026\/03\/Mugla-Fethiye-Ayten-Koyu.jpg\" alt=\"\" class=\"wp-image-124258\"\/><\/a><figcaption class=\"wp-element-caption\">Mu\u011fla Fethiye \u2013 Ayten Koyu<\/figcaption><\/figure>\n\n\n\n<p>Koyun \u015fah\u0131slara veya \u015firketlere tahsis edilmesine tepki g\u00f6steren vatanda\u015flar, projenin iptali i\u00e7in siyasileri g\u00f6reve \u00e7a\u011f\u0131r\u0131yor. Eyleme kat\u0131lan vatanda\u015flar, koyun \u2018halk\u0131n kullan\u0131m\u0131na kapat\u0131lacak\u2019 endi\u015felerini belirterek, \u201c<strong>Buray\u0131 ald\u0131klar\u0131nda, projeyi yapt\u0131klar\u0131nda buraya halk\u0131n girme \u015fans\u0131 olmayacak. Buras\u0131 Dalaman halk\u0131n\u0131n.<\/strong>&nbsp;B\u00f6yle kalmas\u0131n\u0131 istiyorum. Bu t\u00fcr g\u00fczellikleri, halk\u0131n elinden almak bana g\u00f6re bir ihanettir.&nbsp;<strong>Bu g\u00fczellikleri yok etmeye kimsenin hakk\u0131 yok. Buras\u0131 para kazanmak ad\u0131 alt\u0131nda marina yap\u0131l\u0131yor. Bu g\u00fczel cenneti yok etmek \u00fczere bir tak\u0131m insanlara para kazand\u0131r\u0131l\u0131yor.<\/strong>&nbsp;Bunu yapmay\u0131n. Ayten Koyu, cennetin bir tasviri. Ankara\u2019dan, siyasilerden bu cennete ayak basmalar\u0131n\u0131, gelip denize girmelerini, a\u011fa\u00e7lar aras\u0131nda dola\u015fmas\u0131n\u0131 istiyoruz. E\u011fer ger\u00e7ekten bu g\u00fczelli\u011fi g\u00f6rseler, kendileri itiraz edecekler. Neyi katletmek istedi\u011finizi g\u00f6r\u00fcn, g\u00f6rseler ald\u0131klar\u0131 kararlara utan\u0131rlar\u201d ifadelerini kulland\u0131lar.<\/p>\n\n\n\n<h4 class=\"wp-block-heading\">Gizli Yap\u0131la\u015fma Endi\u015fesi: Otopark ve Hizmet Binalar\u0131 Nereye Yap\u0131lacak?<\/h4>\n\n\n\n<figure class=\"wp-block-image\" id=\"attachment_124260\"><a class=\"td-modal-image\" href=\"data:image\/gif;base64,R0lGODdhAQABAPAAAMPDwwAAACwAAAAAAQABAAACAkQBADs=\"><img decoding=\"async\" src=\"https:\/\/www.turizmgunlugu.com\/wp-content\/uploads\/2026\/03\/Mugla-Fethiye-Ayten-Koyu2.jpg\" alt=\"\" class=\"wp-image-124260\"\/><\/a><figcaption class=\"wp-element-caption\">Mu\u011fla Fethiye \u2013 Ayten Koyu<\/figcaption><\/figure>\n\n\n\n<p>Projenin sadece deniz k\u0131y\u0131s\u0131n\u0131 de\u011fil, arka plandaki ormanl\u0131k alan\u0131 da tahrip edece\u011fine dikkat \u00e7eken&nbsp;<strong>G\u00f6cek Halk Meclisi Ba\u015fkan\u0131 Onur Ugan,<\/strong>&nbsp;hukuki m\u00fccadele ba\u015flatacaklar\u0131n\u0131 vurgulayarak itirazlar\u0131n\u0131 \u015fu s\u00f6zlerle \u00f6zetledi:<\/p>\n\n\n\n<p>\u201cAyten koyuna tekne ba\u011flama iskelesi yap\u0131lmas\u0131na kar\u015f\u0131y\u0131z. Sonu\u00e7ta bir koyumuz daha elimizden al\u0131n\u0131yor. Projeye g\u00f6re yap\u0131la\u015fma g\u00f6r\u00fcnm\u00fcyor ama orman alan\u0131n\u0131n yap\u0131la\u015fmaya a\u00e7\u0131laca\u011f\u0131 a\u00e7\u0131k\u00e7a g\u00f6r\u00fcl\u00fcyor. Gelenler ara\u00e7lar\u0131n\u0131 nereye park edecek, teknelere hizmet verecek yap\u0131lar nereye yap\u0131lacak belli de\u011fil. Ancak ormana yap\u0131laca\u011f\u0131 belli ve koylarda yap\u0131la\u015fma ba\u015fl\u0131yor. Bu giri\u015fim, b\u00f6lgenin bir ki\u015fiye ya da \u015firkete tahsis edilmesi anlam\u0131na geliyor. Halk\u0131n kat\u0131l\u0131m toplant\u0131s\u0131nda itiraz ettik. \u0130mar plan\u0131na itiraz edece\u011fiz. Gerekirse mahkemeye ta\u015f\u0131yaca\u011f\u0131z.\u201d<\/p>\n\n\n\n<p>31.03.2026,20.53<\/p>\n\n\n\n<p>Kaynak:<a href=\"https:\/\/www.turizmgunlugu.com\/2026\/03\/31\/fethiye-marina-ayten-koyu\/\">https:\/\/www.turizmgunlugu.com\/2026\/03\/31\/fethiye-marina-ayten-koyu\/<\/a><\/p>\n\n\n\n<blockquote class=\"wp-block-quote is-layout-flow wp-block-quote-is-layout-flow\">\n<p>Edit\u00f6r\u00fcn Notu:Turizm G\u00fcnl\u00fc\u011f\u00fc  Gazetesi\u2019nde yay\u0131mlanan bu haber, \u00f6z\u00fcne sad\u0131k kal\u0131narak yeniden d\u00fczenlenmi\u015ftir.<\/p>\n<\/blockquote>\n","protected":false},"excerpt":{"rendered":"<p>&#8220;Mu\u011fla&#8217;n\u0131n Fethiye il\u00e7esine ba\u011fl\u0131 G\u00f6cek&#8217;te yer alan ve 3. derece do\u011fal sit alan\u0131 olan Ayten Koyu, 46 kapasiteli tekne ba\u011flama iskelesi projesiyle yap\u0131la\u015fma tehdidi alt\u0131nda. \u00c7ED raporunun halk\u0131n g\u00f6r\u00fc\u015f\u00fcne a\u00e7\u0131lmas\u0131yla birlikte aya\u011fa kalkan b\u00f6lge halk\u0131 ve \u00e7evreciler, koyun ranta kurban giderek halk\u0131n kullan\u0131m\u0131na kapat\u0131laca\u011f\u0131 endi\u015fesiyle insan zinciri olu\u015fturdu. G\u00f6cek Halk Meclisi ve vatanda\u015flar, e\u015fsiz do\u011fas\u0131yla bilinen ve ormanl\u0131k alanlar\u0131 da tehlikeye atan bu giri\u015fimin iptali i\u00e7in projeyi yarg\u0131ya ta\u015f\u0131maya haz\u0131rlan\u0131yor.&#8221;<\/p>\n","protected":false},"author":3,"featured_media":4508,"comment_status":"open","ping_status":"open","sticky":false,"template":"","format":"standard","meta":{"_jetpack_memberships_contains_paid_content":false,"footnotes":""},"categories":[11],"tags":[1548],"class_list":["post-4507","post","type-post","status-publish","format-standard","has-post-thumbnail","hentry","category-turizm","tag-fethiye-aytenkoyu-gocek-cevrekatliami-dogakoruma-turizmgundemi-sitalani-marinaisyani-mugla-ekoloji"],"jetpack_featured_media_url":"https:\/\/dbsnewsmedia.com\/wp-content\/uploads\/2026\/03\/Mugla-Fethiye-Ayten-Koyu-marina-projesi.jpg","jetpack_sharing_enabled":true,"_links":{"self":[{"href":"https:\/\/dbsnewsmedia.com\/index.php?rest_route=\/wp\/v2\/posts\/4507","targetHints":{"allow":["GET"]}}],"collection":[{"href":"https:\/\/dbsnewsmedia.com\/index.php?rest_route=\/wp\/v2\/posts"}],"about":[{"href":"https:\/\/dbsnewsmedia.com\/index.php?rest_route=\/wp\/v2\/types\/post"}],"author":[{"embeddable":true,"href":"https:\/\/dbsnewsmedia.com\/index.php?rest_route=\/wp\/v2\/users\/3"}],"replies":[{"embeddable":true,"href":"https:\/\/dbsnewsmedia.com\/index.php?rest_route=%2Fwp%2Fv2%2Fcomments&post=4507"}],"version-history":[{"count":1,"href":"https:\/\/dbsnewsmedia.com\/index.php?rest_route=\/wp\/v2\/posts\/4507\/revisions"}],"predecessor-version":[{"id":4509,"href":"https:\/\/dbsnewsmedia.com\/index.php?rest_route=\/wp\/v2\/posts\/4507\/revisions\/4509"}],"wp:featuredmedia":[{"embeddable":true,"href":"https:\/\/dbsnewsmedia.com\/index.php?rest_route=\/wp\/v2\/media\/4508"}],"wp:attachment":[{"href":"https:\/\/dbsnewsmedia.com\/index.php?rest_route=%2Fwp%2Fv2%2Fmedia&parent=4507"}],"wp:term":[{"taxonomy":"category","embeddable":true,"href":"https:\/\/dbsnewsmedia.com\/index.php?rest_route=%2Fwp%2Fv2%2Fcategories&post=4507"},{"taxonomy":"post_tag","embeddable":true,"href":"https:\/\/dbsnewsmedia.com\/index.php?rest_route=%2Fwp%2Fv2%2Ftags&post=4507"}],"curies":[{"name":"wp","href":"https:\/\/api.w.org\/{rel}","templated":true}]}}