{"id":5417,"date":"2026-04-07T15:20:47","date_gmt":"2026-04-07T12:20:47","guid":{"rendered":"https:\/\/dbsnewsmedia.com\/?p=5417"},"modified":"2026-04-07T15:20:47","modified_gmt":"2026-04-07T12:20:47","slug":"bilim-acikliyor-kotu-anilar-neden-unutulmaz","status":"publish","type":"post","link":"https:\/\/dbsnewsmedia.com\/?p=5417","title":{"rendered":"Bilim A\u00e7\u0131kl\u0131yor: K\u00f6t\u00fc An\u0131lar Neden Unutulmaz?"},"content":{"rendered":"\n<p class=\"has-medium-font-size\"><strong>Ac\u0131 veren an\u0131lar\u0131n y\u0131llar ge\u00e7se de silinmemesinin temel nedeni, beynin hayatta kalma odakl\u0131 \u00e7al\u0131\u015fma bi\u00e7imi. Uzmanlara g\u00f6re beyin, ge\u00e7mi\u015fte ya\u015fanan olumsuz deneyimleri bir \u201ctehlike kayd\u0131\u201d gibi saklayarak benzer durumlarla tekrar kar\u015f\u0131la\u015f\u0131ld\u0131\u011f\u0131nda ki\u015fiyi korumay\u0131 ama\u00e7l\u0131yor. Bu y\u00fczden ac\u0131 veren an\u0131lar, di\u011fer an\u0131lara k\u0131yasla daha g\u00fc\u00e7l\u00fc ve kal\u0131c\u0131 bir \u015fekilde haf\u0131zada yer edebiliyor.<\/strong><\/p>\n\n\n\n<p>Baz\u0131 an\u0131lar vard\u0131r ki y\u0131llar ge\u00e7se bile zihnimizden silinmez. \u00d6zellikle ac\u0131, korku ya da yo\u011fun&nbsp;<strong>duygular<\/strong>&nbsp;i\u00e7eren deneyimler, di\u011fer an\u0131lara g\u00f6re \u00e7ok daha kal\u0131c\u0131d\u0131r. Bunun nedeni sadece&nbsp;<strong>psikolojik&nbsp;<\/strong>de\u011fil, ayn\u0131 zamanda n\u00f6robiyolojik s\u00fcre\u00e7lerle de ilgilidir. Beyin, tehlikeyi hat\u0131rlayarak gelecekte benzer durumlardan ka\u00e7\u0131nmam\u0131z\u0131 sa\u011flamak i\u00e7in bu an\u0131lar\u0131 daha g\u00fc\u00e7l\u00fc \u015fekilde depolar.<\/p>\n\n\n\n<h3 class=\"wp-block-heading\" style=\"font-size:25px\">BEYN\u0130N KEND\u0130N\u0130 KORUMA MEKAN\u0130ZMASI<\/h3>\n\n\n\n<p>\u0130nsan beyni, hayatta kalmay\u0131 \u00f6ncelik haline getiren bir yap\u0131ya sahiptir. Tehlikeli veya stresli bir durum ya\u015fand\u0131\u011f\u0131nda, beyin bunu \u201c\u00f6nemli\u201d olarak i\u015faretler. Bu s\u00fcre\u00e7te stres hormonlar\u0131 devreye girer ve an\u0131n\u0131n daha g\u00fc\u00e7l\u00fc kodlanmas\u0131n\u0131 sa\u011flar. Bu durum, gelecekte benzer bir tehditle kar\u015f\u0131la\u015f\u0131ld\u0131\u011f\u0131nda h\u0131zl\u0131 tepki verebilmek i\u00e7in kritik bir avantaj sunar.<\/p>\n\n\n\n<h3 class=\"wp-block-heading\" style=\"font-size:25px\">AM\u0130GDALA VE H\u0130POKAMPUSUN ETK\u0130S\u0130<\/h3>\n\n\n\n<p>Ac\u0131 veren an\u0131lar\u0131n kal\u0131c\u0131l\u0131\u011f\u0131nda beynin iki \u00f6nemli b\u00f6lgesi \u00f6ne \u00e7\u0131kar:\u00a0<strong>amigdala\u00a0<\/strong>ve\u00a0<strong>hipokampus<\/strong>.<\/p>\n\n\n\n<p>Amigdala, duygusal tepkileri ve \u00f6zellikle korku gibi yo\u011fun duygular\u0131 i\u015fler.<\/p>\n\n\n\n<p>Hipokampus ise an\u0131lar\u0131n kaydedilmesi ve d\u00fczenlenmesinden sorumludur.<\/p>\n\n\n\n<p>Travmatik bir olay s\u0131ras\u0131nda amigdala a\u015f\u0131r\u0131 aktif hale gelir ve hipokampusla birlikte \u00e7al\u0131\u015farak bu an\u0131y\u0131 daha g\u00fc\u00e7l\u00fc ve detayl\u0131 \u015fekilde depolar. Bu y\u00fczden ac\u0131 veren an\u0131lar, s\u0131radan an\u0131lara g\u00f6re daha canl\u0131 hat\u0131rlan\u0131r.<\/p>\n\n\n\n<figure class=\"wp-block-image size-large\"><img loading=\"lazy\" decoding=\"async\" width=\"1024\" height=\"576\" src=\"https:\/\/dbsnewsmedia.com\/wp-content\/uploads\/2026\/04\/image-80-1024x576.png\" alt=\"\" class=\"wp-image-5418\" srcset=\"https:\/\/dbsnewsmedia.com\/wp-content\/uploads\/2026\/04\/image-80-1024x576.png 1024w, https:\/\/dbsnewsmedia.com\/wp-content\/uploads\/2026\/04\/image-80-300x169.png 300w, https:\/\/dbsnewsmedia.com\/wp-content\/uploads\/2026\/04\/image-80-768x432.png 768w, https:\/\/dbsnewsmedia.com\/wp-content\/uploads\/2026\/04\/image-80.png 1280w\" sizes=\"auto, (max-width: 1024px) 100vw, 1024px\" \/><\/figure>\n\n\n\n<h3 class=\"wp-block-heading\" style=\"font-size:25px\">STRES HORMONLARI NASIL ETK\u0130LER?<\/h3>\n\n\n\n<p>Stresli anlarda v\u00fccut&nbsp;<strong>kortizol<\/strong>&nbsp;ve&nbsp;<strong>adrenalin&nbsp;<\/strong>gibi hormonlar salg\u0131lar. Bu hormonlar, beynin dikkatini art\u0131r\u0131r ve ya\u015fanan olay\u0131n daha net kaydedilmesini sa\u011flar. Ancak bu durum ayn\u0131 zamanda an\u0131n\u0131n zihinde tekrar tekrar canlanmas\u0131na da neden olabilir.<\/p>\n\n\n\n<h3 class=\"wp-block-heading\" style=\"font-size:25px\">UNUTMAK NEDEN BU KADAR ZOR?<\/h3>\n\n\n\n<p>Ac\u0131 veren an\u0131lar\u0131n unutulmamas\u0131n\u0131n bir di\u011fer nedeni de beynin bu an\u0131lar\u0131 s\u0131k s\u0131k tekrar etmesidir. Ki\u015fi bilin\u00e7li ya da bilin\u00e7siz olarak olay\u0131 hat\u0131rlad\u0131k\u00e7a, an\u0131 daha da peki\u015fir. Bu durum bazen travma sonras\u0131 stres bozuklu\u011fu gibi psikolojik sorunlara yol a\u00e7abilir.<\/p>\n\n\n\n<h3 class=\"wp-block-heading\" style=\"font-size:25px\">ZORLAYICI ANILARLA NASIL BA\u015eA \u00c7IKILIR?<\/h3>\n\n\n\n<p>Duygular\u0131 bast\u0131rmak yerine kabul etmek<\/p>\n\n\n\n<p>Profesyonel destek almak<\/p>\n\n\n\n<p>Meditasyon ve fark\u0131ndal\u0131k \u00e7al\u0131\u015fmalar\u0131 yapmak<\/p>\n\n\n\n<p>An\u0131y\u0131 yeniden \u00e7er\u00e7eveleyerek farkl\u0131 bir bak\u0131\u015f a\u00e7\u0131s\u0131 geli\u015ftirmek<\/p>\n\n\n\n<p>07.04.2026 15:20<\/p>\n\n\n\n<p>Kaynak:<a href=\"https:\/\/www.cumhuriyet.com.tr\/yasam\/arastirma-beynimiz-kotu-anilari-neden-unutmaz-2493105\">https:\/\/www.cumhuriyet.com.tr\/yasam\/arastirma-beynimiz-kotu-anilari-neden-unutmaz-2493105<\/a><\/p>\n","protected":false},"excerpt":{"rendered":"<p>Ac\u0131 veren an\u0131lar\u0131n y\u0131llar ge\u00e7se de silinmemesinin temel nedeni, beynin hayatta kalma odakl\u0131 \u00e7al\u0131\u015fma bi\u00e7imi. Uzmanlara g\u00f6re beyin, ge\u00e7mi\u015fte ya\u015fanan olumsuz deneyimleri bir \u201ctehlike kayd\u0131\u201d gibi saklayarak benzer durumlarla tekrar kar\u015f\u0131la\u015f\u0131ld\u0131\u011f\u0131nda ki\u015fiyi korumay\u0131 ama\u00e7l\u0131yor. Bu y\u00fczden ac\u0131 veren an\u0131lar, di\u011fer an\u0131lara k\u0131yasla daha g\u00fc\u00e7l\u00fc ve kal\u0131c\u0131 bir \u015fekilde haf\u0131zada yer edebiliyor. Baz\u0131 an\u0131lar vard\u0131r ki&#8230;<\/p>\n","protected":false},"author":4,"featured_media":5419,"comment_status":"open","ping_status":"open","sticky":false,"template":"","format":"standard","meta":{"_jetpack_memberships_contains_paid_content":false,"footnotes":""},"categories":[2],"tags":[1785,226,1786],"class_list":["post-5417","post","type-post","status-publish","format-standard","has-post-thumbnail","hentry","category-yasam","tag-ani","tag-beyin","tag-stres"],"jetpack_featured_media_url":"https:\/\/dbsnewsmedia.com\/wp-content\/uploads\/2026\/04\/e9de1836-a379-4d76-80d1-566be7856365.webp","jetpack_sharing_enabled":true,"_links":{"self":[{"href":"https:\/\/dbsnewsmedia.com\/index.php?rest_route=\/wp\/v2\/posts\/5417","targetHints":{"allow":["GET"]}}],"collection":[{"href":"https:\/\/dbsnewsmedia.com\/index.php?rest_route=\/wp\/v2\/posts"}],"about":[{"href":"https:\/\/dbsnewsmedia.com\/index.php?rest_route=\/wp\/v2\/types\/post"}],"author":[{"embeddable":true,"href":"https:\/\/dbsnewsmedia.com\/index.php?rest_route=\/wp\/v2\/users\/4"}],"replies":[{"embeddable":true,"href":"https:\/\/dbsnewsmedia.com\/index.php?rest_route=%2Fwp%2Fv2%2Fcomments&post=5417"}],"version-history":[{"count":1,"href":"https:\/\/dbsnewsmedia.com\/index.php?rest_route=\/wp\/v2\/posts\/5417\/revisions"}],"predecessor-version":[{"id":5420,"href":"https:\/\/dbsnewsmedia.com\/index.php?rest_route=\/wp\/v2\/posts\/5417\/revisions\/5420"}],"wp:featuredmedia":[{"embeddable":true,"href":"https:\/\/dbsnewsmedia.com\/index.php?rest_route=\/wp\/v2\/media\/5419"}],"wp:attachment":[{"href":"https:\/\/dbsnewsmedia.com\/index.php?rest_route=%2Fwp%2Fv2%2Fmedia&parent=5417"}],"wp:term":[{"taxonomy":"category","embeddable":true,"href":"https:\/\/dbsnewsmedia.com\/index.php?rest_route=%2Fwp%2Fv2%2Fcategories&post=5417"},{"taxonomy":"post_tag","embeddable":true,"href":"https:\/\/dbsnewsmedia.com\/index.php?rest_route=%2Fwp%2Fv2%2Ftags&post=5417"}],"curies":[{"name":"wp","href":"https:\/\/api.w.org\/{rel}","templated":true}]}}