{"id":7317,"date":"2026-04-26T15:31:34","date_gmt":"2026-04-26T12:31:34","guid":{"rendered":"https:\/\/dbsnewsmedia.com\/?p=7317"},"modified":"2026-04-26T15:31:34","modified_gmt":"2026-04-26T12:31:34","slug":"galatasaray-fenerbahce-derbisinin-var-hakemi-belli-oldu","status":"publish","type":"post","link":"https:\/\/dbsnewsmedia.com\/?p=7317","title":{"rendered":"Galatasaray &#8211; Fenerbah\u00e7e derbisinin VAR hakemi belli oldu!"},"content":{"rendered":"\n<p><strong>S\u00fcper Lig&#8217;in 31. haftas\u0131nda oynanacak Galatasaray &#8211; Fenerbah\u00e7e ma\u00e7\u0131n\u0131n VAR hakemi belli oldu.<\/strong><\/p>\n\n\n\n<p>Trendyol S\u00fcper Lig&#8217;in 31. haftas\u0131nda&nbsp;<strong>Galatasaray<\/strong>&nbsp;ile&nbsp;<strong>Fenerbah\u00e7e<\/strong>&nbsp;kar\u015f\u0131 kar\u015f\u0131ya gelecek.<\/p>\n\n\n\n<p>Rams Park&#8217;ta saat 20.00&#8217;de ba\u015flayacak m\u00fcsabakan\u0131n VAR hakemi belli oldu.&nbsp;<\/p>\n\n\n\n<p>MHK&#8217;den yap\u0131lan a\u00e7\u0131klamaya g\u00f6re kar\u015f\u0131la\u015fman\u0131n VAR hakemi&nbsp;<strong>\u00d6mer Faruk Turtay<\/strong>&nbsp;oldu. AVAR&#8217;da ise \u0130brahim \u00c7a\u011flar Uyarcan, AVAR2&#8217;de ise Abdullah Bu\u011fra Ta\u015fk\u0131nsoy g\u00f6rev yapacak.<\/p>\n\n\n\n<p>Dev m\u00fccadeleyi Yasin Kol y\u00f6netecek. Kol&#8217;un yard\u0131mc\u0131l\u0131klar\u0131n\u0131 Abdullah Bora \u00d6zkara ve Bahtiyar Birinci yapacak. M\u00fccadelenin d\u00f6rd\u00fcnc\u00fc hakemi ise \u00c7a\u011fda\u015f Altay olacak.<\/p>\n\n\n\n<p>26.04.2026 15:31<\/p>\n\n\n\n<p>Kaynak: <a href=\"https:\/\/www.cumhuriyet.com.tr\/spor\/galatasaray-fenerbahce-derbisinin-var-hakemi-aciklandi-2498553\">https:\/\/www.cumhuriyet.com.tr\/spor\/galatasaray-fenerbahce-derbisinin-var-hakemi-aciklandi-2498553<\/a><strong><br><\/strong><br><\/p>\n","protected":false},"excerpt":{"rendered":"<p>S\u00fcper Lig&#8217;in 31. haftas\u0131nda oynanacak Galatasaray &#8211; Fenerbah\u00e7e ma\u00e7\u0131n\u0131n VAR hakemi belli oldu. Trendyol S\u00fcper Lig&#8217;in 31. haftas\u0131nda&nbsp;Galatasaray&nbsp;ile&nbsp;Fenerbah\u00e7e&nbsp;kar\u015f\u0131 kar\u015f\u0131ya gelecek. Rams Park&#8217;ta saat 20.00&#8217;de ba\u015flayacak m\u00fcsabakan\u0131n VAR hakemi belli oldu.&nbsp; MHK&#8217;den yap\u0131lan a\u00e7\u0131klamaya g\u00f6re kar\u015f\u0131la\u015fman\u0131n VAR hakemi&nbsp;\u00d6mer Faruk Turtay&nbsp;oldu. AVAR&#8217;da ise \u0130brahim \u00c7a\u011flar Uyarcan, AVAR2&#8217;de ise Abdullah Bu\u011fra Ta\u015fk\u0131nsoy g\u00f6rev yapacak. Dev m\u00fccadeleyi Yasin Kol&#8230;<\/p>\n","protected":false},"author":2,"featured_media":7318,"comment_status":"open","ping_status":"open","sticky":false,"template":"","format":"standard","meta":{"_jetpack_memberships_contains_paid_content":false,"footnotes":""},"categories":[8],"tags":[94,88,464],"class_list":["post-7317","post","type-post","status-publish","format-standard","has-post-thumbnail","hentry","category-spor","tag-fenerbahce","tag-galatasaray","tag-var-hakemi"],"jetpack_featured_media_url":"https:\/\/dbsnewsmedia.com\/wp-content\/uploads\/2026\/04\/0ce93c25-34b0-4077-978e-205f7abbb4e7-1.webp","jetpack_sharing_enabled":true,"_links":{"self":[{"href":"https:\/\/dbsnewsmedia.com\/index.php?rest_route=\/wp\/v2\/posts\/7317","targetHints":{"allow":["GET"]}}],"collection":[{"href":"https:\/\/dbsnewsmedia.com\/index.php?rest_route=\/wp\/v2\/posts"}],"about":[{"href":"https:\/\/dbsnewsmedia.com\/index.php?rest_route=\/wp\/v2\/types\/post"}],"author":[{"embeddable":true,"href":"https:\/\/dbsnewsmedia.com\/index.php?rest_route=\/wp\/v2\/users\/2"}],"replies":[{"embeddable":true,"href":"https:\/\/dbsnewsmedia.com\/index.php?rest_route=%2Fwp%2Fv2%2Fcomments&post=7317"}],"version-history":[{"count":1,"href":"https:\/\/dbsnewsmedia.com\/index.php?rest_route=\/wp\/v2\/posts\/7317\/revisions"}],"predecessor-version":[{"id":7319,"href":"https:\/\/dbsnewsmedia.com\/index.php?rest_route=\/wp\/v2\/posts\/7317\/revisions\/7319"}],"wp:featuredmedia":[{"embeddable":true,"href":"https:\/\/dbsnewsmedia.com\/index.php?rest_route=\/wp\/v2\/media\/7318"}],"wp:attachment":[{"href":"https:\/\/dbsnewsmedia.com\/index.php?rest_route=%2Fwp%2Fv2%2Fmedia&parent=7317"}],"wp:term":[{"taxonomy":"category","embeddable":true,"href":"https:\/\/dbsnewsmedia.com\/index.php?rest_route=%2Fwp%2Fv2%2Fcategories&post=7317"},{"taxonomy":"post_tag","embeddable":true,"href":"https:\/\/dbsnewsmedia.com\/index.php?rest_route=%2Fwp%2Fv2%2Ftags&post=7317"}],"curies":[{"name":"wp","href":"https:\/\/api.w.org\/{rel}","templated":true}]}}