{"id":7320,"date":"2026-04-26T15:41:13","date_gmt":"2026-04-26T12:41:13","guid":{"rendered":"https:\/\/dbsnewsmedia.com\/?p=7320"},"modified":"2026-04-26T15:41:13","modified_gmt":"2026-04-26T12:41:13","slug":"istanbulda-derbi-mesaisi-5-bin-800-polis-gorev-basinda-olacak","status":"publish","type":"post","link":"https:\/\/dbsnewsmedia.com\/?p=7320","title":{"rendered":"\u0130stanbul&#8217;da derbi mesaisi: 5 bin 800 polis g\u00f6rev ba\u015f\u0131nda olacak"},"content":{"rendered":"\n<p><strong>Trendyol S\u00fcper Lig&#8217;in 31. haftas\u0131nda Galatasaray sahas\u0131nda Fenerbah\u00e7e&#8217;yi a\u011f\u0131rlayacak. \u0130stanbul \u0130l Emniyet M\u00fcd\u00fcrl\u00fc\u011f\u00fc, zorlu kar\u015f\u0131la\u015fmada \u00f6nlemleri \u00fcst seviyede tuttu. Stadyum i\u00e7i ve \u00e7evresinde 5 bin 800 polis haz\u0131r bulunacak. Ula\u015f\u0131m ara\u00e7lar\u0131nda, taraftarlar\u0131n ve tak\u0131mlar\u0131n kullanacaklar\u0131 g\u00fczerg\u00e2hlarda \u00e7ok s\u0131k\u0131 tedbirler al\u0131nacak.<\/strong><\/p>\n\n\n\n<p>Ali Sami Yen Spor Kompleksi\u00a0RAMS Park&#8217;ta oynanacak olan\u00a0Galatasaray &#8211; Fenerbah\u00e7e derbisiyle ilgili \u0130stanbul \u0130l Emniyet M\u00fcd\u00fcrl\u00fc\u011f\u00fc taraf\u0131ndan s\u0131k\u0131 tedbirler al\u0131nd\u0131. \u0130stanbul Emniyet M\u00fcd\u00fcr\u00fc Selami Y\u0131ld\u0131z&#8217;\u0131n talimat\u0131yla titizlikle planlanarak ve olumsuz olaylar\u0131n \u00f6n\u00fcne ge\u00e7ilebilmesi i\u00e7in al\u0131nan \u00fcst d\u00fczey tedbirlerle \u015fiddete ge\u00e7it verilmeyecek. Sabah&#8217;\u0131n haberine g\u00f6re dev derbide stat i\u00e7i ve \u00e7evresinde ma\u00e7 g\u00fcn\u00fc yakla\u015f\u0131k 2 bini \u00c7evik Kuvvet olmak \u00fczere toplamda 5 bin 800 polis g\u00f6rev yapacak. Ma\u00e7 g\u00fcn\u00fc \u0130stanbul Emniyeti Spor G\u00fcvenli\u011fi \u015eube M\u00fcd\u00fcrl\u00fc\u011f\u00fc, \u00c7evik Kuvvet \u015eube M\u00fcd\u00fcrl\u00fc\u011f\u00fc ve Trafik Denetleme \u015eube M\u00fcd\u00fcrl\u00fc\u011f\u00fc Polisleri koordineli bir \u015fekilde haz\u0131r bulunacak.<\/p>\n\n\n\n<p>Sabah saatlerinden itibaren ma\u00e7 sonu taraftarlar tamamen da\u011f\u0131lana s\u0131k\u0131 tedbirler s\u00fcrecek. \u0130l\u00e7elerde, ula\u015f\u0131m ara\u00e7lar\u0131nda, Fenerbah\u00e7e taraftarlar\u0131n\u0131n toplanarak RAMS Park&#8217;a gelecekleri \u015e\u00fckr\u00fc Saraco\u011flu Spor Kompleksi&#8217;nde, taraftar gruplar\u0131, tak\u0131mlar\u0131n kullanacaklar\u0131 g\u00fczerg\u00e2hlarda, kul\u00fcp tesisleri, ma\u011fazalar\u0131n\u0131n bulundu\u011fu noktalarda ve taraftarlar\u0131n yo\u011fun olaca\u011f\u0131 alanlarda da polisler taraf\u0131ndan \u00f6nleyici tedbirler al\u0131nacak. Stadyuma giri\u015flerde de aramalar s\u0131k\u0131 tutulacak.<\/p>\n\n\n\n<p><strong>600 M\u0130LYON EURO&#8217;LUK DERB\u0130<\/strong><\/p>\n\n\n\n<p>Derbi\u00a0S\u00fcper Lig\u00a0tarihinin en pahal\u0131 kar\u015f\u0131la\u015fmas\u0131 olacak. Galatasaray ile Fenerbah\u00e7e&#8217;nin toplam kadro de\u011feri yakla\u015f\u0131k 600 milyon Euro&#8217;yu buluyor. Aslan&#8217;\u0131n 345 milyon Euro seviyesinde seyrederken\u00a0Kanarya&#8217;n\u0131n ise 248 milyon Euro olarak \u00f6ne \u00e7\u0131k\u0131yor. Galatasaray&#8217;\u0131n en de\u011ferli isimlerine bak\u0131ld\u0131\u011f\u0131nda\u00a0Osimhen, 75 milyon Euro ile listenin zirvesinde. Onu 26 milyon Euro ile\u00a0Bar\u0131\u015f Alper\u00a0takip ediyor.\u00a0Noa Lang\u00a0ve\u00a0Wilfried Singo 25 milyon, Sane ile Sara ise 22 milyon Euro. Fenerbah\u00e7e cephesinde ise Guendouzi 28 milyon Euro ile ilk s\u0131rada. Kerem 22 milyon Euro ile izlerken Alvarez,\u00a0Oosterwolde,\u00a0Nene\u00a0ve Cherif 18&#8217;er milyon Euro.<\/p>\n\n\n\n<p>26.04.2026 15:41<\/p>\n\n\n\n<p>Kaynak: <a href=\"https:\/\/www.fotomac.com.tr\/galatasaray\/2026\/04\/26\/derbide-5-bin-800-polis-gorev-yapacak\">https:\/\/www.fotomac.com.tr\/galatasaray\/2026\/04\/26\/derbide-5-bin-800-polis-gorev-yapacak<\/a><\/p>\n\n\n\n<p><br><\/p>\n","protected":false},"excerpt":{"rendered":"<p>Trendyol S\u00fcper Lig&#8217;in 31. haftas\u0131nda Galatasaray sahas\u0131nda Fenerbah\u00e7e&#8217;yi a\u011f\u0131rlayacak. \u0130stanbul \u0130l Emniyet M\u00fcd\u00fcrl\u00fc\u011f\u00fc, zorlu kar\u015f\u0131la\u015fmada \u00f6nlemleri \u00fcst seviyede tuttu. Stadyum i\u00e7i ve \u00e7evresinde 5 bin 800 polis haz\u0131r bulunacak. Ula\u015f\u0131m ara\u00e7lar\u0131nda, taraftarlar\u0131n ve tak\u0131mlar\u0131n kullanacaklar\u0131 g\u00fczerg\u00e2hlarda \u00e7ok s\u0131k\u0131 tedbirler al\u0131nacak. Ali Sami Yen Spor Kompleksi\u00a0RAMS Park&#8217;ta oynanacak olan\u00a0Galatasaray &#8211; Fenerbah\u00e7e derbisiyle ilgili \u0130stanbul \u0130l Emniyet&#8230;<\/p>\n","protected":false},"author":2,"featured_media":7321,"comment_status":"open","ping_status":"open","sticky":false,"template":"","format":"standard","meta":{"_jetpack_memberships_contains_paid_content":false,"footnotes":""},"categories":[8],"tags":[94,88,96],"class_list":["post-7320","post","type-post","status-publish","format-standard","has-post-thumbnail","hentry","category-spor","tag-fenerbahce","tag-galatasaray","tag-trendyol-super-lig"],"jetpack_featured_media_url":"https:\/\/dbsnewsmedia.com\/wp-content\/uploads\/2026\/04\/829x469-derbide-5-bin-800-polis-gorev-yapacak-1777195504100.jpeg","jetpack_sharing_enabled":true,"_links":{"self":[{"href":"https:\/\/dbsnewsmedia.com\/index.php?rest_route=\/wp\/v2\/posts\/7320","targetHints":{"allow":["GET"]}}],"collection":[{"href":"https:\/\/dbsnewsmedia.com\/index.php?rest_route=\/wp\/v2\/posts"}],"about":[{"href":"https:\/\/dbsnewsmedia.com\/index.php?rest_route=\/wp\/v2\/types\/post"}],"author":[{"embeddable":true,"href":"https:\/\/dbsnewsmedia.com\/index.php?rest_route=\/wp\/v2\/users\/2"}],"replies":[{"embeddable":true,"href":"https:\/\/dbsnewsmedia.com\/index.php?rest_route=%2Fwp%2Fv2%2Fcomments&post=7320"}],"version-history":[{"count":1,"href":"https:\/\/dbsnewsmedia.com\/index.php?rest_route=\/wp\/v2\/posts\/7320\/revisions"}],"predecessor-version":[{"id":7322,"href":"https:\/\/dbsnewsmedia.com\/index.php?rest_route=\/wp\/v2\/posts\/7320\/revisions\/7322"}],"wp:featuredmedia":[{"embeddable":true,"href":"https:\/\/dbsnewsmedia.com\/index.php?rest_route=\/wp\/v2\/media\/7321"}],"wp:attachment":[{"href":"https:\/\/dbsnewsmedia.com\/index.php?rest_route=%2Fwp%2Fv2%2Fmedia&parent=7320"}],"wp:term":[{"taxonomy":"category","embeddable":true,"href":"https:\/\/dbsnewsmedia.com\/index.php?rest_route=%2Fwp%2Fv2%2Fcategories&post=7320"},{"taxonomy":"post_tag","embeddable":true,"href":"https:\/\/dbsnewsmedia.com\/index.php?rest_route=%2Fwp%2Fv2%2Ftags&post=7320"}],"curies":[{"name":"wp","href":"https:\/\/api.w.org\/{rel}","templated":true}]}}