{"id":7323,"date":"2026-04-26T16:22:51","date_gmt":"2026-04-26T13:22:51","guid":{"rendered":"https:\/\/dbsnewsmedia.com\/?p=7323"},"modified":"2026-04-26T16:22:51","modified_gmt":"2026-04-26T13:22:51","slug":"avrupa-birligi-genisliyor-karadag-28-uye-olmak-icin-geri-sayima-basladi","status":"publish","type":"post","link":"https:\/\/dbsnewsmedia.com\/?p=7323","title":{"rendered":"Avrupa Birli\u011fi Geni\u015fliyor: Karada\u011f 28. \u00dcye Olmak \u0130\u00e7in Geri Say\u0131ma Ba\u015flad\u0131"},"content":{"rendered":"\n<p>Toplamda 623 bin n\u00fcfusu bulunan Karada\u011f, Avrupa Birli\u011fi&#8217;ne (AB) girmeye haz\u0131rlan\u0131yor. Y\u0131llar s\u00fcren \u00e7al\u0131\u015fmalar\u0131n sonucunda hedefine ula\u015fmak \u00fczere olan \u00fclke birli\u011fin 28. \u00fcyesi olacak. 2010 y\u0131l\u0131ndan bu yana Avrupa Birli\u011fi aday \u00fclke stat\u00fcs\u00fcnde bulunan Karada\u011f, \u00fcyelik s\u00fcrecinde stratejik bir ilerleme kaydederek 2028 y\u0131l\u0131na kadar Birli\u011fin 28. \u00fcyesi olma yolunda dev bir ad\u0131m att\u0131. AB \u00fcyesi \u00fclkelerin b\u00fcy\u00fckel\u00e7ileri, Balkan \u00fclkesinin kat\u0131l\u0131m anla\u015fmas\u0131n\u0131n tasla\u011f\u0131n\u0131 haz\u0131rlamak \u00fczere bir &#8220;ge\u00e7ici \u00e7al\u0131\u015fma grubu&#8221; kurulmas\u0131n\u0131 kararla\u015ft\u0131rd\u0131. AB Konseyi Ba\u015fkan\u0131 Antonio Costa taraf\u0131ndan &#8220;kilit bir d\u00f6n\u00fcm noktas\u0131&#8221; olarak nitelendirilen bu karar, Karada\u011f&#8217;\u0131n AB vizyonu i\u00e7in somut bir ba\u015flang\u0131\u00e7 te\u015fkil ediyor.<\/p>\n\n\n\n<p><strong>Kat\u0131l\u0131m Anla\u015fmas\u0131 Tasla\u011f\u0131 Haz\u0131rlan\u0131yor: 14 Y\u0131ll\u0131k Maratonun Son A\u015famas\u0131<\/strong><\/p>\n\n\n\n<p>\u00a0Podgoritsa&#8217;da d\u00fczenlenen Ortak \u0130sti\u015fare Komitesi toplant\u0131s\u0131nda de\u011ferlendirmelerde bulunan Avrupa \u0130\u015fleri Bakan\u0131 Maida Gorcevic, kat\u0131l\u0131m anla\u015fmas\u0131n\u0131n haz\u0131rlanma a\u015famas\u0131na ge\u00e7ilmesini, 14 y\u0131ld\u0131r s\u00fcregelen \u00fcyelik maratonunun &#8220;son turuna&#8221;girilmesi olarak tan\u0131mlad\u0131. Gorcevic, sivil toplum kurulu\u015flar\u0131n\u0131n \u00e7al\u0131\u015fma gruplar\u0131na sa\u011flad\u0131\u011f\u0131 katk\u0131n\u0131n alt\u0131n\u0131 \u00e7izerek, s\u00fcrecin son a\u015famas\u0131n\u0131n Karada\u011f&#8217;\u0131 2028&#8217;de tam \u00fcyeli\u011fe ta\u015f\u0131yaca\u011f\u0131n\u0131 belirtti.<\/p>\n\n\n\n<p><strong>Fiili Euro B\u00f6lgesi \u00dcyesi: Karada\u011f&#8217;\u0131n Ekonomik Entegrasyon ve Reform S\u00fcreci<\/strong>\u00a0<\/p>\n\n\n\n<p>H\u0131rvatistan&#8217;\u0131n 2013&#8217;teki kat\u0131l\u0131m\u0131ndan bu yana en iddial\u0131 adaylardan biri olarak \u00f6ne \u00e7\u0131kan Karada\u011f, halihaz\u0131rda resmi bir Euro B\u00f6lgesi \u00fcyesi olmamas\u0131na ra\u011fmen euroyu para birimi olarak kullanmas\u0131yla di\u011fer adaylardan ayr\u0131\u015f\u0131yor. 35 m\u00fczakere ba\u015fl\u0131\u011f\u0131ndan 14&#8217;\u00fcn\u00fc ba\u015far\u0131yla tamamlayan Podgorica y\u00f6netimi, vergi politikalar\u0131ndan \u00e7evre d\u00fczenlemelerine kadar geni\u015f bir yelpazede reformlar\u0131n\u0131 s\u00fcrd\u00fcr\u00fcyor. Avrupa Komisyonu&#8217;nun Geni\u015flemeden Sorumlu \u00dcyesi Marta Kos da Karada\u011f&#8217;\u0131n AB i\u00e7indeki yerinin belirginle\u015fmeye ba\u015flad\u0131\u011f\u0131n\u0131 belirterek, s\u00fcrecin ge\u00e7mi\u015f geni\u015fleme deneyimlerinden ders al\u0131narak daha g\u00fc\u00e7l\u00fc g\u00fcvencelerle y\u00fcr\u00fct\u00fcld\u00fc\u011f\u00fcn\u00fc ifade etti.<\/p>\n\n\n\n<p>26.04.2026,16.22<\/p>\n\n\n\n<p>Kaynak:<a href=\"https:\/\/www.sozcu.com.tr\/sivas-kadar-nufusu-olan-ulke-resmen-ab-ye-katiliyor-p314461\">https:\/\/www.sozcu.com.tr\/sivas-kadar-nufusu-olan-ulke-resmen-ab-ye-katiliyor-p314461<\/a><\/p>\n\n\n\n<p>Edit\u00f6r\u00fcn Notu: S\u00f6zc\u00fc Gazetesi\u2019nde yay\u0131mlanan bu haber, \u00f6z\u00fcne sad\u0131k kal\u0131narak yeniden d\u00fczenlenmi\u015ftir.<br><\/p>\n","protected":false},"excerpt":{"rendered":"<p>&#8220;Avrupa Birli\u011fi&#8217;nin (AB) geni\u015fleme politikas\u0131nda tarihi bir d\u00f6n\u00fcm noktas\u0131na girildi. 2010 y\u0131l\u0131ndan bu yana aday \u00fclke stat\u00fcs\u00fcnde olan ve fiili olarak Euro kullanan Karada\u011f&#8217;\u0131n, kat\u0131l\u0131m anla\u015fmas\u0131 tasla\u011f\u0131n\u0131n haz\u0131rlanmas\u0131 i\u00e7in resmi \u00e7al\u0131\u015fma ba\u015flat\u0131ld\u0131. Kapsaml\u0131 reformlar\u0131n\u0131 s\u00fcrd\u00fcren Balkan \u00fclkesinin 2028 y\u0131l\u0131na kadar Birli\u011fin 28. \u00fcyesi olmas\u0131 bekleniyor.&#8221;<\/p>\n","protected":false},"author":3,"featured_media":7324,"comment_status":"open","ping_status":"open","sticky":false,"template":"","format":"standard","meta":{"_jetpack_memberships_contains_paid_content":false,"footnotes":""},"categories":[3],"tags":[2269],"class_list":["post-7323","post","type-post","status-publish","format-standard","has-post-thumbnail","hentry","category-dunya","tag-avrupabirligi-karadag-dishaberler-dunyagundemi-avrupakonseyi-balkanlar-abgenislemesi-kureselpolitika"],"jetpack_featured_media_url":"https:\/\/dbsnewsmedia.com\/wp-content\/uploads\/2026\/04\/adasadsaxsxsjpg-7H1uqwPRA0WXeikvMY-6hQ.JPG.webp","jetpack_sharing_enabled":true,"_links":{"self":[{"href":"https:\/\/dbsnewsmedia.com\/index.php?rest_route=\/wp\/v2\/posts\/7323","targetHints":{"allow":["GET"]}}],"collection":[{"href":"https:\/\/dbsnewsmedia.com\/index.php?rest_route=\/wp\/v2\/posts"}],"about":[{"href":"https:\/\/dbsnewsmedia.com\/index.php?rest_route=\/wp\/v2\/types\/post"}],"author":[{"embeddable":true,"href":"https:\/\/dbsnewsmedia.com\/index.php?rest_route=\/wp\/v2\/users\/3"}],"replies":[{"embeddable":true,"href":"https:\/\/dbsnewsmedia.com\/index.php?rest_route=%2Fwp%2Fv2%2Fcomments&post=7323"}],"version-history":[{"count":1,"href":"https:\/\/dbsnewsmedia.com\/index.php?rest_route=\/wp\/v2\/posts\/7323\/revisions"}],"predecessor-version":[{"id":7325,"href":"https:\/\/dbsnewsmedia.com\/index.php?rest_route=\/wp\/v2\/posts\/7323\/revisions\/7325"}],"wp:featuredmedia":[{"embeddable":true,"href":"https:\/\/dbsnewsmedia.com\/index.php?rest_route=\/wp\/v2\/media\/7324"}],"wp:attachment":[{"href":"https:\/\/dbsnewsmedia.com\/index.php?rest_route=%2Fwp%2Fv2%2Fmedia&parent=7323"}],"wp:term":[{"taxonomy":"category","embeddable":true,"href":"https:\/\/dbsnewsmedia.com\/index.php?rest_route=%2Fwp%2Fv2%2Fcategories&post=7323"},{"taxonomy":"post_tag","embeddable":true,"href":"https:\/\/dbsnewsmedia.com\/index.php?rest_route=%2Fwp%2Fv2%2Ftags&post=7323"}],"curies":[{"name":"wp","href":"https:\/\/api.w.org\/{rel}","templated":true}]}}