{"id":7330,"date":"2026-04-26T16:39:29","date_gmt":"2026-04-26T13:39:29","guid":{"rendered":"https:\/\/dbsnewsmedia.com\/?p=7330"},"modified":"2026-04-26T16:39:29","modified_gmt":"2026-04-26T13:39:29","slug":"turizm-dunyasi-bu-turk-koyunu-konusuyor-kazdaglarinin-incisi-adatepe-zirveye-aday","status":"publish","type":"post","link":"https:\/\/dbsnewsmedia.com\/?p=7330","title":{"rendered":"Turizm D\u00fcnyas\u0131 Bu T\u00fcrk K\u00f6y\u00fcn\u00fc Konu\u015fuyor: Kazda\u011flar\u0131&#8217;n\u0131n \u0130ncisi Adatepe Zirveye Aday"},"content":{"rendered":"\n<p>\u00c7anakkale&#8217;nin Ayvac\u0131k il\u00e7esinde bulunan Adatepe k\u00f6y\u00fc, Birle\u015fmi\u015f Milletler (BM) Turizm Te\u015fkilat\u0131 taraf\u0131ndan d\u00fczenlenen &#8220;2026 En \u0130yi Turizm K\u00f6y\u00fc&#8221; program\u0131nda T\u00fcrkiye&#8217;yi temsil edecek adaylar aras\u0131na se\u00e7ildi. Kazda\u011flar\u0131&#8217;n\u0131n eteklerinde yer alan tarihi yerle\u015fim, geleneksel mimari dokusunu koruma ba\u015far\u0131s\u0131 ve s\u00fcrd\u00fcr\u00fclebilir turizm \u00e7al\u0131\u015fmalar\u0131yla uluslararas\u0131 arenada zirveye aday g\u00f6sterildi. 19. y\u00fczy\u0131l Osmanl\u0131-Rum mimarisini yans\u0131tan ta\u015f evleri, Arnavut kald\u0131r\u0131ml\u0131 sokaklar\u0131 ve tarihi dokusuyla dikkat \u00e7eken Adatepe, d\u00fcnya klasman\u0131nda en iyiler aras\u0131nda yer almak i\u00e7in oylama s\u00fcrecine girdi. K\u00f6y\u00fcn sahip oldu\u011fu k\u00fclt\u00fcrel miras ve do\u011fayla uyumlu yap\u0131la\u015fmas\u0131, adayl\u0131k s\u00fcrecindeki en g\u00fc\u00e7l\u00fc kriterler olarak kaydedildi.<\/p>\n\n\n\n<p><strong>S\u00fcrd\u00fcr\u00fclebilir Turizmin Temeli: 1989&#8217;dan Bug\u00fcne Korunan \u00d6zg\u00fcn Mimari Dokusu<\/strong>\u00a0<\/p>\n\n\n\n<p>Adatepe&#8217;nin g\u00fcn\u00fcm\u00fczdeki \u00f6zg\u00fcn g\u00f6r\u00fcn\u00fcm\u00fcn\u00fc korumas\u0131ndaki en kritik e\u015fik, 1989 y\u0131l\u0131nda b\u00f6lgenin sit alan\u0131 ilan edilmesi oldu. 1980&#8217;li y\u0131llarda ba\u015flayan restorasyon s\u00fcre\u00e7leriyle birlikte, m\u00fcbadele sonras\u0131 Girit&#8217;ten gelen T\u00fcrklerin yerle\u015fti\u011fi k\u00f6yde mimarlar ve sanat\u00e7\u0131lar taraf\u0131ndan geni\u015f kapsaml\u0131 bir ihya \u00e7al\u0131\u015fmas\u0131 y\u00fcr\u00fct\u00fcld\u00fc. Yap\u0131lan hukuki d\u00fczenlemeler ve mimari hassasiyetler sayesinde, tarihi ta\u015f konaklar\u0131n ve avlular\u0131n bozulmadan g\u00fcn\u00fcm\u00fcze ula\u015fmas\u0131 sa\u011fland\u0131.<\/p>\n\n\n\n<p><strong>K\u00fclt\u00fcr Gezginlerinin Yeni Rotas\u0131: Antik \u00c7a\u011flardan Osmanl\u0131&#8217;ya Uzanan &#8216;A\u00e7\u0131k Hava M\u00fczesi&#8217;<\/strong><\/p>\n\n\n\n<p>\u00a0Antik kaynaklarda &#8220;Gargaros&#8221; ismiyle an\u0131lan k\u00f6y; Pers, Roma, Sel\u00e7uklu ve Osmanl\u0131 gibi pek \u00e7ok medeniyetin izlerini bar\u0131nd\u0131r\u0131yor. B\u00f6lgenin giri\u015finde konumlanan ve Ege Denizi&#8217;ne hakim bir noktada yer alan Zeus Altar\u0131, as\u0131rl\u0131k tarihi cami ve e\u011fitim k\u00fclt\u00fcr\u00fcn\u00fcn simgesi olan Ta\u015f Mektep, yerle\u015fimin tarihi derinli\u011fini belgeleyen yap\u0131lar olarak \u00f6ne \u00e7\u0131k\u0131yor. Adatepe, bar\u0131nd\u0131rd\u0131\u011f\u0131 bu katmanl\u0131 k\u00fclt\u00fcrel miras\u0131yla a\u00e7\u0131k hava m\u00fczesi stat\u00fcs\u00fcnde de\u011ferlendiriliyor.<\/p>\n\n\n\n<p><strong>K\u00fcresel Turizm Haritas\u0131nda Yeni Rota: S\u00fcrd\u00fcr\u00fclebilir Turizmde D\u00fcnya Markas\u0131 Hedefi<\/strong><\/p>\n\n\n\n<p>\u00a0BM Turizm Te\u015fkilat\u0131&#8217;n\u0131n program\u0131na dahil edilerek k\u00fcresel bir marka olma yolunda ilerleyen k\u00f6yde, adayl\u0131k s\u00fcreci b\u00f6lge halk\u0131 ve turizm sekt\u00f6r\u00fc taraf\u0131ndan stratejik bir geli\u015fme olarak kar\u015f\u0131land\u0131. Yerel k\u00fclt\u00fcr\u00fcn korunmas\u0131, k\u0131rsal kalk\u0131nman\u0131n desteklenmesi ve geleneksel dokunun modern turizmle entegrasyonu, Adatepe&#8217;nin &#8220;d\u00fcnyan\u0131n en iyisi&#8221; unvan\u0131n\u0131 alma \u015fans\u0131n\u0131 art\u0131r\u0131yor. Oylama sonu\u00e7lar\u0131n\u0131n a\u00e7\u0131klanmas\u0131n\u0131n ard\u0131ndan Adatepe&#8217;nin k\u00fcresel turizm haritalar\u0131ndaki konumunun peki\u015fmesi bekleniyor.<\/p>\n\n\n\n<p>26.04.2026,16.38<\/p>\n\n\n\n<p>Kaynak:<a href=\"https:\/\/www.sozcu.com.tr\/dunya-bu-turk-koyunu-konusuyor-rakiplerini-tek-tek-eledi-p314453\">https:\/\/www.sozcu.com.tr\/dunya-bu-turk-koyunu-konusuyor-rakiplerini-tek-tek-eledi-p314453<\/a><\/p>\n\n\n\n<p>Edit\u00f6r\u00fcn Notu: S\u00f6zc\u00fc Gazetesi\u2019nde yay\u0131mlanan bu haber, \u00f6z\u00fcne sad\u0131k kal\u0131narak yeniden d\u00fczenlenmi\u015ftir.<br><\/p>\n","protected":false},"excerpt":{"rendered":"<p>&#8220;Birle\u015fmi\u015f Milletler (BM) Turizm Te\u015fkilat\u0131&#8217;n\u0131n prestijli program\u0131nda T\u00fcrkiye&#8217;yi temsil edecek olan Kazda\u011flar\u0131&#8217;n\u0131n incisi Adatepe, turizm d\u00fcnyas\u0131n\u0131n dikkatini \u00fczerine \u00e7ekti. S\u00fcrd\u00fcr\u00fclebilir turizm \u00e7al\u0131\u015fmalar\u0131, korunan tarihi ta\u015f evleri ve k\u00fclt\u00fcrel miras\u0131yla rakiplerini geride b\u0131rakan \u00c7anakkale&#8217;nin tarihi k\u00f6y\u00fc, &#8216;D\u00fcnyan\u0131n En \u0130yi Turizm K\u00f6y\u00fc&#8217; olmak i\u00e7in g\u00fcn say\u0131yor.&#8221;<\/p>\n","protected":false},"author":3,"featured_media":7333,"comment_status":"open","ping_status":"open","sticky":false,"template":"","format":"standard","meta":{"_jetpack_memberships_contains_paid_content":false,"footnotes":""},"categories":[11],"tags":[2271],"class_list":["post-7330","post","type-post","status-publish","format-standard","has-post-thumbnail","hentry","category-turizm","tag-turizmhaberleri-adatepe-canakkaleturizmi-kulturturizmi-surdurulebilirturizm-seyahatrotalari-kirsalturizm-bmturizmteskilati"],"jetpack_featured_media_url":"https:\/\/dbsnewsmedia.com\/wp-content\/uploads\/2026\/04\/dajpg-9QAbYb0CI0_a8OZGOs1vBA.jpg.webp","jetpack_sharing_enabled":true,"_links":{"self":[{"href":"https:\/\/dbsnewsmedia.com\/index.php?rest_route=\/wp\/v2\/posts\/7330","targetHints":{"allow":["GET"]}}],"collection":[{"href":"https:\/\/dbsnewsmedia.com\/index.php?rest_route=\/wp\/v2\/posts"}],"about":[{"href":"https:\/\/dbsnewsmedia.com\/index.php?rest_route=\/wp\/v2\/types\/post"}],"author":[{"embeddable":true,"href":"https:\/\/dbsnewsmedia.com\/index.php?rest_route=\/wp\/v2\/users\/3"}],"replies":[{"embeddable":true,"href":"https:\/\/dbsnewsmedia.com\/index.php?rest_route=%2Fwp%2Fv2%2Fcomments&post=7330"}],"version-history":[{"count":1,"href":"https:\/\/dbsnewsmedia.com\/index.php?rest_route=\/wp\/v2\/posts\/7330\/revisions"}],"predecessor-version":[{"id":7334,"href":"https:\/\/dbsnewsmedia.com\/index.php?rest_route=\/wp\/v2\/posts\/7330\/revisions\/7334"}],"wp:featuredmedia":[{"embeddable":true,"href":"https:\/\/dbsnewsmedia.com\/index.php?rest_route=\/wp\/v2\/media\/7333"}],"wp:attachment":[{"href":"https:\/\/dbsnewsmedia.com\/index.php?rest_route=%2Fwp%2Fv2%2Fmedia&parent=7330"}],"wp:term":[{"taxonomy":"category","embeddable":true,"href":"https:\/\/dbsnewsmedia.com\/index.php?rest_route=%2Fwp%2Fv2%2Fcategories&post=7330"},{"taxonomy":"post_tag","embeddable":true,"href":"https:\/\/dbsnewsmedia.com\/index.php?rest_route=%2Fwp%2Fv2%2Ftags&post=7330"}],"curies":[{"name":"wp","href":"https:\/\/api.w.org\/{rel}","templated":true}]}}