{"id":7332,"date":"2026-04-26T16:43:07","date_gmt":"2026-04-26T13:43:07","guid":{"rendered":"https:\/\/dbsnewsmedia.com\/?p=7332"},"modified":"2026-04-26T16:43:07","modified_gmt":"2026-04-26T13:43:07","slug":"turkiyenin-parlayan-degeri-adatepe-koyu-nerede-nereye-bagli","status":"publish","type":"post","link":"https:\/\/dbsnewsmedia.com\/?p=7332","title":{"rendered":"T\u00fcrkiye\u2019nin Parlayan De\u011feri: Adatepe K\u00f6y\u00fc Nerede, Nereye Ba\u011fl\u0131?"},"content":{"rendered":"\n<p class=\"has-medium-font-size\"><strong>Adatepe K\u00f6y\u00fc, Birle\u015fmi\u015f Milletler\u2019in 2026 En \u0130yi Turizm K\u00f6y\u00fc adayl\u0131\u011f\u0131yla birlikte yeniden g\u00fcndeme geldi ve merak konusu oldu. Do\u011fal g\u00fczellikleri ve tarihi dokusuyla \u00f6ne \u00e7\u0131kan Adatepe K\u00f6y\u00fc, Ayvac\u0131k il\u00e7esine ba\u011fl\u0131 olup, \u00c7anakkale s\u0131n\u0131rlar\u0131 i\u00e7erisinde yer al\u0131r. Kaz Da\u011flar\u0131 eteklerinde konumlanan k\u00f6y, ta\u015f evleri ve e\u015fsiz manzaras\u0131yla T\u00fcrkiye\u2019nin en \u00f6zel destinasyonlar\u0131ndan biri olarak g\u00f6steriliyor.<\/strong><\/p>\n\n\n\n<p><strong>Adatepe k\u00f6y\u00fc, Birle\u015fmi\u015f Milletler (BM)<\/strong>\u00a0Turizm Te\u015fkilat\u0131 taraf\u0131ndan y\u00fcr\u00fct\u00fclen<strong>\u00a0&#8220;En \u0130yi Turizm K\u00f6y\u00fc&#8221;<\/strong>\u00a0kapsam\u0131nda T\u00fcrkiye&#8217;yi temsilen aday g\u00f6sterildi.\u00a0<strong>Peki, Adatepe K\u00f6y\u00fc Nerede? 2026 En \u0130yi Turizm K\u00f6y\u00fc Aday\u0131 Adatepe nereye ba\u011fl\u0131?<\/strong>,<\/p>\n\n\n\n<figure class=\"wp-block-image size-full\"><img loading=\"lazy\" decoding=\"async\" width=\"600\" height=\"336\" src=\"https:\/\/dbsnewsmedia.com\/wp-content\/uploads\/2026\/04\/image-185.png\" alt=\"\" class=\"wp-image-7336\" srcset=\"https:\/\/dbsnewsmedia.com\/wp-content\/uploads\/2026\/04\/image-185.png 600w, https:\/\/dbsnewsmedia.com\/wp-content\/uploads\/2026\/04\/image-185-300x168.png 300w\" sizes=\"auto, (max-width: 600px) 100vw, 600px\" \/><\/figure>\n\n\n\n<h3 class=\"wp-block-heading\" style=\"font-size:25px\">ADATEPE K\u00d6Y\u00dc HANG\u0130 B\u00d6LGEDE BULUNUYOR?<\/h3>\n\n\n\n<p>Adatepe K\u00f6y\u00fc,&nbsp;<strong>\u00c7anakkale<\/strong>\u2019nin&nbsp;<strong>Ayvac\u0131k&nbsp;<\/strong>il\u00e7esinde, Kazda\u011flar\u0131\u2019n\u0131n eteklerinde yer almaktad\u0131r. Ege Denizi\u2019nin mavisi ile do\u011fan\u0131n ye\u015filinin bulu\u015ftu\u011fu bu konum, k\u00f6y\u00fc hem do\u011fal hem de turistik a\u00e7\u0131dan benzersiz k\u0131lmaktad\u0131r.<\/p>\n\n\n\n<h3 class=\"wp-block-heading\" style=\"font-size:25px\">ADATEPE K\u00d6Y\u00dcNDE D\u0130KKAT \u00c7EKEN M\u0130MAR\u0130 YAPI VE \u00d6ZELL\u0130KLER<\/h3>\n\n\n\n<p>K\u00f6y\u00fcn en dikkat \u00e7eken y\u00f6nlerinden biri de mimarisidir. 19. y\u00fczy\u0131l Osmanl\u0131-Rum mimarisini yans\u0131tan ta\u015f evler, avlular ve Arnavut kald\u0131r\u0131ml\u0131 sokaklar bug\u00fcne kadar bozulmadan ula\u015fm\u0131\u015ft\u0131r.<\/p>\n\n\n\n<p>Bu \u00f6zellikleri sayesinde Adatepe, adeta bir a\u00e7\u0131k hava m\u00fczesi g\u00f6r\u00fcn\u00fcm\u00fcndedir.<\/p>\n\n\n\n<h3 class=\"wp-block-heading\" style=\"font-size:25px\">ADATEPE K\u00d6Y\u00dcNDE MUTLAKA G\u00d6R\u00dcLMES\u0130 GEREKEN YERLER<\/h3>\n\n\n\n<p>Zeus Altar\u0131 (Ege manzaras\u0131 sunan tarihi nokta)<\/p>\n\n\n\n<p>Tarihi cami<\/p>\n\n\n\n<p>Ta\u015f Mektep<\/p>\n\n\n\n<p>As\u0131rl\u0131k \u00e7\u0131nar a\u011fa\u00e7lar\u0131<\/p>\n\n\n\n<p>Bu yap\u0131lar, ziyaret\u00e7ilere ge\u00e7mi\u015fle i\u00e7 i\u00e7e bir deneyim sunmaktad\u0131r.<\/p>\n\n\n\n<p>26.04.2026 16:43<\/p>\n\n\n\n<p>Kaynak:<a href=\"http:\/\/cumhuriyet.com.tr\/yasam\/adatepe-koyu-nerede-2026-en-iyi-turizm-koyu-adayi-adatepe-nereye-bagli-2498601\">http:\/\/cumhuriyet.com.tr\/yasam\/adatepe-koyu-nerede-2026-en-iyi-turizm-koyu-adayi-adatepe-nereye-bagli-2498601<\/a><\/p>\n","protected":false},"excerpt":{"rendered":"<p>Adatepe K\u00f6y\u00fc, Birle\u015fmi\u015f Milletler\u2019in 2026 En \u0130yi Turizm K\u00f6y\u00fc adayl\u0131\u011f\u0131yla birlikte yeniden g\u00fcndeme geldi ve merak konusu oldu. Do\u011fal g\u00fczellikleri ve tarihi dokusuyla \u00f6ne \u00e7\u0131kan Adatepe K\u00f6y\u00fc, Ayvac\u0131k il\u00e7esine ba\u011fl\u0131 olup, \u00c7anakkale s\u0131n\u0131rlar\u0131 i\u00e7erisinde yer al\u0131r. Kaz Da\u011flar\u0131 eteklerinde konumlanan k\u00f6y, ta\u015f evleri ve e\u015fsiz manzaras\u0131yla T\u00fcrkiye\u2019nin en \u00f6zel destinasyonlar\u0131ndan biri olarak g\u00f6steriliyor. Adatepe k\u00f6y\u00fc,&#8230;<\/p>\n","protected":false},"author":4,"featured_media":7338,"comment_status":"open","ping_status":"open","sticky":false,"template":"","format":"standard","meta":{"_jetpack_memberships_contains_paid_content":false,"footnotes":""},"categories":[2],"tags":[2273],"class_list":["post-7332","post","type-post","status-publish","format-standard","has-post-thumbnail","hentry","category-yasam","tag-adatepe-koyu"],"jetpack_featured_media_url":"https:\/\/dbsnewsmedia.com\/wp-content\/uploads\/2026\/04\/135828437-adatepekapak.webp","jetpack_sharing_enabled":true,"_links":{"self":[{"href":"https:\/\/dbsnewsmedia.com\/index.php?rest_route=\/wp\/v2\/posts\/7332","targetHints":{"allow":["GET"]}}],"collection":[{"href":"https:\/\/dbsnewsmedia.com\/index.php?rest_route=\/wp\/v2\/posts"}],"about":[{"href":"https:\/\/dbsnewsmedia.com\/index.php?rest_route=\/wp\/v2\/types\/post"}],"author":[{"embeddable":true,"href":"https:\/\/dbsnewsmedia.com\/index.php?rest_route=\/wp\/v2\/users\/4"}],"replies":[{"embeddable":true,"href":"https:\/\/dbsnewsmedia.com\/index.php?rest_route=%2Fwp%2Fv2%2Fcomments&post=7332"}],"version-history":[{"count":1,"href":"https:\/\/dbsnewsmedia.com\/index.php?rest_route=\/wp\/v2\/posts\/7332\/revisions"}],"predecessor-version":[{"id":7339,"href":"https:\/\/dbsnewsmedia.com\/index.php?rest_route=\/wp\/v2\/posts\/7332\/revisions\/7339"}],"wp:featuredmedia":[{"embeddable":true,"href":"https:\/\/dbsnewsmedia.com\/index.php?rest_route=\/wp\/v2\/media\/7338"}],"wp:attachment":[{"href":"https:\/\/dbsnewsmedia.com\/index.php?rest_route=%2Fwp%2Fv2%2Fmedia&parent=7332"}],"wp:term":[{"taxonomy":"category","embeddable":true,"href":"https:\/\/dbsnewsmedia.com\/index.php?rest_route=%2Fwp%2Fv2%2Fcategories&post=7332"},{"taxonomy":"post_tag","embeddable":true,"href":"https:\/\/dbsnewsmedia.com\/index.php?rest_route=%2Fwp%2Fv2%2Ftags&post=7332"}],"curies":[{"name":"wp","href":"https:\/\/api.w.org\/{rel}","templated":true}]}}