{"id":7335,"date":"2026-04-26T16:43:26","date_gmt":"2026-04-26T13:43:26","guid":{"rendered":"https:\/\/dbsnewsmedia.com\/?p=7335"},"modified":"2026-04-26T16:43:26","modified_gmt":"2026-04-26T13:43:26","slug":"calido-maris-hotel-2026-sezonunu-acti-erken-rezervasyonda-guclu-ivme","status":"publish","type":"post","link":"https:\/\/dbsnewsmedia.com\/?p=7335","title":{"rendered":"Calido Maris Hotel 2026 Sezonunu A\u00e7t\u0131: Erken Rezervasyonda G\u00fc\u00e7l\u00fc \u0130vme"},"content":{"rendered":"\n<p>Calido Hotels b\u00fcnyesinde faaliyet g\u00f6steren Calido Maris Hotel, t\u00fcm haz\u0131rl\u0131klar\u0131n\u0131 tamamlayarak kap\u0131lar\u0131n\u0131 misafirlerine a\u00e7t\u0131. G\u00fcne\u015fli bir g\u00fcnde ger\u00e7ekle\u015fen a\u00e7\u0131l\u0131\u015fta y\u00f6netim ekibi, erken rezervasyondaki ivmeyi t\u00fcm sezona yaymay\u0131 hedeflediklerini belirtti. T\u00fcrk turizminin dinamik markalar\u0131ndan Calido Hotels grubuna ba\u011fl\u0131 Calido Maris Hotel, 2026 turizm sezonuna g\u00f6rkemli bir ba\u015flang\u0131\u00e7 yapt\u0131. Misafirlerini a\u011f\u0131rlamak i\u00e7in k\u0131\u015f d\u00f6neminde titiz bir haz\u0131rl\u0131k s\u00fcreci ge\u00e7iren tesis, bahar\u0131n ilk s\u0131cak g\u00fcnleriyle birlikte kap\u0131lar\u0131n\u0131 a\u00e7arak sekt\u00f6re dinamizm getirdi.<\/p>\n\n\n\n<p><strong>Genel M\u00fcd\u00fcr Toks\u00f6z&#8217;den Sezon Hedefi: Erken Rezervasyon Ba\u015far\u0131s\u0131 T\u00fcm Y\u0131la Yay\u0131lacak<\/strong>\u00a0<\/p>\n\n\n\n<p>A\u00e7\u0131l\u0131\u015f g\u00fcn\u00fcnde a\u00e7\u0131klamalarda bulunan Calido Maris Hotel Genel M\u00fcd\u00fcr\u00fc R. Hakan Toks\u00f6z, bu y\u0131lki beklentilerinin olduk\u00e7a y\u00fcksek oldu\u011funu ifade etti. Toks\u00f6z, erken rezervasyon d\u00f6neminde yakalanan g\u00fc\u00e7l\u00fc sat\u0131\u015f ivmesinin sezon boyunca korunmas\u0131 gerekti\u011finin alt\u0131n\u0131 \u00e7izerek \u015funlar\u0131 s\u00f6yledi: &#8220;Sezona g\u00fcne\u015fli ve umut dolu bir g\u00fcnde merhaba demenin mutlulu\u011funu ya\u015f\u0131yoruz. T\u00fcm ekibimizle birlikte eksiksiz bir haz\u0131rl\u0131k d\u00f6nemi ge\u00e7irdik. \u015eu ana kadar erken rezervasyon verilerinde ald\u0131\u011f\u0131m\u0131z sat\u0131\u015f ivmesi olduk\u00e7a sevindirici. Temel stratejimiz, bu ivmeyi verimli bir \u015fekilde y\u00f6neterek misafir memnuniyetiyle ta\u00e7land\u0131rmak ve y\u00fcksek doluluk oranlar\u0131yla sezonu tamamlamakt\u0131r.&#8221;<\/p>\n\n\n\n<p><strong>Hizmet Standartlar\u0131 Y\u00fckseliyor: Deneyimli Y\u00f6netim Ekibinden Aile Dostu Konsept Vurgusu<\/strong>\u00a0<\/p>\n\n\n\n<p>\u0130yi Bir Sezon \u0130\u00e7in Y\u00f6netim Ekibi Haz\u0131r Tesisin y\u00f6netim ekibi, a\u00e7\u0131l\u0131\u015f g\u00fcn\u00fcnde bir araya gelerek yeni sezona dair motivasyonlar\u0131n\u0131 payla\u015ft\u0131. Calido Maris Hotel&#8217;in sundu\u011fu y\u00fcksek hizmet standartlar\u0131n\u0131 bu y\u0131l daha da ileriye ta\u015f\u0131may\u0131 ama\u00e7lad\u0131klar\u0131n\u0131 belirten ekip, \u00f6zellikle aile dostu konseptleri ve e\u011flence olanaklar\u0131yla fark yaratacaklar\u0131n\u0131 vurgulad\u0131.<\/p>\n\n\n\n<p><strong>2026 Konseptiyle B\u00f6lgenin Cazibe Merkezi: Zengin Gastronomi ve Geni\u015f Aktivite Alanlar\u0131<\/strong>\u00a0<\/p>\n\n\n\n<p>Calido Maris Hotel\u2019de Bu Sezon Neler Bekleniyor? Calido Hotels grubunun vizyonu do\u011frultusunda yenilenen hizmet anlay\u0131\u015f\u0131yla misafirlerini kar\u015f\u0131layan otel, bu y\u0131l hem yerel hem de uluslararas\u0131 pazarda ad\u0131ndan s\u0131k\u00e7a s\u00f6z ettirmeyi hedefliyor. Modern konaklama birimleri, zengin gastronomi se\u00e7enekleri ve geni\u015f aktivite alanlar\u0131yla Calido Maris Hotel, b\u00f6lgenin en dikkat \u00e7ekici tesislerinden biri olmaya devam ediyor.<\/p>\n\n\n\n<p>26.04.2026,16.42<\/p>\n\n\n\n<p><a href=\"https:\/\/www.turizmdays.com\/news\/calido-maris-hotel-sezona-merhaba-dedi-32214\">https:\/\/www.turizmdays.com\/news\/calido-maris-hotel-sezona-merhaba-dedi-32214<\/a><\/p>\n\n\n\n<p>Edit\u00f6r\u00fcn Notu: Turizm Days  Gazetesi\u2019nde yay\u0131mlanan bu haber, \u00f6z\u00fcne sad\u0131k kal\u0131narak yeniden d\u00fczenlenmi\u015ftir.<br><\/p>\n","protected":false},"excerpt":{"rendered":"<p>&#8220;T\u00fcrk turizminin g\u00fc\u00e7l\u00fc markalar\u0131ndan Calido Hotels b\u00fcnyesindeki Calido Maris Hotel, 2026 turizm sezonunu a\u00e7t\u0131. K\u0131\u015f d\u00f6nemindeki titiz haz\u0131rl\u0131klar\u0131n\u0131 tamamlayan tesis y\u00f6netimi, erken rezervasyon d\u00f6neminde yakalanan g\u00fc\u00e7l\u00fc sat\u0131\u015f ivmesini misafir memnuniyetiyle ta\u00e7land\u0131rarak sezon boyunca y\u00fcksek doluluk oranlar\u0131na ula\u015fmay\u0131 hedefliyor.&#8221;<\/p>\n","protected":false},"author":3,"featured_media":7341,"comment_status":"open","ping_status":"open","sticky":false,"template":"","format":"standard","meta":{"_jetpack_memberships_contains_paid_content":false,"footnotes":""},"categories":[11],"tags":[2272],"class_list":["post-7335","post","type-post","status-publish","format-standard","has-post-thumbnail","hentry","category-turizm","tag-turizmhaberleri-calidomarishotel-erkenrezervasyon-otelcilik-turizmsektoru-seyahatgundemi-konaklama-2026turizmsezonu"],"jetpack_featured_media_url":"https:\/\/dbsnewsmedia.com\/wp-content\/uploads\/2026\/04\/32214_calido-maris-hotel-sezona-merhaba-dedi_0.jpg","jetpack_sharing_enabled":true,"_links":{"self":[{"href":"https:\/\/dbsnewsmedia.com\/index.php?rest_route=\/wp\/v2\/posts\/7335","targetHints":{"allow":["GET"]}}],"collection":[{"href":"https:\/\/dbsnewsmedia.com\/index.php?rest_route=\/wp\/v2\/posts"}],"about":[{"href":"https:\/\/dbsnewsmedia.com\/index.php?rest_route=\/wp\/v2\/types\/post"}],"author":[{"embeddable":true,"href":"https:\/\/dbsnewsmedia.com\/index.php?rest_route=\/wp\/v2\/users\/3"}],"replies":[{"embeddable":true,"href":"https:\/\/dbsnewsmedia.com\/index.php?rest_route=%2Fwp%2Fv2%2Fcomments&post=7335"}],"version-history":[{"count":1,"href":"https:\/\/dbsnewsmedia.com\/index.php?rest_route=\/wp\/v2\/posts\/7335\/revisions"}],"predecessor-version":[{"id":7342,"href":"https:\/\/dbsnewsmedia.com\/index.php?rest_route=\/wp\/v2\/posts\/7335\/revisions\/7342"}],"wp:featuredmedia":[{"embeddable":true,"href":"https:\/\/dbsnewsmedia.com\/index.php?rest_route=\/wp\/v2\/media\/7341"}],"wp:attachment":[{"href":"https:\/\/dbsnewsmedia.com\/index.php?rest_route=%2Fwp%2Fv2%2Fmedia&parent=7335"}],"wp:term":[{"taxonomy":"category","embeddable":true,"href":"https:\/\/dbsnewsmedia.com\/index.php?rest_route=%2Fwp%2Fv2%2Fcategories&post=7335"},{"taxonomy":"post_tag","embeddable":true,"href":"https:\/\/dbsnewsmedia.com\/index.php?rest_route=%2Fwp%2Fv2%2Ftags&post=7335"}],"curies":[{"name":"wp","href":"https:\/\/api.w.org\/{rel}","templated":true}]}}