{"id":7340,"date":"2026-04-26T16:47:17","date_gmt":"2026-04-26T13:47:17","guid":{"rendered":"https:\/\/dbsnewsmedia.com\/?p=7340"},"modified":"2026-04-26T16:47:17","modified_gmt":"2026-04-26T13:47:17","slug":"2026-hidirellez-ne-zaman-hangi-gun-kutlanacak-rituelleri-neler","status":"publish","type":"post","link":"https:\/\/dbsnewsmedia.com\/?p=7340","title":{"rendered":"2026 H\u0131d\u0131rellez Ne Zaman? Hangi G\u00fcn Kutlanacak, Rit\u00fcelleri Neler?"},"content":{"rendered":"\n<p class=\"has-medium-font-size\"><strong>Bahar\u0131n geli\u015fiyle birlikte, y\u00fczy\u0131llard\u0131r s\u00fcrd\u00fcr\u00fclen geleneklerden H\u0131d\u0131rellez i\u00e7in haz\u0131rl\u0131klar yeniden h\u0131z kazand\u0131. Do\u011fan\u0131n uyan\u0131\u015f\u0131n\u0131 simgeleyen bu \u00f6zel g\u00fcn yakla\u015f\u0131rken, bir\u00e7ok ki\u015fi kutlama tarihini ve geleneksel uygulamalar\u0131 merak ediyor. Peki, H\u0131d\u0131rellez 2026\u2019da ne zaman, hangi g\u00fcn ba\u015fl\u0131yor ve bu anlaml\u0131 g\u00fcnde hangi rit\u00fceller ger\u00e7ekle\u015ftiriliyor?<\/strong><\/p>\n\n\n\n<p><strong>T\u00fcrkiye<\/strong>&#8216;de ve&nbsp;<strong>Balkanlar&#8217;<\/strong>da her y\u0131l b\u00fcy\u00fck bir co\u015fkuyla kutlanan&nbsp;<strong>H\u0131d\u0131rellez<\/strong>&nbsp;do\u011fan\u0131n uyan\u0131\u015f\u0131n\u0131 ve yeni ba\u015flang\u0131\u00e7lara olan inanc\u0131 temsil ediyor.&nbsp;<strong>Peki, H\u0131d\u0131rellez ne zaman, hangi g\u00fcn ba\u015fl\u0131yor? 2026 H\u0131d\u0131rellez rit\u00fcelleri<\/strong><\/p>\n\n\n\n<h3 class=\"wp-block-heading\" style=\"font-size:25px\">HIDIRELLEZ HANG\u0130 TAR\u0130HTE KUTLANIR?<\/h3>\n\n\n\n<p>H\u0131d\u0131rellez, bahar\u0131n geli\u015fini ve do\u011fan\u0131n uyan\u0131\u015f\u0131n\u0131 simgeleyen k\u00f6kl\u00fc bir gelenektir. Her y\u0131<strong>l 5 May\u0131s\u2019\u0131 6 May\u0131s\u2019a&nbsp;<\/strong>ba\u011flayan gece itibar\u0131yla kutlamalar ba\u015flar ve bu \u00f6zel g\u00fcn \u00e7e\u015fitli rit\u00fcellerle kar\u015f\u0131lan\u0131r.<\/p>\n\n\n\n<h3 class=\"wp-block-heading\" style=\"font-size:25px\">HIDIRELLEZ\u2019DE YAPILAN GELENEKSEL R\u0130T\u00dcELLER VE KUTLAMALAR NELERD\u0130R?<\/h3>\n\n\n\n<p>\u00dclkemizde H\u0131d\u0131rellez \u015fenlikleri d\u00fczenlenir ve rit\u00fceller yap\u0131l\u0131r. Bunlardan baz\u0131lar\u0131 \u015funlar:<\/p>\n\n\n\n<p><strong>Temizlik Yapmak:<\/strong>&nbsp;H\u0131d\u0131rellez g\u00fcn\u00fcnde H\u0131z\u0131r\u2019\u0131n t\u00fcm evlere u\u011frayaca\u011f\u0131na inan\u0131ld\u0131\u011f\u0131 i\u00e7in, insanlar evlerini ba\u015ftan sona kadar temizler. \u0130nan\u0131\u015fa g\u00f6re H\u0131z\u0131r her eve u\u011frayacakt\u0131r ve her aile i\u00e7in bereketle huzur getirecektir. Temiz olmayan eve gelmeyece\u011fine inan\u0131l\u0131r.<\/p>\n\n\n\n<p><strong>H\u0131d\u0131rellez Dilekleri:&nbsp;<\/strong>Bu kutsal g\u00fcnde her dile\u011fin kabul olaca\u011f\u0131na inan\u0131l\u0131r. Bu sebeple insanlar \u201cH\u0131d\u0131rl\u0131k\u201d ad\u0131 verilen \u00e7evre taraf\u0131ndan kabul g\u00f6r\u00fclen mezarl\u0131k, t\u00fcrbe, yat\u0131r ve tek kalan a\u011fa\u00e7 gibi yerlerde dilek tutmak i\u00e7in toplan\u0131rlar.<\/p>\n\n\n\n<p><strong>A\u011fa\u00e7lar ve \u00c7i\u00e7ekler:<\/strong>&nbsp;H\u0131d\u0131rellez g\u00fcn\u00fcnde baz\u0131 \u00e7i\u00e7ek ve a\u011fa\u00e7lar daha da de\u011ferli olmaktad\u0131r. O g\u00fcn\u00fcn sabah\u0131nda k\u0131rlardan toplan\u0131lan ve yenilebilen bitkiler, g\u00fcn i\u00e7inde t\u00fcketilir.<\/p>\n\n\n\n<p><strong>Bereket Rit\u00fceli:&nbsp;<\/strong>H\u0131z\u0131r\u2019\u0131n eve bereket getirmesi i\u00e7in, geceden tencerelerin kapaklar\u0131 a\u00e7\u0131k b\u0131rak\u0131l\u0131r. C\u00fczdan ve \u00e7antalar\u0131n da yine ayn\u0131 \u015fekilde a\u011f\u0131z k\u0131sm\u0131 kapat\u0131lmaz.<\/p>\n\n\n\n<p><strong>G\u00fcl A\u011fac\u0131na Dilek:<\/strong>&nbsp;H\u0131d\u0131rellez g\u00fcl a\u011fac\u0131na dilek tutarak de\u011fer g\u00f6ren unsurlar aras\u0131nda yer al\u0131r. Bir ka\u011f\u0131da dilekler yaz\u0131l\u0131r, iple ba\u011flan\u0131r ve g\u00fcl a\u011fac\u0131n\u0131n dibinde g\u00f6m\u00fcl\u00fcr. Dilekler renkli \u015feritlerle de anlam kazanacakt\u0131r. G\u00fcl a\u011fac\u0131n\u0131n dallar\u0131na as\u0131lan renkli ipler veya \u015feritler ile H\u0131z\u0131r\u2019dan bir ev, araba veya mutlu bir yuva dilenir.<\/p>\n\n\n\n<p><strong>\u015eenlikler<\/strong>: 6 May\u0131s sabah\u0131ndan ba\u015flayan \u015fenliklerde, tekerlekler yak\u0131larak H\u0131d\u0131rellez ate\u015fi yak\u0131l\u0131r. Bu ate\u015fin \u00fczerinden 3 defa ko\u015farak atlamak da \u015fifa getirecek ve k\u00f6t\u00fcl\u00fckleri yok edecek bir inan\u0131\u015ft\u0131r.<\/p>\n\n\n\n<p>26.04.2026 16:47<\/p>\n\n\n\n<p>Kaynak:<a href=\"https:\/\/www.cumhuriyet.com.tr\/yasam\/hidirellez-ne-zaman-hangi-gun-basliyor-2026-hidirellez-rituelleri-2498584\">https:\/\/www.cumhuriyet.com.tr\/yasam\/hidirellez-ne-zaman-hangi-gun-basliyor-2026-hidirellez-rituelleri-2498584<\/a><\/p>\n","protected":false},"excerpt":{"rendered":"<p>Bahar\u0131n geli\u015fiyle birlikte, y\u00fczy\u0131llard\u0131r s\u00fcrd\u00fcr\u00fclen geleneklerden H\u0131d\u0131rellez i\u00e7in haz\u0131rl\u0131klar yeniden h\u0131z kazand\u0131. Do\u011fan\u0131n uyan\u0131\u015f\u0131n\u0131 simgeleyen bu \u00f6zel g\u00fcn yakla\u015f\u0131rken, bir\u00e7ok ki\u015fi kutlama tarihini ve geleneksel uygulamalar\u0131 merak ediyor. Peki, H\u0131d\u0131rellez 2026\u2019da ne zaman, hangi g\u00fcn ba\u015fl\u0131yor ve bu anlaml\u0131 g\u00fcnde hangi rit\u00fceller ger\u00e7ekle\u015ftiriliyor? T\u00fcrkiye&#8216;de ve&nbsp;Balkanlar&#8217;da her y\u0131l b\u00fcy\u00fck bir co\u015fkuyla kutlanan&nbsp;H\u0131d\u0131rellez&nbsp;do\u011fan\u0131n uyan\u0131\u015f\u0131n\u0131 ve yeni ba\u015flang\u0131\u00e7lara&#8230;<\/p>\n","protected":false},"author":4,"featured_media":7343,"comment_status":"open","ping_status":"open","sticky":false,"template":"","format":"standard","meta":{"_jetpack_memberships_contains_paid_content":false,"footnotes":""},"categories":[2],"tags":[661,2274],"class_list":["post-7340","post","type-post","status-publish","format-standard","has-post-thumbnail","hentry","category-yasam","tag-bahar","tag-hidirellez"],"jetpack_featured_media_url":"https:\/\/dbsnewsmedia.com\/wp-content\/uploads\/2026\/04\/261c3e42-ff3b-4b65-a030-8fac259587c1.webp","jetpack_sharing_enabled":true,"_links":{"self":[{"href":"https:\/\/dbsnewsmedia.com\/index.php?rest_route=\/wp\/v2\/posts\/7340","targetHints":{"allow":["GET"]}}],"collection":[{"href":"https:\/\/dbsnewsmedia.com\/index.php?rest_route=\/wp\/v2\/posts"}],"about":[{"href":"https:\/\/dbsnewsmedia.com\/index.php?rest_route=\/wp\/v2\/types\/post"}],"author":[{"embeddable":true,"href":"https:\/\/dbsnewsmedia.com\/index.php?rest_route=\/wp\/v2\/users\/4"}],"replies":[{"embeddable":true,"href":"https:\/\/dbsnewsmedia.com\/index.php?rest_route=%2Fwp%2Fv2%2Fcomments&post=7340"}],"version-history":[{"count":1,"href":"https:\/\/dbsnewsmedia.com\/index.php?rest_route=\/wp\/v2\/posts\/7340\/revisions"}],"predecessor-version":[{"id":7344,"href":"https:\/\/dbsnewsmedia.com\/index.php?rest_route=\/wp\/v2\/posts\/7340\/revisions\/7344"}],"wp:featuredmedia":[{"embeddable":true,"href":"https:\/\/dbsnewsmedia.com\/index.php?rest_route=\/wp\/v2\/media\/7343"}],"wp:attachment":[{"href":"https:\/\/dbsnewsmedia.com\/index.php?rest_route=%2Fwp%2Fv2%2Fmedia&parent=7340"}],"wp:term":[{"taxonomy":"category","embeddable":true,"href":"https:\/\/dbsnewsmedia.com\/index.php?rest_route=%2Fwp%2Fv2%2Fcategories&post=7340"},{"taxonomy":"post_tag","embeddable":true,"href":"https:\/\/dbsnewsmedia.com\/index.php?rest_route=%2Fwp%2Fv2%2Ftags&post=7340"}],"curies":[{"name":"wp","href":"https:\/\/api.w.org\/{rel}","templated":true}]}}