{"id":7375,"date":"2026-04-26T17:07:27","date_gmt":"2026-04-26T14:07:27","guid":{"rendered":"https:\/\/dbsnewsmedia.com\/?p=7375"},"modified":"2026-04-26T17:07:27","modified_gmt":"2026-04-26T14:07:27","slug":"canavarlarin-vaatleri-sergisi-atolye-ve-performanslarla-genisliyor","status":"publish","type":"post","link":"https:\/\/dbsnewsmedia.com\/?p=7375","title":{"rendered":"\u201cCanavarlar\u0131n Vaatleri\u201d Sergisi At\u00f6lye ve Performanslarla Geni\u015fliyor"},"content":{"rendered":"\n<p>26.04.2026     17:10<\/p>\n\n\n\n<p>Ezgi Hamza\u00e7ebi k\u00fcrat\u00f6rl\u00fc\u011f\u00fcndeki \u201cCanavarlar\u0131n Vaatleri\u201d sergisi, at\u00f6lye ve canl\u0131 performanslardan olu\u015fan yo\u011fun bir programla izleyiciyle bulu\u015fuyor.<\/p>\n\n\n\n<p>\u0130stanbul Sar\u0131yer\u2019de bulunan Hara, \u201cCanavarlar\u0131n Vaatleri\u201d ba\u015fl\u0131kl\u0131 sergiye e\u015flik eden etkinlik program\u0131n\u0131 duyurdu. 1 Mart\u201326 Temmuz 2026 tarihleri aras\u0131nda, k\u00fcrat\u00f6rl\u00fc\u011f\u00fcn\u00fc Ezgi Hamza\u00e7ebi\u2019nin \u00fcstlendi\u011fi sergi, \u201ccanavar\u201d olarak tan\u0131mlanan insan ve insan olmayan varl\u0131klar\u0131n temsillerini oda\u011f\u0131na al\u0131yor. Farkl\u0131 disiplinlerden 10 sanat\u00e7\u0131n\u0131n i\u015flerini bir araya getiren sergiye, at\u00f6lye ve performanslardan olu\u015fan kapsaml\u0131 bir program e\u015flik ediyor.<\/p>\n\n\n\n<p>Sergide A. Serkan Aka, Canavar, Hilal Polat, \u0130rem Ayd\u0131n, Lara \u00d6gel, \u00d6mer Tevfik Erten, Se\u00e7il Epik, \u015eafak \u015eule Kemanc\u0131, Ya\u015fam \u015ea\u015fmazer ve Zeynep K\u0131l\u0131n\u00e7\u2019\u0131n eserleri yer al\u0131yor.<\/p>\n\n\n\n<h2 class=\"wp-block-heading\"><strong>\u0130ki g\u00fcn s\u00fcrecek at\u00f6lye <\/strong><\/h2>\n\n\n\n<p>Sergi kapsam\u0131nda Zezeah ve Kerem Ardahan y\u00fcr\u00fct\u00fcc\u00fcl\u00fc\u011f\u00fcnde \u201cPapier Mache Maske At\u00f6lyesi\u201d ger\u00e7ekle\u015ftirilecek. 3 ve 10 May\u0131s tarihlerinde iki a\u015famal\u0131 olarak d\u00fczenlenecek at\u00f6lyede kat\u0131l\u0131mc\u0131lar, ka\u011f\u0131t hamuruyla maske yap\u0131m\u0131n\u0131, malzeme kullan\u0131m\u0131n\u0131, boyama ve tasar\u0131m s\u00fcre\u00e7lerini deneyimleyecek.<\/p>\n\n\n\n<p>Toplam 8 saat s\u00fcrecek at\u00f6lye, iki g\u00fcn boyunca 12.00\u201316.00 saatleri aras\u0131nda yap\u0131lacak. Etkinlik 15 ya\u015f ve \u00fczeri kat\u0131l\u0131mc\u0131lara a\u00e7\u0131k olacak ve her iki g\u00fcne kat\u0131l\u0131m zorunlu tutulacak.<\/p>\n\n\n\n<h2 class=\"wp-block-heading\"><strong>T\u00fcrkiye&#8217;de ilk kez sahne alacak<\/strong><\/h2>\n\n\n\n<p>Program kapsam\u0131nda 9 May\u0131s 2026\u2019da Leipzig merkezli anonim sanat\u00e7\u0131 \u201c||||||||||||||||||||\u201d Hara\u2019n\u0131n garaj sahnesinde canl\u0131 A\/V performans ger\u00e7ekle\u015ftirecek. Caz, IDM ve bass m\u00fczi\u011fi harmanlayan tarz\u0131yla bilinen sanat\u00e7\u0131, daha \u00f6nce Berlin Atonal ba\u015fta olmak \u00fczere Londra, Roma, Br\u00fcksel ve Hamburg\u2019da sahne ald\u0131. Sanat\u00e7\u0131, bu performansla T\u00fcrkiye\u2019de ilk kez dinleyiciyle bulu\u015facak.<\/p>\n\n\n\n<h2 class=\"wp-block-heading\"><strong>Do\u011fayla i\u00e7 i\u00e7e bir sanat alan\u0131: Hara<\/strong><\/h2>\n\n\n\n<p>2022 y\u0131l\u0131nda sanat\u00e7\u0131 Canan Bozba\u011f taraf\u0131ndan kurulan Hara, sergiler, performanslar, konserler ve \u00f6\u011frenme programlar\u0131yla faaliyet g\u00f6steren ba\u011f\u0131ms\u0131z bir k\u00fclt\u00fcr-sanat alan\u0131 olarak \u00f6ne \u00e7\u0131k\u0131yor. Uskumruk\u00f6y\u2019de ormanl\u0131k alanda konumlanan mek\u00e2n, 2 bin metrekarelik kapal\u0131 alan\u0131, at\u00f6lye ve etkinlik alanlar\u0131, kafe, ma\u011faza ve k\u00fct\u00fcphanesiyle ziyaret\u00e7ilerine \u00e7ok y\u00f6nl\u00fc bir deneyim sunuyor.<\/p>\n\n\n\n<p>Farkl\u0131 disiplinlerden sanat\u00e7\u0131lar, d\u00fc\u015f\u00fcn\u00fcrler ve izleyicileri bir araya getirmeyi ama\u00e7layan Hara, sergi ve etkinlik programlar\u0131yla yarat\u0131c\u0131 \u00fcretimi ve kar\u015f\u0131la\u015fmalar\u0131 te\u015fvik etmeyi s\u00fcrd\u00fcr\u00fcyor.<\/p>\n\n\n\n<p>Kaynak:<a href=\"https:\/\/www.evrensel.net\/haber\/5981391\/hara-da-canavarlarin-vaatleri-genisleyen-programiyla-izleyici-karsisinda\">https:\/\/www.evrensel.net\/haber\/5981391\/hara-da-canavarlarin-vaatleri-genisleyen-programiyla-izleyici-karsisinda<\/a><\/p>\n\n\n\n<p><a href=\"https:\/\/www.evrensel.net\/\"><\/a><\/p>\n\n\n\n<ol class=\"wp-block-list\"><\/ol>\n\n\n\n<p><strong><br><\/strong><\/p>\n","protected":false},"excerpt":{"rendered":"<p>26.04.2026 17:10 Ezgi Hamza\u00e7ebi k\u00fcrat\u00f6rl\u00fc\u011f\u00fcndeki \u201cCanavarlar\u0131n Vaatleri\u201d sergisi, at\u00f6lye ve canl\u0131 performanslardan olu\u015fan yo\u011fun bir programla izleyiciyle bulu\u015fuyor. \u0130stanbul Sar\u0131yer\u2019de bulunan Hara, \u201cCanavarlar\u0131n Vaatleri\u201d ba\u015fl\u0131kl\u0131 sergiye e\u015flik eden etkinlik program\u0131n\u0131 duyurdu. 1 Mart\u201326 Temmuz 2026 tarihleri aras\u0131nda, k\u00fcrat\u00f6rl\u00fc\u011f\u00fcn\u00fc Ezgi Hamza\u00e7ebi\u2019nin \u00fcstlendi\u011fi sergi, \u201ccanavar\u201d olarak tan\u0131mlanan insan ve insan olmayan varl\u0131klar\u0131n temsillerini oda\u011f\u0131na al\u0131yor. Farkl\u0131 disiplinlerden&#8230;<\/p>\n","protected":false},"author":5,"featured_media":7376,"comment_status":"open","ping_status":"open","sticky":false,"template":"","format":"standard","meta":{"_jetpack_memberships_contains_paid_content":false,"footnotes":""},"categories":[10],"tags":[2281],"class_list":["post-7375","post","type-post","status-publish","format-standard","has-post-thumbnail","hentry","category-kultur-sanat","tag-canavarlarin-vaatleri"],"jetpack_featured_media_url":"https:\/\/dbsnewsmedia.com\/wp-content\/uploads\/2026\/04\/110.jpg","jetpack_sharing_enabled":true,"_links":{"self":[{"href":"https:\/\/dbsnewsmedia.com\/index.php?rest_route=\/wp\/v2\/posts\/7375","targetHints":{"allow":["GET"]}}],"collection":[{"href":"https:\/\/dbsnewsmedia.com\/index.php?rest_route=\/wp\/v2\/posts"}],"about":[{"href":"https:\/\/dbsnewsmedia.com\/index.php?rest_route=\/wp\/v2\/types\/post"}],"author":[{"embeddable":true,"href":"https:\/\/dbsnewsmedia.com\/index.php?rest_route=\/wp\/v2\/users\/5"}],"replies":[{"embeddable":true,"href":"https:\/\/dbsnewsmedia.com\/index.php?rest_route=%2Fwp%2Fv2%2Fcomments&post=7375"}],"version-history":[{"count":1,"href":"https:\/\/dbsnewsmedia.com\/index.php?rest_route=\/wp\/v2\/posts\/7375\/revisions"}],"predecessor-version":[{"id":7377,"href":"https:\/\/dbsnewsmedia.com\/index.php?rest_route=\/wp\/v2\/posts\/7375\/revisions\/7377"}],"wp:featuredmedia":[{"embeddable":true,"href":"https:\/\/dbsnewsmedia.com\/index.php?rest_route=\/wp\/v2\/media\/7376"}],"wp:attachment":[{"href":"https:\/\/dbsnewsmedia.com\/index.php?rest_route=%2Fwp%2Fv2%2Fmedia&parent=7375"}],"wp:term":[{"taxonomy":"category","embeddable":true,"href":"https:\/\/dbsnewsmedia.com\/index.php?rest_route=%2Fwp%2Fv2%2Fcategories&post=7375"},{"taxonomy":"post_tag","embeddable":true,"href":"https:\/\/dbsnewsmedia.com\/index.php?rest_route=%2Fwp%2Fv2%2Ftags&post=7375"}],"curies":[{"name":"wp","href":"https:\/\/api.w.org\/{rel}","templated":true}]}}