{"id":7378,"date":"2026-04-26T17:11:32","date_gmt":"2026-04-26T14:11:32","guid":{"rendered":"https:\/\/dbsnewsmedia.com\/?p=7378"},"modified":"2026-04-26T17:11:32","modified_gmt":"2026-04-26T14:11:32","slug":"barajdan-sizanlar-ile-arazi-hafiza-ve-arsiv-uzerine-bir-yolculuk","status":"publish","type":"post","link":"https:\/\/dbsnewsmedia.com\/?p=7378","title":{"rendered":"\u201cBarajdan S\u0131zanlar\u201d ile Arazi, Haf\u0131za ve Ar\u015fiv \u00dczerine Bir Yolculuk"},"content":{"rendered":"\n<p>26.04.2026     17:13<\/p>\n\n\n\n<p>\u201cBarajdan S\u0131zanlar\u201d sergisi, Do\u011fu Akdeniz\u2019den K\u00f6rfez B\u00f6lgesi\u2019ne uzanan co\u011frafyada arazi, haf\u0131za ve ar\u015fiv ili\u015fkisini ele al\u0131yor.<\/p>\n\n\n\n<p>\u0130stanbul\u2019daki Salt Beyo\u011flu, \u201cBarajdan S\u0131zanlar\u201d ba\u015fl\u0131kl\u0131 yeni sergiye ev sahipli\u011fi yap\u0131yor. 23 A\u011fustos 2026 tarihine kadar ziyarete a\u00e7\u0131k olacak sergi, Do\u011fu Akdeniz\u2019den K\u00f6rfez B\u00f6lgesi\u2019ne uzanan geni\u015f bir co\u011frafyada arazi, haf\u0131za ve ar\u015fiv aras\u0131ndaki ili\u015fkileri ele al\u0131yor.<\/p>\n\n\n\n<h2 class=\"wp-block-heading\"><strong>Arazi sadece mek\u00e2n de\u011fil<\/strong><\/h2>\n\n\n\n<p>Programlamas\u0131n\u0131 G\u00fclce \u00d6zkara\u2019n\u0131n \u00fcstlendi\u011fi sergi, sanat\u00e7\u0131lar\u0131n \u00fcretimleri arac\u0131l\u0131\u011f\u0131yla s\u00f6m\u00fcrgeci pratiklerin \u00f6tesinde bir \u201cyerde\u015flik\u201d fikrini tart\u0131\u015fmaya a\u00e7\u0131yor. Ulus-devlet s\u0131n\u0131rlar\u0131n\u0131 a\u015fan ortak tarihsel deneyimlere ve co\u011frafyalar aras\u0131 dayan\u0131\u015fma imk\u00e2nlar\u0131na odaklanan sergi, kolektif bir varolu\u015f zemini \u00f6neriyor.<\/p>\n\n\n\n<p>Sergi, arazinin yaln\u0131zca fiziksel bir mek\u00e2n de\u011fil, ayn\u0131 zamanda toplumsal haf\u0131zan\u0131n ta\u015f\u0131y\u0131c\u0131s\u0131 oldu\u011funa i\u015faret ediyor. Barajlar, kanallar, petrol kuyular\u0131 ve ileti\u015fim altyap\u0131lar\u0131 gibi unsurlar\u0131n hem do\u011fal \u00e7evreyi hem de sosyal ili\u015fkileri d\u00f6n\u00fc\u015ft\u00fcrd\u00fc\u011f\u00fc vurgulan\u0131rken, buna kar\u015f\u0131n haf\u0131zan\u0131n farkl\u0131 bi\u00e7imlerde varl\u0131\u011f\u0131n\u0131 s\u00fcrd\u00fcrd\u00fc\u011f\u00fc ifade ediliyor.<\/p>\n\n\n\n<h2 class=\"wp-block-heading\"><strong>&#8220;S\u0131z\u0131nt\u0131&#8221; \u00f6n planda<\/strong><\/h2>\n\n\n\n<p>Ad\u0131n\u0131 insan haklar\u0131 avukat\u0131 Noura Erakat\u2019\u0131n s\u00f6zlerinden alan sergi, altyap\u0131lar\u0131 yaln\u0131zca bir tahakk\u00fcm arac\u0131 olarak de\u011fil, ayn\u0131 zamanda direni\u015fin ve \u201cs\u0131z\u0131nt\u0131lar\u0131n\u201d metaforu olarak ele al\u0131yor. Sergide, farkl\u0131 co\u011frafyalardan hik\u00e2yeler; g\u00f6\u00e7, enerji politikalar\u0131, ekolojik y\u0131k\u0131m ve toplumsal haf\u0131za ekseninde bir araya geliyor.<\/p>\n\n\n\n<h2 class=\"wp-block-heading\"><strong>Uluslararas\u0131 kat\u0131l\u0131mla<\/strong><\/h2>\n\n\n\n<p>\u201cBarajdan S\u0131zanlar\u201d sergisi; Haig Aivazian, Monira Al Qadiri, Al-Wah\u2019at Collective, Mehmet Ali Boran, Can Candan, Asl\u0131han Demirta\u015f, Alia Farid, Metincan G\u00fczel, Emre H\u00fcner, Evrim Kaya, Yelta K\u00f6m, Fredj Moussa, Dima Srouji, Asl\u0131 Uluda\u011f ve Merve \u00dcnsal\u2019\u0131n \u00e7al\u0131\u015fmalar\u0131n\u0131 bir araya getiriyor.<\/p>\n\n\n\n<p>Sergi, 23 A\u011fustos\u2019a kadar \u00fccretsiz olarak ziyaret edilebilecek.<\/p>\n\n\n\n<p>Kaynak:<a href=\"https:\/\/www.evrensel.net\/haber\/5981406\/barajdan-sizanlar-sergisi-arazi-hafiza-ve-direnisi-odagina-aliyor\">https:\/\/www.evrensel.net\/haber\/5981406\/barajdan-sizanlar-sergisi-arazi-hafiza-ve-direnisi-odagina-aliyor<\/a><\/p>\n","protected":false},"excerpt":{"rendered":"<p>26.04.2026 17:13 \u201cBarajdan S\u0131zanlar\u201d sergisi, Do\u011fu Akdeniz\u2019den K\u00f6rfez B\u00f6lgesi\u2019ne uzanan co\u011frafyada arazi, haf\u0131za ve ar\u015fiv ili\u015fkisini ele al\u0131yor. \u0130stanbul\u2019daki Salt Beyo\u011flu, \u201cBarajdan S\u0131zanlar\u201d ba\u015fl\u0131kl\u0131 yeni sergiye ev sahipli\u011fi yap\u0131yor. 23 A\u011fustos 2026 tarihine kadar ziyarete a\u00e7\u0131k olacak sergi, Do\u011fu Akdeniz\u2019den K\u00f6rfez B\u00f6lgesi\u2019ne uzanan geni\u015f bir co\u011frafyada arazi, haf\u0131za ve ar\u015fiv aras\u0131ndaki ili\u015fkileri ele al\u0131yor. Arazi&#8230;<\/p>\n","protected":false},"author":5,"featured_media":7379,"comment_status":"open","ping_status":"open","sticky":false,"template":"","format":"standard","meta":{"_jetpack_memberships_contains_paid_content":false,"footnotes":""},"categories":[10],"tags":[2282],"class_list":["post-7378","post","type-post","status-publish","format-standard","has-post-thumbnail","hentry","category-kultur-sanat","tag-barajdan-sizanlar"],"jetpack_featured_media_url":"https:\/\/dbsnewsmedia.com\/wp-content\/uploads\/2026\/04\/111-1.webp","jetpack_sharing_enabled":true,"_links":{"self":[{"href":"https:\/\/dbsnewsmedia.com\/index.php?rest_route=\/wp\/v2\/posts\/7378","targetHints":{"allow":["GET"]}}],"collection":[{"href":"https:\/\/dbsnewsmedia.com\/index.php?rest_route=\/wp\/v2\/posts"}],"about":[{"href":"https:\/\/dbsnewsmedia.com\/index.php?rest_route=\/wp\/v2\/types\/post"}],"author":[{"embeddable":true,"href":"https:\/\/dbsnewsmedia.com\/index.php?rest_route=\/wp\/v2\/users\/5"}],"replies":[{"embeddable":true,"href":"https:\/\/dbsnewsmedia.com\/index.php?rest_route=%2Fwp%2Fv2%2Fcomments&post=7378"}],"version-history":[{"count":1,"href":"https:\/\/dbsnewsmedia.com\/index.php?rest_route=\/wp\/v2\/posts\/7378\/revisions"}],"predecessor-version":[{"id":7380,"href":"https:\/\/dbsnewsmedia.com\/index.php?rest_route=\/wp\/v2\/posts\/7378\/revisions\/7380"}],"wp:featuredmedia":[{"embeddable":true,"href":"https:\/\/dbsnewsmedia.com\/index.php?rest_route=\/wp\/v2\/media\/7379"}],"wp:attachment":[{"href":"https:\/\/dbsnewsmedia.com\/index.php?rest_route=%2Fwp%2Fv2%2Fmedia&parent=7378"}],"wp:term":[{"taxonomy":"category","embeddable":true,"href":"https:\/\/dbsnewsmedia.com\/index.php?rest_route=%2Fwp%2Fv2%2Fcategories&post=7378"},{"taxonomy":"post_tag","embeddable":true,"href":"https:\/\/dbsnewsmedia.com\/index.php?rest_route=%2Fwp%2Fv2%2Ftags&post=7378"}],"curies":[{"name":"wp","href":"https:\/\/api.w.org\/{rel}","templated":true}]}}