{"id":7389,"date":"2026-04-26T23:37:50","date_gmt":"2026-04-26T20:37:50","guid":{"rendered":"https:\/\/dbsnewsmedia.com\/?p=7389"},"modified":"2026-04-26T23:37:50","modified_gmt":"2026-04-26T20:37:50","slug":"londra-maratonunda-tarihi-derece-sawe-2-saat-bariyerini-asti","status":"publish","type":"post","link":"https:\/\/dbsnewsmedia.com\/?p=7389","title":{"rendered":"LONDRA MARATONU\u2019NDA TAR\u0130H\u0130 DERECE: SAWE 2 SAAT BAR\u0130YER\u0130N\u0130 A\u015eTI"},"content":{"rendered":"\n<p>Kenyal\u0131 atlet Sabastian Sawe, London Marathon\u2019u 1:59:30\u2019luk derecesiyle kazanarak rekabet ko\u015fullar\u0131nda maratonu iki saatin alt\u0131nda tamamlayan ilk sporcu oldu.<a href=\"https:\/\/i.gazeteoksijen.com\/storage\/files\/images\/2026\/04\/26\/2-saat-bariyeri-rafa-kalkti-londra-marathonunda-sabastian-saweden-tarihi-derece-fftb.png\"><\/a><\/p>\n\n\n\n<p>Londra Marathonu\u2019nda tarihi bir ba\u015far\u0131ya imza atan Sabastian Sawe, rekabet ko\u015fullar\u0131nda iki saatin alt\u0131nda maraton ko\u015fan ilk atlet oldu. 30 ya\u015f\u0131ndaki Kenyal\u0131 sporcu, yar\u0131\u015f\u0131 1 saat 59 dakika 30 saniyede tamamlayarak birincili\u011fe ula\u015ft\u0131. B\u00f6ylece 2023 y\u0131l\u0131nda merhum Kelvin Kiptum\u2019un k\u0131rd\u0131\u011f\u0131 2:00:35\u2019lik \u00f6nceki dereceyi bir dakikadan fazla geli\u015ftirdi.<\/p>\n\n\n\n<p>Maraton tarihinde iki saatin alt\u0131na ilk inen isim, 2019\u2019da Eliud Kipchoge olmu\u015ftu. Ancak bu derece kontroll\u00fc ko\u015fullar alt\u0131nda ger\u00e7ekle\u015ftirildi\u011fi i\u00e7in resmi d\u00fcnya rekoru olarak kabul edilmemi\u015fti.<\/p>\n\n\n\n<p>Yar\u0131\u015f\u0131n ilk yar\u0131s\u0131n\u0131 1:00:29 ile d\u00fcnya rekoru temposunda ge\u00e7en Sawe, ikinci b\u00f6l\u00fcmde h\u0131z\u0131n\u0131 daha da art\u0131rarak Kipchoge\u2019nin derecesinden bile h\u0131zl\u0131 ko\u015fmay\u0131 ba\u015fard\u0131.<\/p>\n\n\n\n<p>Son 10 kilometreye girilmeden \u00f6nce atak yapan Sawe\u2019nin temposuna yaln\u0131zca ilk kez maraton ko\u015fan Yomif Kejelcha kar\u015f\u0131l\u0131k verebildi. Kejelcha da 1:59:41\u2019lik derecesiyle yar\u0131\u015f ko\u015fullar\u0131nda iki saatin alt\u0131na inen ikinci erkek atlet olarak tarihe ge\u00e7ti.<\/p>\n\n\n\n<p>Yar\u0131 maraton d\u00fcnya rekorunun sahibi Jacob Kiplimo ise 2:00:28 ile \u00fc\u00e7\u00fcnc\u00fc s\u0131rada yer ald\u0131 ve Kiptum\u2019un eski derecesinden daha h\u0131zl\u0131 ko\u015ftu.<\/p>\n\n\n\n<p>BBC\u2019ye konu\u015fan Sawe, \u201cKendimi \u00e7ok iyi hissediyorum. \u00c7ok mutluyum. Bu benim i\u00e7in unutulmaz bir g\u00fcn\u201d dedi.<\/p>\n\n\n\n<p>Yar\u0131\u015f\u0131n iyi ba\u015flad\u0131\u011f\u0131n\u0131 belirten Sawe, \u201cBitiri\u015fe yakla\u015f\u0131rken kendimi g\u00fc\u00e7l\u00fc hissediyordum. Fini\u015f \u00e7izgisine ula\u015f\u0131p zaman\u0131 g\u00f6r\u00fcnce \u00e7ok heyecanland\u0131m\u201d ifadelerini kulland\u0131.<\/p>\n\n\n\n<p>Kad\u0131nlar yar\u0131\u015f\u0131nda ise Etiyopyal\u0131 Tigst Assefa, yaln\u0131zca kad\u0131n sporcular\u0131n yer ald\u0131\u011f\u0131 kategoride kendi d\u00fcnya rekorunu geli\u015ftirerek unvan\u0131n\u0131 korudu. Assefa, Kenyal\u0131 rakipleri Hellen Obiri ve Joyciline Jepkosgei\u2019yi geride b\u0131rakarak 2:15:41 ile zafere ula\u015ft\u0131.<\/p>\n\n\n\n<p>Erkekler elit tekerlekli sandalye yar\u0131\u015f\u0131nda \u0130svi\u00e7reli Marcel Hug, \u00fcst \u00fcste be\u015finci kez kazanarak toplamda sekizinci London Marathon zaferine ula\u015ft\u0131 ve B\u00fcy\u00fck Britanyal\u0131 David Weir ile rekoru payla\u015ft\u0131.<\/p>\n\n\n\n<p>Kad\u0131nlar elit tekerlekli sandalye yar\u0131\u015f\u0131nda ise yine \u0130svi\u00e7reli Catherine Debrunner, son b\u00f6l\u00fcmde Amerikal\u0131 Tatyana McFadden\u2019\u0131 geride b\u0131rakarak \u015fampiyonlu\u011funu korudu.<\/p>\n\n\n\n<p>26.04.2026 23:38<\/p>\n\n\n\n<p>Karde\u015f Haber Kaynak: <a href=\"https:\/\/opennewsmedia.com\/2026\/04\/26\/londra-maratonunda-tarihi-derece-sawe-2-saat-bariyerini-asti\/\">https:\/\/opennewsmedia.com\/2026\/04\/26\/londra-maratonunda-tarihi-derece-sawe-2-saat-bariyerini-asti\/<\/a><\/p>\n","protected":false},"excerpt":{"rendered":"<p>Kenyal\u0131 atlet Sabastian Sawe, London Marathon\u2019u 1:59:30\u2019luk derecesiyle kazanarak rekabet ko\u015fullar\u0131nda maratonu iki saatin alt\u0131nda tamamlayan ilk sporcu oldu. Londra Marathonu\u2019nda tarihi bir ba\u015far\u0131ya imza atan Sabastian Sawe, rekabet ko\u015fullar\u0131nda iki saatin alt\u0131nda maraton ko\u015fan ilk atlet oldu. 30 ya\u015f\u0131ndaki Kenyal\u0131 sporcu, yar\u0131\u015f\u0131 1 saat 59 dakika 30 saniyede tamamlayarak birincili\u011fe ula\u015ft\u0131. B\u00f6ylece 2023 y\u0131l\u0131nda&#8230;<\/p>\n","protected":false},"author":2,"featured_media":7394,"comment_status":"open","ping_status":"open","sticky":false,"template":"","format":"standard","meta":{"_jetpack_memberships_contains_paid_content":false,"footnotes":""},"categories":[8],"tags":[],"class_list":["post-7389","post","type-post","status-publish","format-standard","has-post-thumbnail","hentry","category-spor"],"jetpack_featured_media_url":"https:\/\/dbsnewsmedia.com\/wp-content\/uploads\/2026\/04\/IMG_2608.png","jetpack_sharing_enabled":true,"_links":{"self":[{"href":"https:\/\/dbsnewsmedia.com\/index.php?rest_route=\/wp\/v2\/posts\/7389","targetHints":{"allow":["GET"]}}],"collection":[{"href":"https:\/\/dbsnewsmedia.com\/index.php?rest_route=\/wp\/v2\/posts"}],"about":[{"href":"https:\/\/dbsnewsmedia.com\/index.php?rest_route=\/wp\/v2\/types\/post"}],"author":[{"embeddable":true,"href":"https:\/\/dbsnewsmedia.com\/index.php?rest_route=\/wp\/v2\/users\/2"}],"replies":[{"embeddable":true,"href":"https:\/\/dbsnewsmedia.com\/index.php?rest_route=%2Fwp%2Fv2%2Fcomments&post=7389"}],"version-history":[{"count":1,"href":"https:\/\/dbsnewsmedia.com\/index.php?rest_route=\/wp\/v2\/posts\/7389\/revisions"}],"predecessor-version":[{"id":7395,"href":"https:\/\/dbsnewsmedia.com\/index.php?rest_route=\/wp\/v2\/posts\/7389\/revisions\/7395"}],"wp:featuredmedia":[{"embeddable":true,"href":"https:\/\/dbsnewsmedia.com\/index.php?rest_route=\/wp\/v2\/media\/7394"}],"wp:attachment":[{"href":"https:\/\/dbsnewsmedia.com\/index.php?rest_route=%2Fwp%2Fv2%2Fmedia&parent=7389"}],"wp:term":[{"taxonomy":"category","embeddable":true,"href":"https:\/\/dbsnewsmedia.com\/index.php?rest_route=%2Fwp%2Fv2%2Fcategories&post=7389"},{"taxonomy":"post_tag","embeddable":true,"href":"https:\/\/dbsnewsmedia.com\/index.php?rest_route=%2Fwp%2Fv2%2Ftags&post=7389"}],"curies":[{"name":"wp","href":"https:\/\/api.w.org\/{rel}","templated":true}]}}