{"id":7396,"date":"2026-04-26T23:40:28","date_gmt":"2026-04-26T20:40:28","guid":{"rendered":"https:\/\/dbsnewsmedia.com\/?p=7396"},"modified":"2026-04-26T23:40:28","modified_gmt":"2026-04-26T20:40:28","slug":"formula-1-heyecani-2027de-yeniden-istanbul-parkta","status":"publish","type":"post","link":"https:\/\/dbsnewsmedia.com\/?p=7396","title":{"rendered":"Formula 1 Heyecan\u0131 2027\u2019de Yeniden \u0130stanbul Park\u2019ta"},"content":{"rendered":"\n<p>Uzun bir bekleyi\u015fin ard\u0131ndan motor sporlar\u0131 tutkunlar\u0131n\u0131 sevince bo\u011facak haber geldi: Formula 1, 2027 sezonundan itibaren \u0130stanbul Park pistine geri d\u00f6n\u00fcyor. Gen\u00e7lik ve Spor Bakanl\u0131\u011f\u0131\u2019n\u0131n destekleriyle yap\u0131lan yeni anla\u015fma do\u011frultusunda T\u00fcrkiye Grand Prix\u2019si, 2031 y\u0131l\u0131n\u0131n sonuna kadar yar\u0131\u015f takvimindeki yerini koruyacak. Bu devasa organizasyonun y\u00fcr\u00fct\u00fclmesi ve t\u00fcm sorumlulu\u011fu ise T\u00fcrkiye Otomobil Sporlar\u0131 Federasyonu\u2019na (TOSFED) emanet edildi.<\/p>\n\n\n\n<figure class=\"wp-block-image\"><img decoding=\"async\" src=\"https:\/\/opennewsmedia.com\/wp-content\/uploads\/2026\/04\/image-58-1024x682.png\" alt=\"\" class=\"wp-image-6039\"\/><\/figure>\n\n\n\n<p><strong>Efsanevi Pistte Yeni M\u00fccadeleler<\/strong>&nbsp;T\u00fcrkiye Grand Prix\u2019si, en son t\u00fcm d\u00fcnyan\u0131n m\u00fccadele etti\u011fi pandemi d\u00f6neminde, 2020 ve 2021 y\u0131llar\u0131nda d\u00fczenlenmi\u015fti. 2020 y\u0131l\u0131ndaki yar\u0131\u015f, Lewis Hamilton\u2019\u0131n efsanevi Michael Schumacher\u2019in yedi d\u00fcnya \u015fampiyonlu\u011fu rekorunu egale etti\u011fi tarihi bir ana sahne olmu\u015ftu. 2021 y\u0131l\u0131nda \u0130stanbul Park\u2019ta damal\u0131 bayra\u011f\u0131 ilk g\u00f6ren isim ise Valtteri Bottas\u2019t\u0131.<\/p>\n\n\n\n<figure class=\"wp-block-image\"><img decoding=\"async\" src=\"https:\/\/opennewsmedia.com\/wp-content\/uploads\/2026\/04\/image-59-1024x682.png\" alt=\"\" class=\"wp-image-6040\"\/><\/figure>\n\n\n\n<p>Formula 1 d\u00fcnyas\u0131na ilk olarak 2005 y\u0131l\u0131nda merhaba diyen \u0130stanbul Park, 5,338 kilometrelik uzunlu\u011fu, saat y\u00f6n\u00fcn\u00fcn tersine ak\u0131\u015f\u0131 ve y\u00fckseklik farklar\u0131yla k\u0131sa s\u00fcrede takvimin en zorlu pistlerinden biri olarak kabul g\u00f6rd\u00fc. \u00d6zellikle pilotlar\u0131n yeteneklerini ve ara\u00e7lar\u0131n s\u0131n\u0131rlar\u0131n\u0131 zorlayan me\u015fhur 8. viraj, motor sporlar\u0131 d\u00fcnyas\u0131n\u0131n en sayg\u0131 duydu\u011fu teknik d\u00f6neme\u00e7lerden biri olmaya devam ediyor. Ge\u00e7mi\u015fte dokuz yar\u0131\u015fa ev sahipli\u011fi yapan pist, Felipe Massa\u2019n\u0131n \u00fcst \u00fcste \u00fc\u00e7 zaferi ba\u015fta olmak \u00fczere Kimi R\u00e4ikk\u00f6nen, Sebastian Vettel ve Jenson Button gibi d\u00fcnya \u015fampiyonlar\u0131n\u0131n unutulmaz an\u0131lar\u0131na ev sahipli\u011fi yapt\u0131.<\/p>\n\n\n\n<p><strong>T\u00fcrkiye\u2019de Katlanarak B\u00fcy\u00fcyen F1 Tutkusu<\/strong>&nbsp;Formula 1\u2019in \u00fclkemizdeki pop\u00fclaritesi her ge\u00e7en g\u00fcn art\u0131yor. \u0130statistiklere g\u00f6re T\u00fcrkiye\u2019de 19 milyonu a\u015fk\u0131n F1 hayran\u0131 bulunuyor ve sosyal medya platformlar\u0131nda 7,5 milyonluk b\u00fcy\u00fck bir etkile\u015fim hacmi dikkat \u00e7ekiyor. Son d\u00f6nemde sporun dijital platformlardaki b\u00fcy\u00fcme oranlar\u0131, T\u00fcrk izleyicisinin motor sporlar\u0131na olan tutkusunu a\u00e7\u0131k\u00e7a kan\u0131tl\u0131yor.<\/p>\n\n\n\n<p><strong>Liderlerden D\u00f6n\u00fc\u015fe Dair \u00d6nemli Mesajlar<\/strong>&nbsp;T\u00fcrkiye\u2019nin Formula 1 takvimine yeniden dahil olmas\u0131, hem ulusal hem de uluslararas\u0131 d\u00fczeyde b\u00fcy\u00fck bir memnuniyetle kar\u015f\u0131land\u0131:<\/p>\n\n\n\n<ul class=\"wp-block-list\">\n<li><strong>Cumhurba\u015fkan\u0131 Recep Tayyip Erdo\u011fan:<\/strong>\u00a0Formula 1\u2019in gen\u00e7 kitleler \u00fczerindeki g\u00fc\u00e7l\u00fc etkisine ve teknolojik vizyonuna dikkat \u00e7eken Erdo\u011fan, bu geli\u015fmenin T\u00fcrkiye\u2019nin modern altyap\u0131s\u0131na, organizasyon kabiliyetine ve misafirperverli\u011fine duyulan uluslararas\u0131 g\u00fcvenin bir yans\u0131mas\u0131 oldu\u011funu belirtti. Erdo\u011fan, T\u00fcrkiye\u2019nin ge\u00e7mi\u015fte oldu\u011fu gibi kusursuz bir ev sahipli\u011fi yapaca\u011f\u0131n\u0131 vurgulad\u0131.<\/li>\n\n\n\n<li><strong>Formula 1 CEO\u2019su Stefano Domenicali:<\/strong>\u00a0\u0130stanbul\u2019un Asya ile Avrupa aras\u0131nda k\u00fclt\u00fcrel bir k\u00f6pr\u00fc vazifesi g\u00f6rd\u00fc\u011f\u00fcn\u00fc ifade eden Domenicali, e\u015fsiz bir tarihe ve dinamizme sahip bu \u015fehre d\u00f6nmekten b\u00fcy\u00fck heyecan duyduklar\u0131n\u0131 belirtti. Domenicali, at\u0131lan bu ad\u0131m i\u00e7in T\u00fcrk yetkililere te\u015fekk\u00fcrlerini sundu.<\/li>\n\n\n\n<li><strong>FIA Ba\u015fkan\u0131 Muhammed Ben S\u00fclayem:<\/strong>\u00a0\u0130stanbul Park\u2019\u0131n \u015fampiyona tarihinde \u00e7ok \u00f6zel bir yeri oldu\u011funu hat\u0131rlatan Ben S\u00fclayem, bu anla\u015fman\u0131n F1\u2019in dinamik pazarlarda b\u00fcy\u00fcme stratejisinin ba\u015far\u0131l\u0131 bir \u00f6rne\u011fi oldu\u011funu ve motor sporlar\u0131n\u0131n uzun vadeli geli\u015fimine katk\u0131 sa\u011flayaca\u011f\u0131n\u0131 dile getirdi.<\/li>\n\n\n\n<li><strong>TOSFED Ba\u015fkan\u0131 Eren \u00dc\u00e7lertopra\u011f\u0131:<\/strong>\u00a0Devletin yo\u011fun deste\u011fiyle bu ba\u015far\u0131ya ula\u015ft\u0131klar\u0131n\u0131 belirten \u00dc\u00e7lertopra\u011f\u0131, 2027\u2019deki b\u00fcy\u00fck yar\u0131\u015f i\u00e7in haz\u0131rl\u0131klara \u015fimdiden ba\u015flad\u0131klar\u0131n\u0131 ve T\u00fcrk halk\u0131na yak\u0131\u015f\u0131r, trib\u00fcnlerin t\u0131kl\u0131m t\u0131kl\u0131m dolu olaca\u011f\u0131 bir \u015fov sunmak i\u00e7in durmaks\u0131z\u0131n \u00e7al\u0131\u015facaklar\u0131n\u0131 m\u00fcjdeledi.<\/li>\n<\/ul>\n\n\n\n<p>Motor sporlar\u0131 tutkunlar\u0131, bu b\u00fcy\u00fck organizasyonla ilgili geli\u015fmeleri resmi kaynaklar olan F1.com ve goturkiye.com \u00fczerinden takip edebilirken, bilet ve etkinlik duyurular\u0131ndan \u00f6ncelikli haberdar olmak i\u00e7in turkishgp.tosfed.org.tr adresinden kay\u0131t yapt\u0131rabiliyor.<\/p>\n\n\n\n<p>26.04.2026 23:40<\/p>\n\n\n\n<p>Karde\u015f Haber Kaynak: <a href=\"https:\/\/opennewsmedia.com\/2026\/04\/26\/baslik-formula-1-heyecani-2027de-yeniden-istanbul-parkta\/\">https:\/\/opennewsmedia.com\/2026\/04\/26\/baslik-formula-1-heyecani-2027de-yeniden-istanbul-parkta\/<\/a><\/p>\n","protected":false},"excerpt":{"rendered":"<p>Uzun bir bekleyi\u015fin ard\u0131ndan motor sporlar\u0131 tutkunlar\u0131n\u0131 sevince bo\u011facak haber geldi: Formula 1, 2027 sezonundan itibaren \u0130stanbul Park pistine geri d\u00f6n\u00fcyor. Gen\u00e7lik ve Spor Bakanl\u0131\u011f\u0131\u2019n\u0131n destekleriyle yap\u0131lan yeni anla\u015fma do\u011frultusunda T\u00fcrkiye Grand Prix\u2019si, 2031 y\u0131l\u0131n\u0131n sonuna kadar yar\u0131\u015f takvimindeki yerini koruyacak. Bu devasa organizasyonun y\u00fcr\u00fct\u00fclmesi ve t\u00fcm sorumlulu\u011fu ise T\u00fcrkiye Otomobil Sporlar\u0131 Federasyonu\u2019na (TOSFED) emanet&#8230;<\/p>\n","protected":false},"author":2,"featured_media":7397,"comment_status":"open","ping_status":"open","sticky":false,"template":"","format":"standard","meta":{"_jetpack_memberships_contains_paid_content":false,"footnotes":""},"categories":[9],"tags":[],"class_list":["post-7396","post","type-post","status-publish","format-standard","has-post-thumbnail","hentry","category-otomobil"],"jetpack_featured_media_url":"https:\/\/dbsnewsmedia.com\/wp-content\/uploads\/2026\/04\/IMG_2609.jpeg","jetpack_sharing_enabled":true,"_links":{"self":[{"href":"https:\/\/dbsnewsmedia.com\/index.php?rest_route=\/wp\/v2\/posts\/7396","targetHints":{"allow":["GET"]}}],"collection":[{"href":"https:\/\/dbsnewsmedia.com\/index.php?rest_route=\/wp\/v2\/posts"}],"about":[{"href":"https:\/\/dbsnewsmedia.com\/index.php?rest_route=\/wp\/v2\/types\/post"}],"author":[{"embeddable":true,"href":"https:\/\/dbsnewsmedia.com\/index.php?rest_route=\/wp\/v2\/users\/2"}],"replies":[{"embeddable":true,"href":"https:\/\/dbsnewsmedia.com\/index.php?rest_route=%2Fwp%2Fv2%2Fcomments&post=7396"}],"version-history":[{"count":1,"href":"https:\/\/dbsnewsmedia.com\/index.php?rest_route=\/wp\/v2\/posts\/7396\/revisions"}],"predecessor-version":[{"id":7398,"href":"https:\/\/dbsnewsmedia.com\/index.php?rest_route=\/wp\/v2\/posts\/7396\/revisions\/7398"}],"wp:featuredmedia":[{"embeddable":true,"href":"https:\/\/dbsnewsmedia.com\/index.php?rest_route=\/wp\/v2\/media\/7397"}],"wp:attachment":[{"href":"https:\/\/dbsnewsmedia.com\/index.php?rest_route=%2Fwp%2Fv2%2Fmedia&parent=7396"}],"wp:term":[{"taxonomy":"category","embeddable":true,"href":"https:\/\/dbsnewsmedia.com\/index.php?rest_route=%2Fwp%2Fv2%2Fcategories&post=7396"},{"taxonomy":"post_tag","embeddable":true,"href":"https:\/\/dbsnewsmedia.com\/index.php?rest_route=%2Fwp%2Fv2%2Ftags&post=7396"}],"curies":[{"name":"wp","href":"https:\/\/api.w.org\/{rel}","templated":true}]}}