{"id":7412,"date":"2026-04-27T15:16:18","date_gmt":"2026-04-27T12:16:18","guid":{"rendered":"https:\/\/dbsnewsmedia.com\/?p=7412"},"modified":"2026-04-27T15:16:18","modified_gmt":"2026-04-27T12:16:18","slug":"uluslararasi-tanitimda-sporun-gucu-salomon-cesme-yari-maratonu-turizme-deger-katiyor","status":"publish","type":"post","link":"https:\/\/dbsnewsmedia.com\/?p=7412","title":{"rendered":"Uluslararas\u0131 Tan\u0131t\u0131mda Sporun G\u00fcc\u00fc: Salomon \u00c7e\u015fme Yar\u0131 Maratonu Turizme De\u011fer Kat\u0131yor"},"content":{"rendered":"\n<p>Argeus Travel &amp; Events Kurucu Orta\u011f\u0131 Ayd\u0131n Ayhan G\u00fcney, \u201cSalomon \u00c7e\u015fme Yar\u0131 Maratonu, do\u011fal g\u00fczellikleri ve tarihi dokusuyla kat\u0131l\u0131mc\u0131lara benzersiz bir deneyim sunuyor\u201d dedi. Ege&#8217;nin b\u00fcy\u00fcleyici atmosferinde binlerce sporcuyu bir araya getirecek 4. Salomon \u00c7e\u015fme Yar\u0131 Maratonu, 9-10 May\u0131s tarihlerinde \u0130zmir\u2019in g\u00f6zde turizm merkezlerinden \u00c7e\u015fme\u2019de d\u00fczenlenecek. \u201cDenizin Sesi, Ad\u0131mlar\u0131n Ritmi: \u00c7e\u015fme&#8217;de Ko\u015f!\u201d slogan\u0131yla Argeus Travel &amp; Events taraf\u0131ndan, Salomon\u2019un isim sponsorlu\u011fundaki organizasyon, \u00c7e\u015fme Kaymakaml\u0131\u011f\u0131\u2019n\u0131n deste\u011fi ve \u00c7e\u015fme Belediyesi\u2019nin ev sahipli\u011finde d\u00fczenlenecek. Yar\u0131\u015f; Gen\u00e7lik ve Spor Bakanl\u0131\u011f\u0131, \u0130zmir Valili\u011fi ve T\u00fcrkiye Atletizm Federasyonu\u2019nun katk\u0131lar\u0131yla, Garmin sponsorlu\u011funda, Z\u00fcber, PT Academy \u00fcr\u00fcn\/hizmet sponsorlu\u011funda ko\u015fulacak. Etkinli\u011fin sosyal sorumluluk ortakl\u0131\u011f\u0131n\u0131 ise Ad\u0131m Ad\u0131m \u00fcstlenecek.<\/p>\n\n\n\n<p><strong>Do\u011fal ve Tarihi Dokunun \u0130\u00e7inde E\u015fsiz Bir Deneyim: Spor Turistleri \u0130\u00e7in \u00d6zel Rotalar<\/strong><\/p>\n\n\n\n<p>\u00a0Organizasyonun d\u00f6rd\u00fcnc\u00fc y\u0131l\u0131 oldu\u011funa de\u011finen Argeus Travel &amp; Events Kurucu Orta\u011f\u0131 Ayd\u0131n Ayhan G\u00fcney, \u201cSalomon \u00c7e\u015fme Yar\u0131 Maratonu, do\u011fal g\u00fczellikleri ve tarihi dokusuyla kat\u0131l\u0131mc\u0131lara benzersiz bir deneyim sunuyor. Her y\u0131l sporcu say\u0131m\u0131z artarken organizasyon kalitesi i\u00e7in de yenilikler yapmaya devam ediyoruz. Farkl\u0131 seviyelerden sporcular\u0131 kapsayacak \u015fekilde \u00f6zel parkurlar olu\u015fturduk. Yar\u0131 maraton parkurumuz performans odakl\u0131 ko\u015fucular i\u00e7in tasarlan\u0131rken, daha k\u0131sa mesafeler ise spora yeni ba\u015flayanlar ve keyifli bir ko\u015fu deneyimi ya\u015famak isteyen kat\u0131l\u0131mc\u0131lar i\u00e7in \u00f6nemli bir alternatif sunuyor\u201d dedi.<\/p>\n\n\n\n<p><strong>B\u00f6lge Ekonomisine B\u00fcy\u00fck Katk\u0131: Maraton Sayesinde 10 Bin Ki\u015filik Turizm Hareketlili\u011fi<\/strong><\/p>\n\n\n\n<p>\u00a0Salomon \u00c7e\u015fme Yar\u0131 Maratonu\u2019nda \u00fc\u00e7 farkl\u0131 parkur yer ald\u0131\u011f\u0131n\u0131 belirten Ayd\u0131n Ayhan G\u00fcney, \u201c9 May\u0131s Cumartesi g\u00fcn\u00fc 5 kilometrelik g\u00fcn bat\u0131m\u0131 ko\u015fumuz start alacak. Saat 17.00\u2019de \u00c7e\u015fme merkezden ba\u015flayacak ko\u015fu, Aya Yorgi plaj\u0131nda tamamlanacak. 10 May\u0131s Pazar g\u00fcn\u00fc ise \u00c7e\u015fme 10K Yol Ko\u015fusu ve 21 kilometrelik Salomon \u00c7e\u015fme Yar\u0131 Maratonu ko\u015fulacak. Salomon \u00c7e\u015fme Yar\u0131 Maratonu (21K) saat 08.00&#8217;de \u00c7e\u015fme \u015fehir merkezinden ba\u015flayacak ve ayn\u0131 noktada da fini\u015fi g\u00f6recek. 10K Ko\u015fusu da saat 09.00&#8217;da Ala\u00e7at\u0131 \u015fehir merkezinden ba\u015flay\u0131p, \u00c7e\u015fme \u015fehir merkezinde sona erecek. Spor organizasyonlar\u0131n\u0131n en b\u00fcy\u00fck katk\u0131lar\u0131ndan biri turizm alan\u0131nda g\u00f6r\u00fcl\u00fcyor. May\u0131s ay\u0131nda d\u00fczenlenmesi, sezonun erken a\u00e7\u0131lmas\u0131na katk\u0131 sa\u011fl\u0131yor. Yakla\u015f\u0131k 3 bin sporcu a\u011f\u0131rl\u0131yoruz ancak bu say\u0131, refakat\u00e7ilerle birlikte b\u00f6lgede 10 bin ki\u015filik bir hareketlilik olu\u015fturuyor. Bu t\u00fcr organizasyonlar sadece bir spor etkinli\u011fi de\u011fil ayn\u0131 zamanda b\u00f6lge ekonomisine katk\u0131 sa\u011flayan, spor turizmini destekleyen ve \u00c7e\u015fme\u2019nin uluslararas\u0131 tan\u0131t\u0131m\u0131na de\u011fer katan \u00f6nemli bir etkinlik. Oteller, restoranlar ve kafeler doluyor; bu da ekonomiye do\u011frudan katk\u0131 sa\u011fl\u0131yor\u201d dedi.<\/p>\n\n\n\n<p><strong>Aile Odakl\u0131 Turizm Hareketlili\u011fi: \u00c7ocuklara \u00d6zel Etkinliklerle Her Ya\u015fa Hitap Ediliyor<\/strong><\/p>\n\n\n\n<p>\u00a0Organizasyon kapsam\u0131nda pazar g\u00fcn\u00fc \u00e7ocuk ko\u015fusu da d\u00fczenleyeceklerini dile getiren Ayd\u0131n Ayhan G\u00fcney, \u201cHem fiziksel aktiviteyi te\u015fvik etmek hem de spor sevgisini k\u00fc\u00e7\u00fck ya\u015fta a\u015f\u0131lamak istiyoruz. \u0130lk\u00f6\u011fretim \u00f6\u011frencilerinin kat\u0131l\u0131m\u0131na a\u00e7\u0131k olacak ko\u015fumuz, \u00e7ocuklara \u00f6zg\u00fcven kazand\u0131racakken ailelerin de unutulmayacak anlar ya\u015famas\u0131na yol a\u00e7acak. G\u00fcvenli ve e\u011flenceli bir parkurda \u00e7ocuklar enerjilerini atarken, sporun birle\u015ftirici g\u00fcc\u00fc bir kez daha hissedilecek. Renkli anlara sahne olacak ko\u015fuya herkesi bekliyoruz\u201d ifadelerini kulland\u0131.<\/p>\n\n\n\n<p>27.04.2026,15.15<\/p>\n\n\n\n<p>Kaynak:<a href=\"https:\/\/www.turizmaktuel.com\/haber\/salomon-cesme-yari-maratonu-cesme-nin-uluslararasi-tanitimina-deger-katiyor\">https:\/\/www.turizmaktuel.com\/haber\/salomon-cesme-yari-maratonu-cesme-nin-uluslararasi-tanitimina-deger-katiyor<\/a><\/p>\n\n\n\n<p>Edit\u00f6r\u00fcn Notu: Turizm Akt\u00fcel  Gazetesi\u2019nde yay\u0131mlanan bu haber, \u00f6z\u00fcne sad\u0131k kal\u0131narak yeniden d\u00fczenlenmi\u015ftir.<\/p>\n","protected":false},"excerpt":{"rendered":"<p>&#8220;\u0130zmir&#8217;in g\u00f6zde destinasyonu \u00c7e\u015fme, spor turizminin en \u00f6nemli organizasyonlar\u0131ndan biri olan 4. Salomon \u00c7e\u015fme Yar\u0131 Maratonu&#8217;na haz\u0131rlan\u0131yor. 9-10 May\u0131s tarihlerinde d\u00fczenlenecek ve b\u00f6lgede yakla\u015f\u0131k 10 bin ki\u015filik dev bir ziyaret\u00e7i hareketlili\u011fi yaratacak olan etkinlik; yerel esnafa can suyu olurken, turizm sezonunun b\u00f6lgede erken a\u00e7\u0131lmas\u0131n\u0131 sa\u011flayacak.&#8221;<\/p>\n","protected":false},"author":3,"featured_media":7417,"comment_status":"open","ping_status":"open","sticky":false,"template":"","format":"standard","meta":{"_jetpack_memberships_contains_paid_content":false,"footnotes":""},"categories":[11],"tags":[2291],"class_list":["post-7412","post","type-post","status-publish","format-standard","has-post-thumbnail","hentry","category-turizm","tag-sporturizmi-cesmeturizmi-izmir-turizmekonomisi-salomoncesmeyarimaratonu-turizmhaberleri-destinasyonpazarlamasi-seyahat"],"jetpack_featured_media_url":"https:\/\/dbsnewsmedia.com\/wp-content\/uploads\/2026\/04\/image-1777286310585629366.jpg","jetpack_sharing_enabled":true,"_links":{"self":[{"href":"https:\/\/dbsnewsmedia.com\/index.php?rest_route=\/wp\/v2\/posts\/7412","targetHints":{"allow":["GET"]}}],"collection":[{"href":"https:\/\/dbsnewsmedia.com\/index.php?rest_route=\/wp\/v2\/posts"}],"about":[{"href":"https:\/\/dbsnewsmedia.com\/index.php?rest_route=\/wp\/v2\/types\/post"}],"author":[{"embeddable":true,"href":"https:\/\/dbsnewsmedia.com\/index.php?rest_route=\/wp\/v2\/users\/3"}],"replies":[{"embeddable":true,"href":"https:\/\/dbsnewsmedia.com\/index.php?rest_route=%2Fwp%2Fv2%2Fcomments&post=7412"}],"version-history":[{"count":1,"href":"https:\/\/dbsnewsmedia.com\/index.php?rest_route=\/wp\/v2\/posts\/7412\/revisions"}],"predecessor-version":[{"id":7419,"href":"https:\/\/dbsnewsmedia.com\/index.php?rest_route=\/wp\/v2\/posts\/7412\/revisions\/7419"}],"wp:featuredmedia":[{"embeddable":true,"href":"https:\/\/dbsnewsmedia.com\/index.php?rest_route=\/wp\/v2\/media\/7417"}],"wp:attachment":[{"href":"https:\/\/dbsnewsmedia.com\/index.php?rest_route=%2Fwp%2Fv2%2Fmedia&parent=7412"}],"wp:term":[{"taxonomy":"category","embeddable":true,"href":"https:\/\/dbsnewsmedia.com\/index.php?rest_route=%2Fwp%2Fv2%2Fcategories&post=7412"},{"taxonomy":"post_tag","embeddable":true,"href":"https:\/\/dbsnewsmedia.com\/index.php?rest_route=%2Fwp%2Fv2%2Ftags&post=7412"}],"curies":[{"name":"wp","href":"https:\/\/api.w.org\/{rel}","templated":true}]}}