{"id":7420,"date":"2026-04-27T15:20:19","date_gmt":"2026-04-27T12:20:19","guid":{"rendered":"https:\/\/dbsnewsmedia.com\/?p=7420"},"modified":"2026-04-27T15:20:19","modified_gmt":"2026-04-27T12:20:19","slug":"turkiyenin-uluslararasi-tanitiminda-tarihi-bulusma-221-eser-kolezyumda-sergilenecek","status":"publish","type":"post","link":"https:\/\/dbsnewsmedia.com\/?p=7420","title":{"rendered":"T\u00fcrkiye&#8217;nin Uluslararas\u0131 Tan\u0131t\u0131m\u0131nda Tarihi Bulu\u015fma: 221 Eser Kolezyum&#8217;da Sergilenecek"},"content":{"rendered":"\n<p>K\u00fclt\u00fcr ve Turizm Bakan\u0131 Mehmet Nuri Ersoy, T\u00fcrkiye\u2019nin k\u00fclt\u00fcrel miras\u0131n\u0131 d\u00fcnya sahnesine ta\u015f\u0131yacak dev bir i\u015f birli\u011fini a\u00e7\u0131klad\u0131. Troya\u2019n\u0131n e\u015fsiz hazineleri, 11 Haziran\u2019da Roma\u2019n\u0131n d\u00fcnyaca \u00fcnl\u00fc simgesi Kolezyum Arkeolojik Alan\u0131\u2019nda ziyarete a\u00e7\u0131lacak. T\u00fcrkiye ile \u0130talya aras\u0131nda antik d\u00f6nemden g\u00fcn\u00fcm\u00fcze uzanan tarihi ba\u011flar, muazzam bir sergiyle ta\u00e7lan\u0131yor. K\u00fclt\u00fcr ve Turizm Bakan\u0131 Mehmet Nuri Ersoy, Troya\u2019n\u0131n miras\u0131n\u0131 Kolezyum\u2019a ta\u015f\u0131yacaklar\u0131n\u0131 belirterek, &#8220;Troy and Rome: Myths, Legends, Stories of Ancient Mediterranean&#8221; (Troya ve Roma: Mitler, Efsaneler, Antik Akdeniz Hik\u00e2yeleri) adl\u0131 serginin detaylar\u0131n\u0131 payla\u015ft\u0131.<\/p>\n\n\n\n<p><strong>K\u00fclt\u00fcr Turizminin Yeni El\u00e7ileri: 19 M\u00fczeden Se\u00e7ilen 221 Eser Roma Yolcusu<\/strong>\u00a0<\/p>\n\n\n\n<p>Sergi, T\u00fcrkiye\u2019nin zengin m\u00fcze envanterinden derlenen g\u00f6rkemli bir se\u00e7kiye ev sahipli\u011fi yapacak. Bakan Ersoy\u2019un payla\u015ft\u0131\u011f\u0131 verilere g\u00f6re: Eser Say\u0131s\u0131: T\u00fcrkiye\u2019deki 19 m\u00fczeden toplam 221 eser se\u00e7ildi. Troya M\u00fczesi Damgas\u0131: Eserlerin 99\u2019u do\u011frudan Troya M\u00fczesi\u2019nden getirilecek. Bir \u0130lk: Sergilenecek eserlerin 50\u2019si d\u00fcnya sahnesine ilk kez \u00e7\u0131kacak. Sembolik Kat\u0131l\u0131m: Sergi alan\u0131nda ayr\u0131ca devasa bir Troya At\u0131 replikas\u0131 da yer alacak. Aral\u0131k 2025\u2019ten bu yana devam eden haz\u0131rl\u0131k s\u00fcreci, T\u00fcrkiye\u2019nin restorasyon ve konservasyon alan\u0131ndaki g\u00fcc\u00fcn\u00fc de ortaya koyuyor. 6 b\u00f6lge laboratuvar\u0131ndan gelen uzman restorat\u00f6rler, eserleri uluslararas\u0131 sergileme standartlar\u0131na haz\u0131rlad\u0131. Bakan Ersoy, t\u00fcm s\u00fcrecin ICOM (Milletleraras\u0131 M\u00fczeler Konseyi) \u00f6d\u00fcn\u00e7 verme standartlar\u0131 do\u011frultusunda y\u00fcr\u00fct\u00fcld\u00fc\u011f\u00fcn\u00fc vurgulayarak; sigorta, ta\u015f\u0131ma ve koruma s\u00fcre\u00e7lerinin en \u00fcst d\u00fczey titizlikle y\u00f6netildi\u011fini belirtti.<\/p>\n\n\n\n<p><strong>Uluslararas\u0131 Tan\u0131t\u0131mda Kararl\u0131l\u0131k Vurgusu: Anadolu&#8217;nun Zenginlikleri S\u0131n\u0131rlar\u0131 A\u015f\u0131yor<\/strong>\u00a0<\/p>\n\n\n\n<p>Bakan Ersoy, a\u00e7\u0131klamas\u0131n\u0131n sonunda eme\u011fi ge\u00e7enlere te\u015fekk\u00fcr ederek \u015fu ifadeleri kulland\u0131: &#8220;Bu topraklar\u0131n k\u00fclt\u00fcrel miras\u0131n\u0131 d\u00fcnya sahnesine kararl\u0131l\u0131kla ta\u015f\u0131yan ba\u015fta K\u00fclt\u00fcr Varl\u0131klar\u0131 ve M\u00fczeler Genel M\u00fcd\u00fcrl\u00fc\u011f\u00fc ekiplerimiz olmak \u00fczere eme\u011fi ge\u00e7en herkese te\u015fekk\u00fcr ediyorum.&#8221; Bu tarihi bulu\u015fma, Akdeniz havzas\u0131n\u0131n iki b\u00fcy\u00fck medeniyeti aras\u0131ndaki mitolojik ve tarihi ba\u011flar\u0131 yeniden ke\u015ffetmek isteyen sanatseverleri Haziran ay\u0131ndan itibaren Roma\u2019da bekliyor olacak.<\/p>\n\n\n\n<p>27.04.2026,15.20<\/p>\n\n\n\n<p>Kaynak:<a href=\"https:\/\/www.turizmdays.com\/news\/bakan-ersoy-duyurdu-221-eser-kolezyuma-tasiniyor-32221\">https:\/\/www.turizmdays.com\/news\/bakan-ersoy-duyurdu-221-eser-kolezyuma-tasiniyor-32221<\/a><\/p>\n\n\n\n<p>Edit\u00f6r\u00fcn Notu: Turizm Days Gazetesi\u2019nde yay\u0131mlanan bu haber, \u00f6z\u00fcne sad\u0131k kal\u0131narak yeniden d\u00fczenlenmi\u015ftir.<\/p>\n","protected":false},"excerpt":{"rendered":"<p>&#8220;K\u00fclt\u00fcr ve Turizm Bakan\u0131 Mehmet Nuri Ersoy, T\u00fcrkiye&#8217;nin uluslararas\u0131 tan\u0131t\u0131m\u0131na b\u00fcy\u00fck katk\u0131 sa\u011flayacak dev bir k\u00fclt\u00fcr turizmi hamlesini duyurdu. Anadolu&#8217;nun e\u015fsiz tarihi miras\u0131 Troya&#8217;n\u0131n hazineleri, 11 Haziran&#8217;da Roma&#8217;n\u0131n d\u00fcnyaca \u00fcnl\u00fc simgesi Kolezyum&#8217;da sergilenerek T\u00fcrkiye&#8217;nin k\u00fcresel turizmdeki k\u00fclt\u00fcrel g\u00fcc\u00fcn\u00fc bir kez daha g\u00f6zler \u00f6n\u00fcne serecek.&#8221;<\/p>\n","protected":false},"author":3,"featured_media":7423,"comment_status":"open","ping_status":"open","sticky":false,"template":"","format":"standard","meta":{"_jetpack_memberships_contains_paid_content":false,"footnotes":""},"categories":[11],"tags":[2295],"class_list":["post-7420","post","type-post","status-publish","format-standard","has-post-thumbnail","hentry","category-turizm","tag-kulturturizmi-troya-turkiyetanitimi-turizmgundemi-kolezyum-kulturelmiras-roma-turizmhaberleri"],"jetpack_featured_media_url":"https:\/\/dbsnewsmedia.com\/wp-content\/uploads\/2026\/04\/32221_bakan-ersoy-duyurdu-221-eser-kolezyuma-tasiniyor_0.jpg","jetpack_sharing_enabled":true,"_links":{"self":[{"href":"https:\/\/dbsnewsmedia.com\/index.php?rest_route=\/wp\/v2\/posts\/7420","targetHints":{"allow":["GET"]}}],"collection":[{"href":"https:\/\/dbsnewsmedia.com\/index.php?rest_route=\/wp\/v2\/posts"}],"about":[{"href":"https:\/\/dbsnewsmedia.com\/index.php?rest_route=\/wp\/v2\/types\/post"}],"author":[{"embeddable":true,"href":"https:\/\/dbsnewsmedia.com\/index.php?rest_route=\/wp\/v2\/users\/3"}],"replies":[{"embeddable":true,"href":"https:\/\/dbsnewsmedia.com\/index.php?rest_route=%2Fwp%2Fv2%2Fcomments&post=7420"}],"version-history":[{"count":1,"href":"https:\/\/dbsnewsmedia.com\/index.php?rest_route=\/wp\/v2\/posts\/7420\/revisions"}],"predecessor-version":[{"id":7428,"href":"https:\/\/dbsnewsmedia.com\/index.php?rest_route=\/wp\/v2\/posts\/7420\/revisions\/7428"}],"wp:featuredmedia":[{"embeddable":true,"href":"https:\/\/dbsnewsmedia.com\/index.php?rest_route=\/wp\/v2\/media\/7423"}],"wp:attachment":[{"href":"https:\/\/dbsnewsmedia.com\/index.php?rest_route=%2Fwp%2Fv2%2Fmedia&parent=7420"}],"wp:term":[{"taxonomy":"category","embeddable":true,"href":"https:\/\/dbsnewsmedia.com\/index.php?rest_route=%2Fwp%2Fv2%2Fcategories&post=7420"},{"taxonomy":"post_tag","embeddable":true,"href":"https:\/\/dbsnewsmedia.com\/index.php?rest_route=%2Fwp%2Fv2%2Ftags&post=7420"}],"curies":[{"name":"wp","href":"https:\/\/api.w.org\/{rel}","templated":true}]}}