{"id":7440,"date":"2026-04-27T16:50:14","date_gmt":"2026-04-27T13:50:14","guid":{"rendered":"https:\/\/dbsnewsmedia.com\/?p=7440"},"modified":"2026-04-27T16:50:14","modified_gmt":"2026-04-27T13:50:14","slug":"foo-fighters-yeni-albumuyle-sahalarda-turne-de-basliyor","status":"publish","type":"post","link":"https:\/\/dbsnewsmedia.com\/?p=7440","title":{"rendered":"Foo Fighters Yeni Alb\u00fcm\u00fcyle Sahalarda: Turne de Ba\u015fl\u0131yor"},"content":{"rendered":"\n<p>27.04.2026    16:50<\/p>\n\n\n\n<p>Foo Fighters, 12. st\u00fcdyo alb\u00fcm\u00fc Your Favorite Toy\u2019u yay\u0131mlad\u0131. Alb\u00fcmle birlikte \u201cWindow\u201d \u015fark\u0131s\u0131n\u0131n klibi yay\u0131nlan\u0131rken, grup \u201cTake Cover\u201d adl\u0131 d\u00fcnya turnesine 28 Nisan\u2019da ba\u015flayacak.<\/p>\n\n\n\n<p>Rock\u00a0m\u00fczi\u011fin \u00f6nde gelen gruplar\u0131ndan\u00a0Foo Fighters\u2019\u0131n 15 Grammy \u00f6d\u00fcll\u00fc diskografisinin 12. st\u00fcdyo\u00a0alb\u00fcm\u00fc olan Your Favorite Toy, \u00f6ncesinde yay\u0131nlanan teklilerle de dikkat \u00e7ekmi\u015fti. Alb\u00fcmde yer alan \u201cCaught In The Echo\u201d, \u201cOf All People\u201d, \u201cAsking For A Friend\u201d ve alb\u00fcmle ayn\u0131 ad\u0131 ta\u015f\u0131yan par\u00e7a \u201cYour Favorite Toy\u201d, uluslararas\u0131 m\u00fczik bas\u0131n\u0131nda olumlu yorumlar ald\u0131.<\/p>\n\n\n\n<figure class=\"wp-block-image size-full\"><img loading=\"lazy\" decoding=\"async\" width=\"720\" height=\"720\" src=\"https:\/\/dbsnewsmedia.com\/wp-content\/uploads\/2026\/04\/119.webp\" alt=\"\" class=\"wp-image-7441\" srcset=\"https:\/\/dbsnewsmedia.com\/wp-content\/uploads\/2026\/04\/119.webp 720w, https:\/\/dbsnewsmedia.com\/wp-content\/uploads\/2026\/04\/119-300x300.webp 300w, https:\/\/dbsnewsmedia.com\/wp-content\/uploads\/2026\/04\/119-150x150.webp 150w\" sizes=\"auto, (max-width: 720px) 100vw, 720px\" \/><\/figure>\n\n\n\n<p>Alb\u00fcmle birlikte grubun \u201cWindow\u201d \u015fark\u0131s\u0131na \u00e7ekti\u011fi yeni video klip de yay\u0131mland\u0131. Dave Grohl\u2019un fikriyle hayata ge\u00e7irilen ve Jake Erland y\u00f6netmenli\u011finde \u00e7ekilen klipte, Craig Parkinson bir g\u00f6kdelenin d\u0131\u015f cephesinde \u00e7al\u0131\u015fan bir cam temizleyicisini canland\u0131r\u0131yor. Klip, karakterin katlar aras\u0131nda ilerlerken i\u00e7erideki hayatlara tan\u0131k oldu\u011fu bir hikaye sunuyor.<\/p>\n\n\n\n<h2 class=\"wp-block-heading\"><strong>28 Nisan&#8217;da turne<\/strong><\/h2>\n\n\n\n<p>Foo Fighters yeni alb\u00fcm\u00fcn ard\u0131ndan \u2018Take Cover\u2019 ad\u0131n\u0131 ta\u015f\u0131yan d\u00fcnya turnesine \u00e7\u0131kmaya haz\u0131rlan\u0131yor. Turne, 28 Nisan\u2019da ABD\u2019de ba\u015flayacak.<\/p>\n\n\n\n<p>Kaynak:<a href=\"https:\/\/www.odatv.com\/kultur-sanat\/foo-fightersin-yeni-albumu-your-favorite-cikti-120144886\">https:\/\/www.odatv.com\/kultur-sanat\/foo-fightersin-yeni-albumu-your-favorite-cikti-120144886<\/a><\/p>\n\n\n\n<p><br><\/p>\n","protected":false},"excerpt":{"rendered":"<p>27.04.2026 16:50 Foo Fighters, 12. st\u00fcdyo alb\u00fcm\u00fc Your Favorite Toy\u2019u yay\u0131mlad\u0131. Alb\u00fcmle birlikte \u201cWindow\u201d \u015fark\u0131s\u0131n\u0131n klibi yay\u0131nlan\u0131rken, grup \u201cTake Cover\u201d adl\u0131 d\u00fcnya turnesine 28 Nisan\u2019da ba\u015flayacak. Rock\u00a0m\u00fczi\u011fin \u00f6nde gelen gruplar\u0131ndan\u00a0Foo Fighters\u2019\u0131n 15 Grammy \u00f6d\u00fcll\u00fc diskografisinin 12. st\u00fcdyo\u00a0alb\u00fcm\u00fc olan Your Favorite Toy, \u00f6ncesinde yay\u0131nlanan teklilerle de dikkat \u00e7ekmi\u015fti. Alb\u00fcmde yer alan \u201cCaught In The Echo\u201d, \u201cOf&#8230;<\/p>\n","protected":false},"author":5,"featured_media":7442,"comment_status":"open","ping_status":"open","sticky":false,"template":"","format":"standard","meta":{"_jetpack_memberships_contains_paid_content":false,"footnotes":""},"categories":[10],"tags":[2299],"class_list":["post-7440","post","type-post","status-publish","format-standard","has-post-thumbnail","hentry","category-kultur-sanat","tag-foo-fighters"],"jetpack_featured_media_url":"https:\/\/dbsnewsmedia.com\/wp-content\/uploads\/2026\/04\/118.webp","jetpack_sharing_enabled":true,"_links":{"self":[{"href":"https:\/\/dbsnewsmedia.com\/index.php?rest_route=\/wp\/v2\/posts\/7440","targetHints":{"allow":["GET"]}}],"collection":[{"href":"https:\/\/dbsnewsmedia.com\/index.php?rest_route=\/wp\/v2\/posts"}],"about":[{"href":"https:\/\/dbsnewsmedia.com\/index.php?rest_route=\/wp\/v2\/types\/post"}],"author":[{"embeddable":true,"href":"https:\/\/dbsnewsmedia.com\/index.php?rest_route=\/wp\/v2\/users\/5"}],"replies":[{"embeddable":true,"href":"https:\/\/dbsnewsmedia.com\/index.php?rest_route=%2Fwp%2Fv2%2Fcomments&post=7440"}],"version-history":[{"count":1,"href":"https:\/\/dbsnewsmedia.com\/index.php?rest_route=\/wp\/v2\/posts\/7440\/revisions"}],"predecessor-version":[{"id":7443,"href":"https:\/\/dbsnewsmedia.com\/index.php?rest_route=\/wp\/v2\/posts\/7440\/revisions\/7443"}],"wp:featuredmedia":[{"embeddable":true,"href":"https:\/\/dbsnewsmedia.com\/index.php?rest_route=\/wp\/v2\/media\/7442"}],"wp:attachment":[{"href":"https:\/\/dbsnewsmedia.com\/index.php?rest_route=%2Fwp%2Fv2%2Fmedia&parent=7440"}],"wp:term":[{"taxonomy":"category","embeddable":true,"href":"https:\/\/dbsnewsmedia.com\/index.php?rest_route=%2Fwp%2Fv2%2Fcategories&post=7440"},{"taxonomy":"post_tag","embeddable":true,"href":"https:\/\/dbsnewsmedia.com\/index.php?rest_route=%2Fwp%2Fv2%2Ftags&post=7440"}],"curies":[{"name":"wp","href":"https:\/\/api.w.org\/{rel}","templated":true}]}}