{"id":7458,"date":"2026-04-27T20:46:07","date_gmt":"2026-04-27T17:46:07","guid":{"rendered":"https:\/\/dbsnewsmedia.com\/?p=7458"},"modified":"2026-04-27T20:46:07","modified_gmt":"2026-04-27T17:46:07","slug":"belcikada-ilginc-yarisma-70-kisi-en-iyi-marti-sesi-icin-yaristi","status":"publish","type":"post","link":"https:\/\/dbsnewsmedia.com\/?p=7458","title":{"rendered":"BEL\u00c7\u0130KA\u2019DA \u0130LG\u0130N\u00c7 YARI\u015eMA: 70 K\u0130\u015e\u0130 EN \u0130Y\u0130 MARTI SES\u0130 \u0130\u00c7\u0130N YARI\u015eTI"},"content":{"rendered":"\n<p>27.04.2026 20:41<\/p>\n\n\n\n<p>Bel\u00e7ika\u2019n\u0131n sahil kasabas\u0131 De Panne\u2019de alt\u0131nc\u0131 kez d\u00fczenlenen geleneksel Avrupa mart\u0131 \u00e7\u0131\u011fl\u0131\u011f\u0131 \u015fampiyonas\u0131na 15 \u00fclkeden 70\u2019ten fazla ki\u015fi kat\u0131ld\u0131.<a href=\"https:\/\/i.gazeteoksijen.com\/storage\/files\/images\/2026\/04\/27\/seagull-dtyr.png\"><\/a><\/p>\n\n\n\n<hr class=\"wp-block-separator has-alpha-channel-opacity\"\/>\n\n\n\n<p>Bel\u00e7ika\u2019n\u0131n sahil kasabas\u0131 De Panne\u2019de pazar g\u00fcn\u00fc d\u00fczenlenen y\u0131ll\u0131k Avrupa mart\u0131 \u00e7\u0131\u011fl\u0131\u011f\u0131 \u015fampiyonas\u0131nda yar\u0131\u015fmac\u0131lar, ku\u015fun kendine \u00f6zg\u00fc \u00e7\u0131\u011fl\u0131\u011f\u0131n\u0131 en iyi \u015fekilde taklit etmeyi ama\u00e7layan 70\u2019ten fazla kat\u0131l\u0131mc\u0131yla kar\u015f\u0131 kar\u015f\u0131ya geldi. Alt\u0131nc\u0131 kez d\u00fczenlenen \u015fampiyonaya 15 \u00fclkeden yar\u0131\u015fmac\u0131 kat\u0131ld\u0131.<\/p>\n\n\n\n<p>Yerel bir barda yap\u0131lan yar\u0131\u015fmaya, \u00e7o\u011fu mart\u0131 temal\u0131 kost\u00fcmlerle \u00e7ocuklu aileler de dahil olmak \u00fczere her ya\u015ftan kat\u0131l\u0131mc\u0131 geldi. Her \u00e7\u0131\u011fl\u0131k kalabal\u0131ktan tezah\u00fcrat ald\u0131.<\/p>\n\n\n\n<p>J\u00fcri, yar\u0131\u015fmac\u0131lar\u0131n mart\u0131 sesini ne kadar iyi taklit ettiklerine en fazla 15 puan, performans\u0131na ise be\u015f puan verebiliyor. Geleneksel hale gelen etkinlik, halk taraf\u0131ndan s\u0131kl\u0131kla m\u00fcdahaleci olarak g\u00f6r\u00fclen mart\u0131 imaj\u0131n\u0131n de\u011fi\u015ftirilmesini ama\u00e7l\u0131yor.<\/p>\n\n\n\n<p>Etkinli\u011fin organizat\u00f6r\u00fc Claude Willaert, \u201cTatildeyken her zaman denizin dalgalar\u0131n\u0131 ve mart\u0131lar\u0131n seslerini hat\u0131rlars\u0131n\u0131z. O halde onlar hakk\u0131nda olumlu olun\u201d diyor.<\/p>\n\n\n\n<p>Kom\u015fu Haber:Open News Media:<a href=\"https:\/\/opennewsmedia.com\/2026\/04\/27\/belcikada-ilginc-yarisma-70-kisi-en-iyi-marti-sesi-icin-yaristi\/\">https:\/\/opennewsmedia.com\/2026\/04\/27\/belcikada-ilginc-yarisma-70-kisi-en-iyi-marti-sesi-icin-yaristi\/<\/a><\/p>\n\n\n\n<p>Kaynak:&nbsp;<a href=\"https:\/\/gazeteoksijen.com\/dunya\/belcikada-sira-disi-sampiyona-15-ulkeden-70-katilimci-en-iyi-marti-sesini-cikarmak-icin-yaristi-273622\">https:\/\/gazeteoksijen.com\/dunya\/belcikada-sira-disi-sampiyona-15-ulkeden-70-katilimci-en-iyi-marti-sesini-cikarmak-icin-yaristi-273622<\/a><\/p>\n","protected":false},"excerpt":{"rendered":"<p>27.04.2026 20:41 Bel\u00e7ika\u2019n\u0131n sahil kasabas\u0131 De Panne\u2019de alt\u0131nc\u0131 kez d\u00fczenlenen geleneksel Avrupa mart\u0131 \u00e7\u0131\u011fl\u0131\u011f\u0131 \u015fampiyonas\u0131na 15 \u00fclkeden 70\u2019ten fazla ki\u015fi kat\u0131ld\u0131. Bel\u00e7ika\u2019n\u0131n sahil kasabas\u0131 De Panne\u2019de pazar g\u00fcn\u00fc d\u00fczenlenen y\u0131ll\u0131k Avrupa mart\u0131 \u00e7\u0131\u011fl\u0131\u011f\u0131 \u015fampiyonas\u0131nda yar\u0131\u015fmac\u0131lar, ku\u015fun kendine \u00f6zg\u00fc \u00e7\u0131\u011fl\u0131\u011f\u0131n\u0131 en iyi \u015fekilde taklit etmeyi ama\u00e7layan 70\u2019ten fazla kat\u0131l\u0131mc\u0131yla kar\u015f\u0131 kar\u015f\u0131ya geldi. Alt\u0131nc\u0131 kez d\u00fczenlenen \u015fampiyonaya&#8230;<\/p>\n","protected":false},"author":3,"featured_media":7459,"comment_status":"open","ping_status":"open","sticky":false,"template":"","format":"standard","meta":{"_jetpack_memberships_contains_paid_content":false,"footnotes":""},"categories":[3],"tags":[314],"class_list":["post-7458","post","type-post","status-publish","format-standard","has-post-thumbnail","hentry","category-dunya","tag-dunya-2"],"jetpack_featured_media_url":"https:\/\/dbsnewsmedia.com\/wp-content\/uploads\/2026\/04\/seagull-dtyr.png","jetpack_sharing_enabled":true,"_links":{"self":[{"href":"https:\/\/dbsnewsmedia.com\/index.php?rest_route=\/wp\/v2\/posts\/7458","targetHints":{"allow":["GET"]}}],"collection":[{"href":"https:\/\/dbsnewsmedia.com\/index.php?rest_route=\/wp\/v2\/posts"}],"about":[{"href":"https:\/\/dbsnewsmedia.com\/index.php?rest_route=\/wp\/v2\/types\/post"}],"author":[{"embeddable":true,"href":"https:\/\/dbsnewsmedia.com\/index.php?rest_route=\/wp\/v2\/users\/3"}],"replies":[{"embeddable":true,"href":"https:\/\/dbsnewsmedia.com\/index.php?rest_route=%2Fwp%2Fv2%2Fcomments&post=7458"}],"version-history":[{"count":1,"href":"https:\/\/dbsnewsmedia.com\/index.php?rest_route=\/wp\/v2\/posts\/7458\/revisions"}],"predecessor-version":[{"id":7460,"href":"https:\/\/dbsnewsmedia.com\/index.php?rest_route=\/wp\/v2\/posts\/7458\/revisions\/7460"}],"wp:featuredmedia":[{"embeddable":true,"href":"https:\/\/dbsnewsmedia.com\/index.php?rest_route=\/wp\/v2\/media\/7459"}],"wp:attachment":[{"href":"https:\/\/dbsnewsmedia.com\/index.php?rest_route=%2Fwp%2Fv2%2Fmedia&parent=7458"}],"wp:term":[{"taxonomy":"category","embeddable":true,"href":"https:\/\/dbsnewsmedia.com\/index.php?rest_route=%2Fwp%2Fv2%2Fcategories&post=7458"},{"taxonomy":"post_tag","embeddable":true,"href":"https:\/\/dbsnewsmedia.com\/index.php?rest_route=%2Fwp%2Fv2%2Ftags&post=7458"}],"curies":[{"name":"wp","href":"https:\/\/api.w.org\/{rel}","templated":true}]}}