{"id":7461,"date":"2026-04-27T20:48:19","date_gmt":"2026-04-27T17:48:19","guid":{"rendered":"https:\/\/dbsnewsmedia.com\/?p=7461"},"modified":"2026-04-27T20:48:19","modified_gmt":"2026-04-27T17:48:19","slug":"seyahat-sektorunun-onur-kaynagi","status":"publish","type":"post","link":"https:\/\/dbsnewsmedia.com\/?p=7461","title":{"rendered":"Seyahat Sekt\u00f6r\u00fcn\u00fcn Onur Kayna\u011f\u0131"},"content":{"rendered":"\n<p>Londra Parkurunda Feridun Erg\u00fcn \u0130mzas\u0131: Yeni Derece Geldi<\/p>\n\n\n\n<p><strong>Konaklama sekt\u00f6r\u00fcn\u00fcn tecr\u00fcbeli ismi Feridun Erg\u00fcn, Britanya ba\u015fkentinde d\u00fczenlenen ve k\u00fcresel \u00f6l\u00e7ekte b\u00fcy\u00fck ses getiren 42 kilometrelik zorlu m\u00fccadeleyi dereceyle bitirdi. Yakla\u015f\u0131k 60 bin atletin boy g\u00f6sterdi\u011fi devasa organizasyonda kendi en iyi s\u00fcresini geride b\u0131rakan ba\u015far\u0131l\u0131 y\u00f6netici, \u00fclkemizden kat\u0131lan sporcular klasman\u0131nda ilk \u00fc\u00e7 aras\u0131na girerek \u00f6nemli bir netice elde etti.<\/strong><\/p>\n\n\n\n<p>\u0130\u015f hayat\u0131ndaki \u00fcst\u00fcn performans\u0131n\u0131 atletizm sahas\u0131na da yans\u0131tan ve uzun mesafe ko\u015fular\u0131na olan ilgisiyle bilinen tecr\u00fcbeli isim, uzun zamand\u0131r planlad\u0131\u011f\u0131 bir hedefi daha ger\u00e7ekle\u015ftirdi. Gezegenin en se\u00e7kin parkurlar\u0131ndan biri kabul edilen \u0130ngiltere\u2019deki bu dev m\u00fcsabakada boy g\u00f6steren y\u00f6netici, kendi \u00e7\u0131tas\u0131n\u0131 bir ad\u0131m \u00f6teye ta\u015f\u0131rken, elde etti\u011fi neticeyle \u00fclkemizin ad\u0131n\u0131 d\u00fcnya sahnesinde onurla temsil etti.<\/p>\n\n\n\n<p><strong>Zirve Derecesi ve Ola\u011fan\u00fcst\u00fc Sonu\u00e7<\/strong><\/p>\n\n\n\n<p>Feridun Erg\u00fcn, 42 kilometrelik zorlu parkuru 2:57:04 gibi etkileyici bir s\u00fcreyle tamamlayarak ki\u015fisel en iyi derecesini 15 saniye daha ileriye ta\u015f\u0131d\u0131. Genel klasmanda 2639., kendi ya\u015f grubunda 122. olan Erg\u00fcn, T\u00fcrk kat\u0131l\u0131mc\u0131lar listesinde ise k\u00fcrs\u00fcn\u00fcn 3. basama\u011f\u0131nda yer ald\u0131.<\/p>\n\n\n\n<p><strong>Dev Serinin Alt\u0131nc\u0131 Etab\u0131 Geride Kald\u0131<\/strong><\/p>\n\n\n\n<p>Bu ba\u015far\u0131s\u0131yla 19. maratonunu bitiren Erg\u00fcn, \u201c7 K\u0131ta, 7 Maj\u00f6r Maraton\u201d hedefinde dev bir ad\u0131m daha att\u0131. Berlin, New York, Sydney, Boston ve Chicago\u2019nun ard\u0131ndan Londra\u2019y\u0131 da bitiren deneyimli turizmci, d\u00fcnya atletizm tarihinde iki atletin 2 saatin alt\u0131nda ko\u015ftu\u011fu bu tarihi yar\u0131\u015fta elit sporcularla ayn\u0131 parkuru payla\u015fman\u0131n tarif edilemez bir deneyim oldu\u011funu belirtti.<\/p>\n\n\n\n<p>Erg\u00fcn\u2019\u00fcn Londra\u2019daki ad\u0131mlar\u0131 sadece madalya i\u00e7in de\u011fil, bir sosyal sorumluluk projesi i\u00e7in de at\u0131ld\u0131. T\u00fcrk E\u011fitim Vakf\u0131 (TEV) arac\u0131l\u0131\u011f\u0131yla 50 \u00fcniversite \u00f6\u011frencisinin e\u011fitimine katk\u0131 sa\u011flayan Erg\u00fcn, ko\u015fma amac\u0131n\u0131 \u015fu s\u00f6zlerle \u00f6zetledi:<\/p>\n\n\n\n<p>\u201cGen\u00e7lere ve spor yapmayanlara ilham olmak, d\u00fcnyay\u0131 gezerek sa\u011fl\u0131kl\u0131 ve vizyon sahibi bir ya\u015fam s\u00fcrmek i\u00e7in ko\u015fuyorum. D\u00fcnyay\u0131 gezerken birilerinin hayat\u0131na dokunabilmek benim i\u00e7in en b\u00fcy\u00fck gurur kayna\u011f\u0131.\u201d<\/p>\n\n\n\n<p><strong>S\u0131rada Bekleyen Parkurlar: Uzak Do\u011fu ve G\u00fcney Kutbu<\/strong><\/p>\n\n\n\n<p>Londra ba\u015far\u0131s\u0131n\u0131n ard\u0131ndan rotas\u0131n\u0131 yeni k\u0131talara \u00e7eviren Feridun Erg\u00fcn\u2019\u00fcn bir sonraki hedefleri aras\u0131nda Arjantin, Antarktika ve serinin son aya\u011f\u0131 olan Tokyo Maratonu yer al\u0131yor. Erg\u00fcn\u2019\u00fcn vizyonu; 7 k\u0131tada, 30 farkl\u0131 \u00fclkede toplam 100 maratonu tamamlayarak T\u00fcrk sporunun ve turizmcisinin azmini d\u00fcnyaya kan\u0131tlamak.<\/p>\n\n\n\n<p>Kom\u015fu Haber:Check-in Haber:<a href=\"https:\/\/checkinhaber.com\/2026\/04\/27\/seyahat-sektorunun-onur-kaynagi\/\">https:\/\/checkinhaber.com\/2026\/04\/27\/seyahat-sektorunun-onur-kaynagi\/<\/a><\/p>\n\n\n\n<p>G\u00f6rsel Kaynak:&nbsp;<a href=\"https:\/\/www.turizmdays.com\/images\/news\/32222_turizm-dunyasinin-gururu_0.jpg\">https:\/\/www.turizmdays.com\/images\/news\/32222_turizm-dunyasinin-gururu_0.jpg<\/a><\/p>\n\n\n\n<p>Kaynak:&nbsp;<a href=\"https:\/\/www.turizmdays.com\/news\/turizm-dunyasinin-gururu-32222\">https:\/\/www.turizmdays.com\/news\/turizm-dunyasinin-gururu-32222<\/a><\/p>\n\n\n\n<p><a href=\"https:\/\/www.turizmdays.com\/index.html\">https:\/\/www.turizmdays.com\/index.html<\/a><\/p>\n\n\n\n<p>Saat: 17.23<\/p>\n","protected":false},"excerpt":{"rendered":"<p>Londra Parkurunda Feridun Erg\u00fcn \u0130mzas\u0131: Yeni Derece Geldi Konaklama sekt\u00f6r\u00fcn\u00fcn tecr\u00fcbeli ismi Feridun Erg\u00fcn, Britanya ba\u015fkentinde d\u00fczenlenen ve k\u00fcresel \u00f6l\u00e7ekte b\u00fcy\u00fck ses getiren 42 kilometrelik zorlu m\u00fccadeleyi dereceyle bitirdi. Yakla\u015f\u0131k 60 bin atletin boy g\u00f6sterdi\u011fi devasa organizasyonda kendi en iyi s\u00fcresini geride b\u0131rakan ba\u015far\u0131l\u0131 y\u00f6netici, \u00fclkemizden kat\u0131lan sporcular klasman\u0131nda ilk \u00fc\u00e7 aras\u0131na girerek \u00f6nemli bir&#8230;<\/p>\n","protected":false},"author":3,"featured_media":7462,"comment_status":"open","ping_status":"open","sticky":false,"template":"","format":"standard","meta":{"_jetpack_memberships_contains_paid_content":false,"footnotes":""},"categories":[11],"tags":[375],"class_list":["post-7461","post","type-post","status-publish","format-standard","has-post-thumbnail","hentry","category-turizm","tag-turizm"],"jetpack_featured_media_url":"https:\/\/dbsnewsmedia.com\/wp-content\/uploads\/2026\/04\/32222_turizm-dunyasinin-gururu_0.jpg","jetpack_sharing_enabled":true,"_links":{"self":[{"href":"https:\/\/dbsnewsmedia.com\/index.php?rest_route=\/wp\/v2\/posts\/7461","targetHints":{"allow":["GET"]}}],"collection":[{"href":"https:\/\/dbsnewsmedia.com\/index.php?rest_route=\/wp\/v2\/posts"}],"about":[{"href":"https:\/\/dbsnewsmedia.com\/index.php?rest_route=\/wp\/v2\/types\/post"}],"author":[{"embeddable":true,"href":"https:\/\/dbsnewsmedia.com\/index.php?rest_route=\/wp\/v2\/users\/3"}],"replies":[{"embeddable":true,"href":"https:\/\/dbsnewsmedia.com\/index.php?rest_route=%2Fwp%2Fv2%2Fcomments&post=7461"}],"version-history":[{"count":1,"href":"https:\/\/dbsnewsmedia.com\/index.php?rest_route=\/wp\/v2\/posts\/7461\/revisions"}],"predecessor-version":[{"id":7463,"href":"https:\/\/dbsnewsmedia.com\/index.php?rest_route=\/wp\/v2\/posts\/7461\/revisions\/7463"}],"wp:featuredmedia":[{"embeddable":true,"href":"https:\/\/dbsnewsmedia.com\/index.php?rest_route=\/wp\/v2\/media\/7462"}],"wp:attachment":[{"href":"https:\/\/dbsnewsmedia.com\/index.php?rest_route=%2Fwp%2Fv2%2Fmedia&parent=7461"}],"wp:term":[{"taxonomy":"category","embeddable":true,"href":"https:\/\/dbsnewsmedia.com\/index.php?rest_route=%2Fwp%2Fv2%2Fcategories&post=7461"},{"taxonomy":"post_tag","embeddable":true,"href":"https:\/\/dbsnewsmedia.com\/index.php?rest_route=%2Fwp%2Fv2%2Ftags&post=7461"}],"curies":[{"name":"wp","href":"https:\/\/api.w.org\/{rel}","templated":true}]}}