{"id":7475,"date":"2026-04-28T17:14:00","date_gmt":"2026-04-28T14:14:00","guid":{"rendered":"https:\/\/dbsnewsmedia.com\/?p=7475"},"modified":"2026-04-28T17:14:00","modified_gmt":"2026-04-28T14:14:00","slug":"bahar-yorgunlugu-alarmi-uzmanlar-riskin-altini-ciziyor","status":"publish","type":"post","link":"https:\/\/dbsnewsmedia.com\/?p=7475","title":{"rendered":"Bahar Yorgunlu\u011fu Alarm\u0131: Uzmanlar Riskin Alt\u0131n\u0131 \u00c7iziyor"},"content":{"rendered":"\n<p class=\"has-medium-font-size\"><strong>\u0130lkbaharla birlikte enerjinin artmas\u0131 beklenirken, pek \u00e7ok ki\u015fi tam tersine kendini daha halsiz ve yorgun hissediyor. Uzmanlar, bu durumun temelinde mevsim ge\u00e7i\u015fine ba\u011fl\u0131 olarak v\u00fccutta meydana gelen biyolojik de\u011fi\u015fimlerin yatt\u0131\u011f\u0131n\u0131 belirtiyor.<br><\/strong><\/p>\n\n\n\n<p>G\u00fcne\u015fli g\u00fcnlerin artmas\u0131 ve do\u011fan\u0131n canlanmas\u0131yla birlikte<em>&nbsp;<\/em><strong>ilkbahar<\/strong><em><strong>&nbsp;<\/strong><\/em>genellikle enerji ve motivasyonla ili\u015fkilendiriliyor. Ancak bir\u00e7ok ki\u015fi tam tersine bu d\u00f6nemde halsizlik, uyku hali ve dikkat da\u011f\u0131n\u0131kl\u0131\u011f\u0131 ya\u015fayabiliyor. Uzmanlar, bu durumun \u201c<strong>bahar yorgunlu\u011fu<\/strong>\u201d olarak bilinen ve bilimsel temellere dayanan bir s\u00fcre\u00e7 oldu\u011funu belirtiyor.<\/p>\n\n\n\n<h3 class=\"wp-block-heading\" style=\"font-size:25px\">MEVS\u0130M GE\u00c7\u0130\u015e\u0130 V\u00dcCUDU ZORLUYOR: UYUM S\u00dcREC\u0130 SANDI\u011eINIZDAN DAHA ZOR<\/h3>\n\n\n\n<p>Mevsim ge\u00e7i\u015fleri, v\u00fccudun biyolojik ritmini do\u011frudan etkiliyor. \u00d6zellikle k\u0131\u015f aylar\u0131na adapte olmu\u015f metabolizma, artan s\u0131cakl\u0131k ve de\u011fi\u015fen g\u00fcn \u0131\u015f\u0131\u011f\u0131 s\u00fcresine uyum sa\u011flamakta zorlanabiliyor. Bu adaptasyon s\u00fcreci ise yorgunluk ve isteksizlik olarak kendini g\u00f6sterebiliyor.<\/p>\n\n\n\n<h3 class=\"wp-block-heading\" style=\"font-size:25px\">MEVS\u0130M DE\u011e\u0130\u015e\u0130M\u0130YLE HORMON DENGES\u0130 ALT\u00dcST OLUYOR<\/h3>\n\n\n\n<p>G\u00fcne\u015f \u0131\u015f\u0131\u011f\u0131n\u0131n artmas\u0131yla birlikte&nbsp;<strong>serotonin<\/strong>&nbsp;ve&nbsp;<strong>melatonin<\/strong>&nbsp;hormonlar\u0131nda de\u011fi\u015fim ya\u015fan\u0131yor. Uyku d\u00fczenini etkileyen melatonin seviyesinin d\u00fc\u015fmesi, g\u00fcn i\u00e7inde halsizlik hissine neden olabiliyor. Ayn\u0131 zamanda mutluluk hormonu olarak bilinen serotonin art\u0131\u015f\u0131 da k\u0131sa vadede v\u00fccutta dengesizlik yaratabiliyor.<\/p>\n\n\n\n<figure class=\"wp-block-image size-full\"><img loading=\"lazy\" decoding=\"async\" width=\"1000\" height=\"750\" src=\"https:\/\/dbsnewsmedia.com\/wp-content\/uploads\/2026\/04\/image-190.png\" alt=\"\" class=\"wp-image-7476\" srcset=\"https:\/\/dbsnewsmedia.com\/wp-content\/uploads\/2026\/04\/image-190.png 1000w, https:\/\/dbsnewsmedia.com\/wp-content\/uploads\/2026\/04\/image-190-300x225.png 300w, https:\/\/dbsnewsmedia.com\/wp-content\/uploads\/2026\/04\/image-190-768x576.png 768w\" sizes=\"auto, (max-width: 1000px) 100vw, 1000px\" \/><\/figure>\n\n\n\n<h3 class=\"wp-block-heading\" style=\"font-size:25px\">MEVS\u0130M GE\u00c7\u0130\u015e\u0130 ALERJ\u0130LER\u0130 TET\u0130KL\u0130YOR, BA\u011eI\u015eIKLIK S\u0130STEM\u0130 ZAYIFLIYOR<\/h3>\n\n\n\n<p>\u0130lkbahar aylar\u0131nda polenlerin artmas\u0131yla birlikte ba\u011f\u0131\u015f\u0131kl\u0131k sistemi daha fazla \u00e7al\u0131\u015f\u0131yor. Bu durum, \u00f6zellikle alerjik b\u00fcnyelerde yorgunluk ve bitkinlik hissini art\u0131rabiliyor. V\u00fccudun bu ekstra \u00e7abas\u0131 enerji d\u00fc\u015f\u00fc\u015f\u00fcne yol a\u00e7\u0131yor.<\/p>\n\n\n\n<h3 class=\"wp-block-heading\" style=\"font-size:25px\">MEVS\u0130M GE\u00c7\u0130\u015e\u0130 UYKU D\u00dcZEN\u0130N\u0130 ALT\u00dcST ED\u0130YOR<\/h3>\n\n\n\n<p>G\u00fcnlerin uzamas\u0131yla birlikte uyku saatlerinde de\u011fi\u015fiklik ya\u015fanabiliyor. Ge\u00e7 saatlere kadar uyan\u0131k kalmak ve d\u00fczensiz uyku, g\u00fcn i\u00e7inde yorgunluk hissini art\u0131ran \u00f6nemli fakt\u00f6rlerden biri olarak \u00f6ne \u00e7\u0131k\u0131yor.<\/p>\n\n\n\n<h3 class=\"wp-block-heading\" style=\"font-size:25px\">UZMANLARDAN MEVS\u0130M GE\u00c7\u0130\u015e\u0130NE KAR\u015eI ALTIN \u00d6NER\u0130LER<\/h3>\n\n\n\n<p>Uzmanlar, bu d\u00f6nemde d\u00fczenli uyku, dengeli beslenme ve a\u00e7\u0131k havada zaman ge\u00e7irmenin \u00f6nemine dikkat \u00e7ekiyor. Hafif egzersizler ve bol su t\u00fcketimi de v\u00fccudun mevsim ge\u00e7i\u015fine daha h\u0131zl\u0131 uyum sa\u011flamas\u0131na yard\u0131mc\u0131 oluyor.<\/p>\n\n\n\n<p>28.04.2026 17:13<\/p>\n\n\n\n<p>Kaynak:<a href=\"https:\/\/www.cumhuriyet.com.tr\/yasam\/uzmanlardan-kritik-uyari-bahar-yorgunlugu-sandiginizdan-daha-yaygin-2499121\">https:\/\/www.cumhuriyet.com.tr\/yasam\/uzmanlardan-kritik-uyari-bahar-yorgunlugu-sandiginizdan-daha-yaygin-2499121<\/a><\/p>\n\n\n\n<p><em>G\u00f6rseller Pexels.com&#8217;dan al\u0131nm\u0131\u015ft\u0131r.<\/em><\/p>\n","protected":false},"excerpt":{"rendered":"<p>\u0130lkbaharla birlikte enerjinin artmas\u0131 beklenirken, pek \u00e7ok ki\u015fi tam tersine kendini daha halsiz ve yorgun hissediyor. Uzmanlar, bu durumun temelinde mevsim ge\u00e7i\u015fine ba\u011fl\u0131 olarak v\u00fccutta meydana gelen biyolojik de\u011fi\u015fimlerin yatt\u0131\u011f\u0131n\u0131 belirtiyor. G\u00fcne\u015fli g\u00fcnlerin artmas\u0131 ve do\u011fan\u0131n canlanmas\u0131yla birlikte&nbsp;ilkbahar&nbsp;genellikle enerji ve motivasyonla ili\u015fkilendiriliyor. Ancak bir\u00e7ok ki\u015fi tam tersine bu d\u00f6nemde halsizlik, uyku hali ve dikkat da\u011f\u0131n\u0131kl\u0131\u011f\u0131&#8230;<\/p>\n","protected":false},"author":4,"featured_media":7478,"comment_status":"open","ping_status":"open","sticky":false,"template":"","format":"standard","meta":{"_jetpack_memberships_contains_paid_content":false,"footnotes":""},"categories":[2],"tags":[661,2304],"class_list":["post-7475","post","type-post","status-publish","format-standard","has-post-thumbnail","hentry","category-yasam","tag-bahar","tag-mevsim-gecisi"],"jetpack_featured_media_url":"https:\/\/dbsnewsmedia.com\/wp-content\/uploads\/2026\/04\/pexels-771703800-30963653-scaled.jpg","jetpack_sharing_enabled":true,"_links":{"self":[{"href":"https:\/\/dbsnewsmedia.com\/index.php?rest_route=\/wp\/v2\/posts\/7475","targetHints":{"allow":["GET"]}}],"collection":[{"href":"https:\/\/dbsnewsmedia.com\/index.php?rest_route=\/wp\/v2\/posts"}],"about":[{"href":"https:\/\/dbsnewsmedia.com\/index.php?rest_route=\/wp\/v2\/types\/post"}],"author":[{"embeddable":true,"href":"https:\/\/dbsnewsmedia.com\/index.php?rest_route=\/wp\/v2\/users\/4"}],"replies":[{"embeddable":true,"href":"https:\/\/dbsnewsmedia.com\/index.php?rest_route=%2Fwp%2Fv2%2Fcomments&post=7475"}],"version-history":[{"count":1,"href":"https:\/\/dbsnewsmedia.com\/index.php?rest_route=\/wp\/v2\/posts\/7475\/revisions"}],"predecessor-version":[{"id":7479,"href":"https:\/\/dbsnewsmedia.com\/index.php?rest_route=\/wp\/v2\/posts\/7475\/revisions\/7479"}],"wp:featuredmedia":[{"embeddable":true,"href":"https:\/\/dbsnewsmedia.com\/index.php?rest_route=\/wp\/v2\/media\/7478"}],"wp:attachment":[{"href":"https:\/\/dbsnewsmedia.com\/index.php?rest_route=%2Fwp%2Fv2%2Fmedia&parent=7475"}],"wp:term":[{"taxonomy":"category","embeddable":true,"href":"https:\/\/dbsnewsmedia.com\/index.php?rest_route=%2Fwp%2Fv2%2Fcategories&post=7475"},{"taxonomy":"post_tag","embeddable":true,"href":"https:\/\/dbsnewsmedia.com\/index.php?rest_route=%2Fwp%2Fv2%2Ftags&post=7475"}],"curies":[{"name":"wp","href":"https:\/\/api.w.org\/{rel}","templated":true}]}}