{"id":7493,"date":"2026-04-28T17:26:38","date_gmt":"2026-04-28T14:26:38","guid":{"rendered":"https:\/\/dbsnewsmedia.com\/?p=7493"},"modified":"2026-04-28T17:26:38","modified_gmt":"2026-04-28T14:26:38","slug":"doga-olayi-degil-gokyuzu-soleni-tarihi-tutulma-geliyor","status":"publish","type":"post","link":"https:\/\/dbsnewsmedia.com\/?p=7493","title":{"rendered":"Do\u011fa Olay\u0131 De\u011fil, G\u00f6ky\u00fcz\u00fc \u015e\u00f6leni: Tarihi Tutulma Geliyor"},"content":{"rendered":"\n<p>Bilim insanlar\u0131, g\u00f6ky\u00fcz\u00fc merakl\u0131lar\u0131n\u0131 heyecanland\u0131ran \u00f6nemli bir geli\u015fmeyi duyurdu. Yap\u0131lan son hesaplamalara g\u00f6re, y\u00fczy\u0131l\u0131n en uzun ve en etkileyici tam g\u00fcne\u015f tutulmas\u0131n\u0131n tarihi netle\u015fti. S\u00f6z konusu do\u011fa olay\u0131 s\u0131ras\u0131nda g\u00fcnd\u00fcz saatlerinde g\u00f6ky\u00fcz\u00fc tamamen karanl\u0131\u011fa b\u00fcr\u00fcnecek ve bu e\u015fsiz manzara 2183 y\u0131l\u0131na kadar benzer \u00f6l\u00e7ekte yeniden g\u00f6zlemlenemeyecek.<\/p>\n\n\n\n<p>Tutulma an\u0131nda Ay\u2019\u0131n G\u00fcne\u015f\u2019i tamamen \u00f6rtmesiyle birlikte, g\u00f6ky\u00fcz\u00fc birka\u00e7 dakika boyunca geceyi and\u0131ran bir g\u00f6r\u00fcn\u00fcme kavu\u015facak. Bu s\u00fcre zarf\u0131nda yaln\u0131zca y\u0131ld\u0131zlar de\u011fil, baz\u0131 parlak gezegenler de \u00e7\u0131plak g\u00f6zle se\u00e7ilebilecek.<\/p>\n\n\n\n<p>G\u00f6ky\u00fcz\u00fc g\u00f6zlemcilerinin en \u00e7ok bekledi\u011fi anlardan biri olan ve \u201cElmas Y\u00fcz\u00fck\u201d olarak adland\u0131r\u0131lan optik etki de tutulma s\u0131ras\u0131nda ortaya \u00e7\u0131kacak. Ay y\u00fczeyindeki da\u011fl\u0131k yap\u0131lar\u0131n aras\u0131ndan s\u00fcz\u00fclen son g\u00fcne\u015f \u0131\u015f\u0131klar\u0131, k\u0131sa s\u00fcreli\u011fine parlak bir halka g\u00f6r\u00fcnt\u00fcs\u00fc olu\u015fturarak g\u00f6rsel bir \u015f\u00f6len sunacak.<\/p>\n\n\n\n<p>Ancak bu nadir do\u011fa olay\u0131, d\u00fcnyan\u0131n her noktas\u0131ndan ayn\u0131 netlikte izlenemeyecek. Uzmanlar, tutulman\u0131n tam faz\u0131n\u0131n yaln\u0131zca dar bir hat \u00fczerinden g\u00f6zlemlenebilece\u011fini belirtiyor. Bu hatt\u0131n; Gr\u00f6nland, \u0130zlanda ve \u0130ber Yar\u0131madas\u0131\u2019n\u0131 kapsad\u0131\u011f\u0131, \u00f6zellikle \u0130spanya\u2019n\u0131n kuzeyindeki Bask b\u00f6lgesinin en ideal g\u00f6zlem noktalar\u0131ndan biri olarak \u00f6ne \u00e7\u0131kt\u0131\u011f\u0131 ifade ediliyor.<\/p>\n\n\n\n<p>Yetkililer, tutulmay\u0131 izlemek isteyenlere \u00f6nemli uyar\u0131larda da bulunuyor. G\u00fcne\u015fe do\u011frudan bakman\u0131n ciddi g\u00f6z hasarlar\u0131na yol a\u00e7abilece\u011fine dikkat \u00e7eken uzmanlar, yaln\u0131zca onayl\u0131 g\u00fcne\u015f g\u00f6zl\u00fc\u011f\u00fc kullan\u0131lmas\u0131 gerekti\u011fini vurguluyor. \u00c7\u0131plak g\u00f6zle bakman\u0131n ise sadece G\u00fcne\u015f\u2019in tamamen \u00f6rt\u00fcld\u00fc\u011f\u00fc k\u0131sa s\u00fcreli tam tutulma an\u0131nda g\u00fcvenli oldu\u011fu belirtiliyor.<\/p>\n\n\n\n<p>\u00d6te yandan bilim insanlar\u0131, bu b\u00fcy\u00fck tutulma \u00f6ncesinde ve sonras\u0131nda g\u00f6ky\u00fcz\u00fc olaylar\u0131n\u0131n devam edece\u011fini belirtiyor. 2 A\u011fustos 2027 ve 26 Ocak 2028 tarihlerinde ger\u00e7ekle\u015fecek k\u0131smi g\u00fcne\u015f tutulmalar\u0131n\u0131n da g\u00f6zlemciler i\u00e7in \u00f6nemli f\u0131rsatlar sunaca\u011f\u0131 ifade ediliyor.<\/p>\n\n\n\n<p>28.04.2026 17:26<\/p>\n\n\n\n<p>Karde\u015f Haber:<a href=\"https:\/\/checkinhaber.com\/2026\/04\/28\/157-yilda-bir-tarihi-gunes-tutulmasi-gokyuzunu-karanliga-buruyacak\/\">https:\/\/checkinhaber.com\/2026\/04\/28\/157-yilda-bir-tarihi-gunes-tutulmasi-gokyuzunu-karanliga-buruyacak\/<\/a><\/p>\n","protected":false},"excerpt":{"rendered":"<p>Bilim insanlar\u0131, g\u00f6ky\u00fcz\u00fc merakl\u0131lar\u0131n\u0131 heyecanland\u0131ran \u00f6nemli bir geli\u015fmeyi duyurdu. Yap\u0131lan son hesaplamalara g\u00f6re, y\u00fczy\u0131l\u0131n en uzun ve en etkileyici tam g\u00fcne\u015f tutulmas\u0131n\u0131n tarihi netle\u015fti. S\u00f6z konusu do\u011fa olay\u0131 s\u0131ras\u0131nda g\u00fcnd\u00fcz saatlerinde g\u00f6ky\u00fcz\u00fc tamamen karanl\u0131\u011fa b\u00fcr\u00fcnecek ve bu e\u015fsiz manzara 2183 y\u0131l\u0131na kadar benzer \u00f6l\u00e7ekte yeniden g\u00f6zlemlenemeyecek. Tutulma an\u0131nda Ay\u2019\u0131n G\u00fcne\u015f\u2019i tamamen \u00f6rtmesiyle birlikte, g\u00f6ky\u00fcz\u00fc birka\u00e7&#8230;<\/p>\n","protected":false},"author":4,"featured_media":7494,"comment_status":"open","ping_status":"open","sticky":false,"template":"","format":"standard","meta":{"_jetpack_memberships_contains_paid_content":false,"footnotes":""},"categories":[2],"tags":[2307],"class_list":["post-7493","post","type-post","status-publish","format-standard","has-post-thumbnail","hentry","category-yasam","tag-doga-olayi"],"jetpack_featured_media_url":"https:\/\/dbsnewsmedia.com\/wp-content\/uploads\/2026\/04\/image-1188.png","jetpack_sharing_enabled":true,"_links":{"self":[{"href":"https:\/\/dbsnewsmedia.com\/index.php?rest_route=\/wp\/v2\/posts\/7493","targetHints":{"allow":["GET"]}}],"collection":[{"href":"https:\/\/dbsnewsmedia.com\/index.php?rest_route=\/wp\/v2\/posts"}],"about":[{"href":"https:\/\/dbsnewsmedia.com\/index.php?rest_route=\/wp\/v2\/types\/post"}],"author":[{"embeddable":true,"href":"https:\/\/dbsnewsmedia.com\/index.php?rest_route=\/wp\/v2\/users\/4"}],"replies":[{"embeddable":true,"href":"https:\/\/dbsnewsmedia.com\/index.php?rest_route=%2Fwp%2Fv2%2Fcomments&post=7493"}],"version-history":[{"count":1,"href":"https:\/\/dbsnewsmedia.com\/index.php?rest_route=\/wp\/v2\/posts\/7493\/revisions"}],"predecessor-version":[{"id":7495,"href":"https:\/\/dbsnewsmedia.com\/index.php?rest_route=\/wp\/v2\/posts\/7493\/revisions\/7495"}],"wp:featuredmedia":[{"embeddable":true,"href":"https:\/\/dbsnewsmedia.com\/index.php?rest_route=\/wp\/v2\/media\/7494"}],"wp:attachment":[{"href":"https:\/\/dbsnewsmedia.com\/index.php?rest_route=%2Fwp%2Fv2%2Fmedia&parent=7493"}],"wp:term":[{"taxonomy":"category","embeddable":true,"href":"https:\/\/dbsnewsmedia.com\/index.php?rest_route=%2Fwp%2Fv2%2Fcategories&post=7493"},{"taxonomy":"post_tag","embeddable":true,"href":"https:\/\/dbsnewsmedia.com\/index.php?rest_route=%2Fwp%2Fv2%2Ftags&post=7493"}],"curies":[{"name":"wp","href":"https:\/\/api.w.org\/{rel}","templated":true}]}}