{"id":7499,"date":"2026-04-28T17:59:40","date_gmt":"2026-04-28T14:59:40","guid":{"rendered":"https:\/\/dbsnewsmedia.com\/?p=7499"},"modified":"2026-04-28T17:59:40","modified_gmt":"2026-04-28T14:59:40","slug":"avustralyadan-teknoloji-devlerine-karsi-tarihi-adim-meta-google-ve-tiktoka-haber-vergisi-geliyor","status":"publish","type":"post","link":"https:\/\/dbsnewsmedia.com\/?p=7499","title":{"rendered":"Avustralya&#8217;dan Teknoloji Devlerine Kar\u015f\u0131 Tarihi Ad\u0131m: Meta, Google ve TikTok&#8217;a &#8216;Haber&#8217; Vergisi Geliyor"},"content":{"rendered":"\n<p>Avustralya, Meta, Google ve TikTok gibi dev platformlara yeni bir vergi sistemi getiriyor. Gelirler, yerel gazetecili\u011fi desteklemek i\u00e7in medya kurulu\u015flar\u0131na aktar\u0131lacak.<\/p>\n\n\n\n<p>Avustralya h\u00fck\u00fcmeti, Meta, Google ve TikTok gibi b\u00fcy\u00fck teknoloji \u015firketlerini kapsayan yeni bir vergi d\u00fczenlemesini g\u00fcndeme ald\u0131. Ama\u00e7, dijital platformlar\u0131n haber i\u00e7eriklerinden elde etti\u011fi dolayl\u0131 kazanc\u0131 dengelemek.<\/p>\n\n\n\n<p><strong>Dijital Platformlara Y\u00fczde 2,25&#8217;lik Ek Y\u00fck\u00fcml\u00fcl\u00fck: Vergi Sistemi Nas\u0131l \u0130\u015fleyecek?<\/strong><\/p>\n\n\n\n<p>\u00d6nerilen \u201cHaber Pazarl\u0131\u011f\u0131 Te\u015fvik Program\u0131\u201d kapsam\u0131nda \u015firketlerin yerel gelirlerinden %2,25 oran\u0131nda vergi al\u0131nmas\u0131 planlan\u0131yor. Bu gelir, do\u011frudan gazetecilik sekt\u00f6r\u00fcn\u00fc desteklemek i\u00e7in kullan\u0131lacak. Yetkililer, platformlar\u0131n medya kurulu\u015flar\u0131yla anla\u015fma yapmamas\u0131 durumunda daha y\u00fcksek mali y\u00fck\u00fcml\u00fcl\u00fcklerle kar\u015f\u0131la\u015faca\u011f\u0131n\u0131 belirtiyor.<\/p>\n\n\n\n<p><strong>Yerel Bas\u0131n\u0131 Koruma Kalkan\u0131: Toplanan Fonlar Medya Sekt\u00f6r\u00fcne Nas\u0131l Da\u011f\u0131t\u0131lacak?<\/strong><\/p>\n\n\n\n<p>Toplanan vergi gelirleri, \u00fclkedeki haber kurulu\u015flar\u0131na \u00e7al\u0131\u015fan gazeteci say\u0131s\u0131 ve \u00fcretim kapasitesine g\u00f6re da\u011f\u0131t\u0131lacak. B\u00f6ylece yerel bas\u0131n\u0131n dijital platformlar kar\u015f\u0131s\u0131nda g\u00fc\u00e7 kayb\u0131n\u0131n \u00f6nlenmesi hedefleniyor.<\/p>\n\n\n\n<p><strong>Canberra Y\u00f6netiminden &#8216;Adil Payla\u015f\u0131m&#8217; Vurgusu: Karar\u0131n Arkas\u0131ndaki Ulusal \u00c7\u0131kar<\/strong><\/p>\n\n\n\n<p>\u0130leti\u015fim Bakan\u0131 Anika Wells, kullan\u0131c\u0131lar\u0131n haberleri art\u0131k b\u00fcy\u00fck \u00f6l\u00e7\u00fcde sosyal medya platformlar\u0131ndan ald\u0131\u011f\u0131n\u0131 vurgulayarak, bu platformlar\u0131n gazetecilik \u00fcretimine katk\u0131 sa\u011flamas\u0131n\u0131n \u201cadil\u201d oldu\u011funu s\u00f6yledi. Ba\u015fbakan Anthony Albanese ise d\u00fczenlemenin Avustralya\u2019n\u0131n ulusal \u00e7\u0131karlar\u0131 do\u011frultusunda haz\u0131rland\u0131\u011f\u0131n\u0131 ifade etti.<\/p>\n\n\n\n<p><strong>D\u00fcnyaya \u00d6rnek Olmas\u0131 Beklenen D\u00fczenleme Ne Zaman Y\u00fcr\u00fcrl\u00fc\u011fe Girecek?<\/strong><\/p>\n\n\n\n<p>Taslak plana g\u00f6re d\u00fczenlemenin 2025-26 mali y\u0131l\u0131 itibar\u0131yla y\u00fcr\u00fcrl\u00fc\u011fe girmesi bekleniyor.<\/p>\n\n\n\n<p>28.04.2026,18.00<\/p>\n\n\n\n<p>Kaynak:<a href=\"https:\/\/www.muhalif.com.tr\/dunya\/meta-google-ve-tiktoka-yeni-vergi-gazetecilere-kaynak-aktarilacak\/730158\">https:\/\/www.muhalif.com.tr\/dunya\/meta-google-ve-tiktoka-yeni-vergi-gazetecilere-kaynak-aktarilacak\/730158<\/a><\/p>\n\n\n\n<p>Edit\u00f6r\u00fcn Notu: Muhalif Gazetesi\u2019nde yay\u0131mlanan bu haber, \u00f6z\u00fcne sad\u0131k kal\u0131narak yeniden d\u00fczenlenmi\u015ftir.<br><\/p>\n","protected":false},"excerpt":{"rendered":"<p>&#8220;Avustralya h\u00fck\u00fcmeti, k\u00fcresel teknoloji devleri Meta, Google ve TikTok&#8217;u hedef alan tarihi bir vergi d\u00fczenlemesine haz\u0131rlan\u0131yor. Sosyal medya platformlar\u0131n\u0131n haber i\u00e7eriklerinden elde etti\u011fi dolayl\u0131 kazanc\u0131 dengelemek amac\u0131yla haz\u0131rlanan plana g\u00f6re, \u015firketlerin yerel gelirlerinden al\u0131nacak y\u00fczde 2,25 oran\u0131ndaki vergi do\u011frudan \u00fclkedeki gazetecilik faaliyetlerini desteklemek i\u00e7in kullan\u0131lacak.&#8221;<\/p>\n","protected":false},"author":3,"featured_media":7500,"comment_status":"open","ping_status":"open","sticky":false,"template":"","format":"standard","meta":{"_jetpack_memberships_contains_paid_content":false,"footnotes":""},"categories":[3],"tags":[2308],"class_list":["post-7499","post","type-post","status-publish","format-standard","has-post-thumbnail","hentry","category-dunya","tag-avustralya-teknolojidevleri-dunyagundemi-dishaberler-dijitalvergi-google-meta-kureselmedya"],"jetpack_featured_media_url":"https:\/\/dbsnewsmedia.com\/wp-content\/uploads\/2026\/04\/NjX7-meta-google-ve-tiktoka-yeni-vergi-gazetecilere-kaynak-aktarilacak.jpg.webp","jetpack_sharing_enabled":true,"_links":{"self":[{"href":"https:\/\/dbsnewsmedia.com\/index.php?rest_route=\/wp\/v2\/posts\/7499","targetHints":{"allow":["GET"]}}],"collection":[{"href":"https:\/\/dbsnewsmedia.com\/index.php?rest_route=\/wp\/v2\/posts"}],"about":[{"href":"https:\/\/dbsnewsmedia.com\/index.php?rest_route=\/wp\/v2\/types\/post"}],"author":[{"embeddable":true,"href":"https:\/\/dbsnewsmedia.com\/index.php?rest_route=\/wp\/v2\/users\/3"}],"replies":[{"embeddable":true,"href":"https:\/\/dbsnewsmedia.com\/index.php?rest_route=%2Fwp%2Fv2%2Fcomments&post=7499"}],"version-history":[{"count":1,"href":"https:\/\/dbsnewsmedia.com\/index.php?rest_route=\/wp\/v2\/posts\/7499\/revisions"}],"predecessor-version":[{"id":7501,"href":"https:\/\/dbsnewsmedia.com\/index.php?rest_route=\/wp\/v2\/posts\/7499\/revisions\/7501"}],"wp:featuredmedia":[{"embeddable":true,"href":"https:\/\/dbsnewsmedia.com\/index.php?rest_route=\/wp\/v2\/media\/7500"}],"wp:attachment":[{"href":"https:\/\/dbsnewsmedia.com\/index.php?rest_route=%2Fwp%2Fv2%2Fmedia&parent=7499"}],"wp:term":[{"taxonomy":"category","embeddable":true,"href":"https:\/\/dbsnewsmedia.com\/index.php?rest_route=%2Fwp%2Fv2%2Fcategories&post=7499"},{"taxonomy":"post_tag","embeddable":true,"href":"https:\/\/dbsnewsmedia.com\/index.php?rest_route=%2Fwp%2Fv2%2Ftags&post=7499"}],"curies":[{"name":"wp","href":"https:\/\/api.w.org\/{rel}","templated":true}]}}