{"id":7502,"date":"2026-04-28T18:10:53","date_gmt":"2026-04-28T15:10:53","guid":{"rendered":"https:\/\/dbsnewsmedia.com\/?p=7502"},"modified":"2026-04-28T18:10:53","modified_gmt":"2026-04-28T15:10:53","slug":"ispanya-konut-krizini-nasil-cozuyor-madrid-ve-barselonadan-iki-zit-cozum-modeli","status":"publish","type":"post","link":"https:\/\/dbsnewsmedia.com\/?p=7502","title":{"rendered":"\u0130spanya Konut Krizini Nas\u0131l \u00c7\u00f6z\u00fcyor? Madrid ve Barselona&#8217;dan \u0130ki Z\u0131t \u00c7\u00f6z\u00fcm Modeli"},"content":{"rendered":"\n<p>Konut krizi \u0130spanya siyasetinin ana tart\u0131\u015fma konular\u0131ndan biri haline gelirken \u00fclkenin en b\u00fcy\u00fck iki \u015fehri konut krizine kar\u015f\u0131 farkl\u0131 \u00f6nlemler al\u0131yor. Buna g\u00f6re ba\u015fkent Madrid in\u015faat hedeflerini b\u00fcy\u00fct\u00fcrken, Barselona d\u00fczenlemeleri sertle\u015ftiriyor.<\/p>\n\n\n\n<p>D\u00fcnya genelinde \u015fehirler konut s\u0131k\u0131nt\u0131s\u0131yla m\u00fccadele ederken, \u0130spanya\u2019n\u0131n en b\u00fcy\u00fck iki kenti Madrid ve Barselona bu soruna birbirinden olduk\u00e7a farkl\u0131 \u00e7\u00f6z\u00fcmler ar\u0131yor. Madrid b\u00fcy\u00fck \u00f6l\u00e7ekli in\u015faat projeleri ve daha d\u00fc\u015f\u00fck vergilerle ilerlemeyi tercih ederken, Barselona k\u0131sa d\u00f6nemli kiralamalara yasak da dahil olmak geni\u015f \u00e7apl\u0131 bir \u00f6nlem aray\u0131\u015f\u0131nda.<\/p>\n\n\n\n<p>Bloomberg&#8217;de yer alan habere g\u00f6re, konut krizi, \u0130spanya\u2019da sol ve sa\u011f aras\u0131nda \u00f6nemli bir siyasi m\u00fccadele alan\u0131na d\u00f6n\u00fc\u015fm\u00fc\u015f durumda. Ulusal h\u00fck\u00fcmet ile Barselona ve Katalonya\u2019da y\u00f6netimi elinde bulunduran sol ile Madrid ve \u00fclkenin di\u011fer bir\u00e7ok b\u00f6lgesini y\u00f6neten sa\u011f bu konuda kar\u015f\u0131 kar\u015f\u0131ya geliyor.<\/p>\n\n\n\n<p>\u0130spanya\u2019da sosyalist liderli\u011findeki h\u00fck\u00fcmet, 21 Nisan\u2019da 2030 y\u0131l\u0131na kadar 7 milyar euroluk yat\u0131r\u0131m \u00f6ng\u00f6ren ulusal bir konut plan\u0131 a\u00e7\u0131klad\u0131. Plan kapsam\u0131nda finansman\u0131n y\u00fczde 60\u2019\u0131 merkezi h\u00fck\u00fcmet, y\u00fczde 40\u2019\u0131 ise b\u00f6lgesel y\u00f6netimler taraf\u0131ndan kar\u015f\u0131lanacak.<\/p>\n\n\n\n<p>Bu kaynak, piyasa fiyatlar\u0131n\u0131n alt\u0131nda sat\u0131\u015fa sunulacak ya da kiralanacak konutlar\u0131n in\u015fas\u0131nda kullan\u0131lacak. \u0130spanya\u2019da bu t\u00fcr sosyal konutlar toplam konut stokunun yaln\u0131zca yakla\u015f\u0131k y\u00fczde 3\u2019\u00fcn\u00fc olu\u015ftururken, Avrupa Birli\u011fi ortalamas\u0131 y\u00fczde 8 seviyesinde bulunuyor. Madrid\u2019in \u00f6nc\u00fcl\u00fck etti\u011fi muhalefetteki Halk Partisi y\u00f6netimindeki b\u00f6lgeler ise plan\u0131 m\u00fcdahaleci buldu ve b\u00f6lgesel yetkilere m\u00fcdahale anlam\u0131na geldi\u011fini savunarak ele\u015ftirdi. Politikay\u0131 savunanlar ise mevcut dengenin de\u011fi\u015fmesi gerekti\u011fini s\u00f6yl\u00fcyor.<\/p>\n\n\n\n<p>Barselona Kentsel Ara\u015ft\u0131rmalar Enstit\u00fcs\u00fc akademisyenlerinden Jaime Palomera, Bloomberg&#8217;e yapt\u0131\u011f\u0131 a\u00e7\u0131klamada \u201cBu k\u00fclt\u00fcrel bir sorun\u201d dedi. Palomera, \u201cAnayasal bir hak olan bar\u0131nma meselesi, bazen borsadan daha y\u00fcksek getiri arayan \u00f6zel varl\u0131k y\u00f6neticilerine b\u0131rak\u0131ld\u0131\u011f\u0131nda uygun fiyatl\u0131 konut \u00fcretmek \u00e7ok zorla\u015f\u0131yor. Uygun fiyatl\u0131 konut, daha d\u00fc\u015f\u00fck getirili ve uzun vadeli yat\u0131r\u0131mlar gerektiriyor. Bu da sorunun \u00e7\u00f6z\u00fcm\u00fcn\u00fc zorla\u015ft\u0131r\u0131yor\u201d ifadelerini kulland\u0131.<\/p>\n\n\n\n<p><strong>\u0130spanya&#8217;n\u0131n Demografik \u00c7arp\u0131kl\u0131\u011f\u0131: K\u0131rsal Bo\u015fal\u0131rken Metropollerde Kira Krizi Derinle\u015fiyor<\/strong><\/p>\n\n\n\n<p>\u0130spanya Merkez Bankas\u0131\u2019na g\u00f6re \u00fclke genelinde \u015fu anda yakla\u015f\u0131k 700 bin konut a\u00e7\u0131\u011f\u0131 bulunuyor. Ancak bu eksiklik \u00fclke geneline e\u015fit da\u011f\u0131lm\u0131\u015f de\u011fil.<\/p>\n\n\n\n<p>Madrid ve Barselona, g\u00f6\u00e7menler ile \u00fclke i\u00e7inden gelen yeni sakinlerin etkisiyle b\u00fcy\u00fcmeye devam ederken n\u00fcfus art\u0131\u015f\u0131 konut talebini daha da art\u0131r\u0131yor. Buna kar\u015f\u0131l\u0131k, talebin d\u00fc\u015f\u00fck oldu\u011fu ve n\u00fcfusun azald\u0131\u011f\u0131 k\u0131rsal b\u00f6lgelerde yakla\u015f\u0131k 3,8 milyon konut bo\u015f durumda bulunuyor.<\/p>\n\n\n\n<p>Hem Madrid B\u00f6lgesi\u2019nin hem de Katalonya\u2019n\u0131n 2040 y\u0131l\u0131na kadar 700 bin ila 1 milyon aras\u0131nda yeni n\u00fcfus kazanmas\u0131 bekleniyor.<\/p>\n\n\n\n<p>Arz\u0131n talebin gerisinde kalmas\u0131, fiyatlar\u0131n y\u00fckselmeye devam etmesine yol a\u00e7\u0131yor. De\u011ferleme \u015firketi Tinsa by Accumin verilerine g\u00f6re Madrid\u2019de konut fiyatlar\u0131 metrekare ba\u015f\u0131na ortalama 4 bin 605 euro, Barselona\u2019da ise 4 bin 436 euro seviyesinde. Her iki rakam da yakla\u015f\u0131k 2 bin euro olan \u00fclke ortalamas\u0131n\u0131n olduk\u00e7a \u00fczerinde bulunuyor. Fiyatlar\u0131 kontrol alt\u0131na alma \u00e7abalar\u0131na ra\u011fmen konut fiyatlar\u0131ndaki h\u0131zl\u0131 y\u00fckseli\u015f s\u00fcr\u00fcyor.<\/p>\n\n\n\n<p>Bu maliyetler hane halk\u0131 \u00fczerinde ciddi bask\u0131 yarat\u0131yor. \u0130spanya Merkez Bankas\u0131\u2019n\u0131n nisan ay\u0131nda yay\u0131mlad\u0131\u011f\u0131 ara\u015ft\u0131rmaya g\u00f6re, oturdu\u011fu eve sahip olan hane oran\u0131 tarihi d\u00fc\u015f\u00fck seviyeye geriledi.<\/p>\n\n\n\n<p>Kirac\u0131lar da benzer \u015fekilde zorlan\u0131yor. Uzmanlar, gelirin en fazla y\u00fczde 35\u2019inin konuta ayr\u0131lmas\u0131n\u0131 makul kabul ederken, Idealista verilerine g\u00f6re kirac\u0131lar Madrid\u2019de gelirlerinin ortalama y\u00fczde 38\u2019ini, Barselona\u2019da ise y\u00fczde 42\u2019sini kiraya harcamak zorunda kal\u0131yor. D\u00fc\u015f\u00fck gelirli kirac\u0131lar i\u00e7in bu oranlar\u0131n \u00e7ok daha y\u00fcksek oldu\u011fu tahmin ediliyor.<\/p>\n\n\n\n<p><strong>\u0130ki Z\u0131t Siyasi Vizyon: Madrid Serbest Piyasaya, Barselona Sert Reg\u00fclasyonlara Odakland\u0131<\/strong><\/p>\n\n\n\n<p>Konut krizine \u00e7\u00f6z\u00fcm aray\u0131\u015f\u0131nda ne Madrid ne de Barselona hen\u00fcz kesin bir ba\u015far\u0131 modeli ortaya koyabilmi\u015f de\u011fil. Jaime Palomera\u2019ya g\u00f6re her iki \u015fehir de uygun fiyatl\u0131 konut arz\u0131 yaratma konusunda yap\u0131sal bir sorun ya\u015f\u0131yor.<\/p>\n\n\n\n<p>Palomera, \u201cMadrid ve Barselona ortak bir yap\u0131sal problem payla\u015f\u0131yor: Uygun fiyatl\u0131 konut \u00fcretiminde olduk\u00e7a etkisizler. Madrid neredeyse tamamen yeni bir \u015fehir in\u015fa etmeyi d\u00fc\u015f\u00fcn\u00fcrken, Barselona ise daha Avrupai bir modele y\u00f6nelerek d\u00fczenlemelerle uygun fiyatl\u0131 konutlar\u0131 korumaya \u00e7al\u0131\u015f\u0131yor ve ayn\u0131 zamanda in\u015fa faaliyetlerini s\u00fcrd\u00fcr\u00fcyor\u201d dedi.<\/p>\n\n\n\n<p>Katalonya, \u0130spanya\u2019n\u0131n 2023 tarihli konut yasas\u0131n\u0131 uygulayan ilk b\u00f6lge oldu. Bu yasa kira art\u0131\u015flar\u0131na \u00fcst s\u0131n\u0131r getiriyor. Madrid ise bu politikay\u0131 etkisiz ve piyasaya m\u00fcdahale niteli\u011finde oldu\u011fu gerek\u00e7esiyle reddetti.<\/p>\n\n\n\n<p>Sonu\u00e7lar ise Barselona lehine g\u00f6r\u00fcn\u00fcyor. Idealista verilerine g\u00f6re Barselona, kiralar\u0131n d\u00fc\u015ft\u00fc\u011f\u00fc tek b\u00fcy\u00fck \u0130spanyol \u015fehri oldu. \u015eubat ay\u0131nda kiralar ge\u00e7en y\u0131l\u0131n ayn\u0131 d\u00f6nemine g\u00f6re y\u00fczde 1,5 azal\u0131rken, \u00fclke genelinde kira art\u0131\u015f\u0131 y\u00fczde 7,8 olarak kaydedildi.<\/p>\n\n\n\n<p>Katalonya Konut Bakan\u0131 Silvia Paneque, \u201cOlmak istedi\u011fimiz yerde de\u011filiz. Keskin bir d\u00fc\u015f\u00fc\u015f yok ama fiyatlar geriledi\u201d dedi.<\/p>\n\n\n\n<p>Paneque, \u201cKonut, geleneksel olarak ya\u015fanacak bir yer olarak g\u00f6r\u00fcl\u00fcrd\u00fc, ancak art\u0131k finansal bir varl\u0131\u011fa d\u00f6n\u00fc\u015ft\u00fc. Konutun yeniden bar\u0131nma amac\u0131yla kullan\u0131lmas\u0131n\u0131 sa\u011flamak i\u00e7in piyasaya m\u00fcdahale etmeli ve korumal\u0131 konut stokunu art\u0131rmal\u0131y\u0131z\u201d ifadelerini kulland\u0131.<\/p>\n\n\n\n<p>Katalonya\u2019daki \u00f6nlemler aras\u0131nda daha fazla kamu ve uygun fiyatl\u0131 konut in\u015fa etmek i\u00e7in arazi sat\u0131n al\u0131nmas\u0131 ve s\u00fcbvansiyonlu konutlar\u0131n kal\u0131c\u0131 hale getirilmesi yer al\u0131yor. Barselona Belediyesi, 2027\u2019ye kadar kent s\u0131n\u0131rlar\u0131 i\u00e7inde 3 bin yeni uygun fiyatl\u0131 konut in\u015fa etmeyi, sonraki belediye d\u00f6neminde ise 10 bin yeni konut projesine ba\u015flamay\u0131 hedefliyor.<\/p>\n\n\n\n<p>Uzun vadede ama\u00e7, \u015fehirdeki kamu konutu oran\u0131n\u0131 2045 y\u0131l\u0131na kadar y\u00fczde 6\u2019dan y\u00fczde 15\u2019e \u00e7\u0131kararak iki kat\u0131ndan fazla art\u0131rmak. \u0130lk kez ev sahibi olacak gen\u00e7ler i\u00e7in ise pe\u015finat sorununu a\u015fmak amac\u0131yla 30 y\u0131l vadeli faizsiz kredi deste\u011fi sunuluyor.<\/p>\n\n\n\n<p>Barselona Belediye Ba\u015fkan\u0131 Jaume Collboni, 2024 y\u0131l\u0131nda Avrupa\u2019n\u0131n turist kiralamalar\u0131na y\u00f6nelik en sert d\u00fczenlemelerinden birini a\u00e7\u0131klam\u0131\u015ft\u0131. Airbnb gibi platformlarla ili\u015fkilendirilen k\u0131sa d\u00f6nemli turistik kiralamalara y\u00f6nelik yasak 2028\u2019de y\u00fcr\u00fcrl\u00fc\u011fe girecek.<\/p>\n\n\n\n<p>Collboni, \u201cOyunun kurallar\u0131n\u0131 de\u011fi\u015ftiriyoruz. Yat\u0131r\u0131m m\u0131? Evet. \u00d6zel sekt\u00f6r m\u00fc? O da evet. Ama para kazanma bi\u00e7iminin farkl\u0131 ve her \u015feyden \u00f6nce daha d\u00fc\u015f\u00fck olaca\u011f\u0131n\u0131 anlamal\u0131\u201d dedi.<\/p>\n\n\n\n<p>Ancak Barselona\u2019n\u0131n dezavantaj\u0131, in\u015faat h\u0131z\u0131nda geride kalmas\u0131. Deniz ile da\u011flar aras\u0131na s\u0131k\u0131\u015fm\u0131\u015f s\u0131n\u0131rl\u0131 arazi yap\u0131s\u0131, yeni konut \u00fcretimini zorla\u015ft\u0131r\u0131yor. B\u00fcy\u00fck Barselona b\u00f6lgesi dar bir k\u0131y\u0131 \u015feridinde yer al\u0131yor ve Avrupa\u2019n\u0131n en yo\u011fun n\u00fcfuslu belediyelerinden birini bar\u0131nd\u0131r\u0131yor. Bu durum, Madrid\u2019in daha geni\u015f ve yap\u0131la\u015fmaya daha elveri\u015fli platosuna k\u0131yasla in\u015faat alan\u0131n\u0131 k\u0131s\u0131tl\u0131yor.<\/p>\n\n\n\n<p>B\u00fcrokratik engeller ve Madrid\u2019e k\u0131yasla daha d\u00fc\u015f\u00fck k\u00e2rl\u0131l\u0131k da in\u015faat\u0131 yava\u015flatan nedenler aras\u0131nda g\u00f6steriliyor. Ele\u015ftirmenler ayr\u0131ca kira kontrollerinin piyasay\u0131 bozdu\u011funu savunuyor.<\/p>\n\n\n\n<p>EsadeEcPol ekonomisti Isabella Becerra, \u201cHer kural oldu\u011funda, onu a\u015fman\u0131n da bir yolu bulunur. As\u0131l i\u015fe yarayan vergi te\u015fvikleri ve in\u015faatt\u0131r\u201d dedi.<\/p>\n\n\n\n<p>Madrid ise kira s\u0131n\u0131rlamalar\u0131n\u0131 reddederek daha \u00e7ok in\u015faat hedeflerine odakland\u0131. Madrid B\u00f6lgesi \u00f6n\u00fcm\u00fczdeki 15 y\u0131lda 280 bin ila 300 bin konut in\u015fa etmeyi planl\u0131yor. Bunun 200 bini \u00f6n\u00fcm\u00fczdeki 10 y\u0131l i\u00e7inde do\u011frudan Madrid kent s\u0131n\u0131rlar\u0131 i\u00e7inde yap\u0131lacak.<\/p>\n\n\n\n<p>Katalonya\u2019da ise \u00f6n\u00fcm\u00fczdeki 20 y\u0131l i\u00e7in 200 bin konut hedefleniyor ve bunlar\u0131n en fazla 70 bini Barselona kentinde yer alacak.<\/p>\n\n\n\n<p>Madrid Belediye Ba\u015fkan\u0131 Jos\u00e9 Luis Mart\u00ednez Almeida, ocak ay\u0131nda parlamentoda yapt\u0131\u011f\u0131 konu\u015fmada, \u201c\u00d6n\u00fcm\u00fczdeki y\u0131llarda Avrupa\u2019da Madrid kadar fazla konut in\u015fa edecek ba\u015fka bir \u015fehir yok\u201d dedi.<\/p>\n\n\n\n<p>Madrid y\u00f6netimi 60 bin yeni yap\u0131 ruhsat\u0131 vermeyi, izin s\u00fcre\u00e7lerini h\u0131zland\u0131rmay\u0131 ve yeni arsalar\u0131 kullan\u0131ma a\u00e7may\u0131 planl\u0131yor.<\/p>\n\n\n\n<p>B\u00f6lgesel Konut Ba\u015fkan\u0131 Jorge Rodrigo Dom\u00ednguez ise \u201cMadrid b\u00f6lgesi, yeni konutlar\u0131n y\u00fczde 50\u2019den fazlas\u0131yla \u00fclkenin s\u00fcbvansiyonlu konut lideri konumunda\u201d dedi.<\/p>\n\n\n\n<p>Dom\u00ednguez, hem kamu konutlar\u0131n\u0131 hem de piyasa fiyat\u0131n\u0131n alt\u0131nda sunulan uygun fiyatl\u0131 konutlar\u0131 kastederek, \u201cKentsel geli\u015fim zaman al\u0131r, sonu\u00e7lar uzun vadede de\u011ferlendirilmelidir\u201d ifadelerini kulland\u0131.<\/p>\n\n\n\n<p>Ancak \u015fimdilik Madrid\u2019de hem sat\u0131\u015f hem kira fiyatlar\u0131 Barselona\u2019ya k\u0131yasla daha h\u0131zl\u0131 y\u00fckselmeye devam ediyor.<\/p>\n\n\n\n<p>Krizden \u00e7\u0131k\u0131\u015f\u0131n nas\u0131l \u015fekillenece\u011fi ise yaln\u0131zca yerel de\u011fil, b\u00f6lgesel ve ulusal politikalara da ba\u011fl\u0131 olacak. Son y\u0131llar\u0131n en par\u00e7al\u0131 parlamentolar\u0131ndan birine sahip \u0130spanya\u2019da bu farkl\u0131 yollar, giderek daha kutupla\u015fan bir siyasi tabloyu da yans\u0131t\u0131yor.<\/p>\n\n\n\n<p>28.04.2026,18.10<\/p>\n\n\n\n<p>Kaynak:<a href=\"https:\/\/gazeteoksijen.com\/dunya\/barcelona-vs-madrid-ispanyanin-gozde-sehirleri-konut-krizine-karsi-farkli-cozumler-uretiyor-273743\">https:\/\/gazeteoksijen.com\/dunya\/barcelona-vs-madrid-ispanyanin-gozde-sehirleri-konut-krizine-karsi-farkli-cozumler-uretiyor-273743<\/a><\/p>\n\n\n\n<p>Edit\u00f6r\u00fcn Notu: Oksijen Gazetesi\u2019nde yay\u0131mlanan bu haber, \u00f6z\u00fcne sad\u0131k kal\u0131narak yeniden d\u00fczenlenmi\u015ftir.<br><\/p>\n","protected":false},"excerpt":{"rendered":"<p>&#8220;T\u00fcm d\u00fcnyay\u0131 etkileyen k\u00fcresel bar\u0131nma krizi, \u0130spanya&#8217;da siyasi bir m\u00fccadele alan\u0131na d\u00f6n\u00fc\u015ft\u00fc. \u00dclkenin en b\u00fcy\u00fck iki metropol\u00fc, konut a\u00e7\u0131\u011f\u0131na kar\u015f\u0131 birbirine tamamen z\u0131t iki farkl\u0131 model uyguluyor. Ba\u015fkent Madrid, serbest piyasa dinamikleriyle devasa in\u015faat projelerine odaklan\u0131rken; sol y\u00f6netimdeki Barselona, Avrupa&#8217;n\u0131n en sert reg\u00fclasyonlar\u0131n\u0131 devreye sokarak kira s\u0131n\u0131rland\u0131rmalar\u0131 ve k\u0131sa d\u00f6nemli turistik kiralama yasaklar\u0131yla \u00e7\u00f6z\u00fcm\u00fc ar\u0131yor.&#8221;<\/p>\n","protected":false},"author":3,"featured_media":7503,"comment_status":"open","ping_status":"open","sticky":false,"template":"","format":"standard","meta":{"_jetpack_memberships_contains_paid_content":false,"footnotes":""},"categories":[3],"tags":[2309],"class_list":["post-7502","post","type-post","status-publish","format-standard","has-post-thumbnail","hentry","category-dunya","tag-ispanya-dunyagundemi-konutkrizi-barselona-madrid-avrupaekonomisi-kureselpolitika-dishaberler"],"jetpack_featured_media_url":"https:\/\/dbsnewsmedia.com\/wp-content\/uploads\/2026\/04\/barcelona-vs-madrid-ispanyanin-gozde-sehirleri-konut-krizine-karsi-farkli-cozumler-uretiyor-j1ib.jpg","jetpack_sharing_enabled":true,"_links":{"self":[{"href":"https:\/\/dbsnewsmedia.com\/index.php?rest_route=\/wp\/v2\/posts\/7502","targetHints":{"allow":["GET"]}}],"collection":[{"href":"https:\/\/dbsnewsmedia.com\/index.php?rest_route=\/wp\/v2\/posts"}],"about":[{"href":"https:\/\/dbsnewsmedia.com\/index.php?rest_route=\/wp\/v2\/types\/post"}],"author":[{"embeddable":true,"href":"https:\/\/dbsnewsmedia.com\/index.php?rest_route=\/wp\/v2\/users\/3"}],"replies":[{"embeddable":true,"href":"https:\/\/dbsnewsmedia.com\/index.php?rest_route=%2Fwp%2Fv2%2Fcomments&post=7502"}],"version-history":[{"count":1,"href":"https:\/\/dbsnewsmedia.com\/index.php?rest_route=\/wp\/v2\/posts\/7502\/revisions"}],"predecessor-version":[{"id":7504,"href":"https:\/\/dbsnewsmedia.com\/index.php?rest_route=\/wp\/v2\/posts\/7502\/revisions\/7504"}],"wp:featuredmedia":[{"embeddable":true,"href":"https:\/\/dbsnewsmedia.com\/index.php?rest_route=\/wp\/v2\/media\/7503"}],"wp:attachment":[{"href":"https:\/\/dbsnewsmedia.com\/index.php?rest_route=%2Fwp%2Fv2%2Fmedia&parent=7502"}],"wp:term":[{"taxonomy":"category","embeddable":true,"href":"https:\/\/dbsnewsmedia.com\/index.php?rest_route=%2Fwp%2Fv2%2Fcategories&post=7502"},{"taxonomy":"post_tag","embeddable":true,"href":"https:\/\/dbsnewsmedia.com\/index.php?rest_route=%2Fwp%2Fv2%2Ftags&post=7502"}],"curies":[{"name":"wp","href":"https:\/\/api.w.org\/{rel}","templated":true}]}}