{"id":7505,"date":"2026-04-28T18:17:10","date_gmt":"2026-04-28T15:17:10","guid":{"rendered":"https:\/\/dbsnewsmedia.com\/?p=7505"},"modified":"2026-04-28T18:17:10","modified_gmt":"2026-04-28T15:17:10","slug":"doga-turizminin-yeni-gozdesi-adana-karaisalida-yer-kopru-camping-donemi-basliyor","status":"publish","type":"post","link":"https:\/\/dbsnewsmedia.com\/?p=7505","title":{"rendered":"Do\u011fa Turizminin Yeni G\u00f6zdesi: Adana Karaisal\u0131&#8217;da &#8216;Yer K\u00f6pr\u00fc Camping&#8217; D\u00f6nemi Ba\u015fl\u0131yor"},"content":{"rendered":"\n<p>Adana\u2019n\u0131n sakl\u0131 cenneti Karaisal\u0131, do\u011faseverler i\u00e7in b\u00fcy\u00fck bir m\u00fcjdeyle yank\u0131lan\u0131yor. Yer K\u00f6pr\u00fc\u2019n\u00fcn serin sular\u0131 ve yenilenen tesisleri i\u00e7in geri say\u0131m resmen ba\u015flad\u0131.<\/p>\n\n\n\n<p>Do\u011fa tutkunlar\u0131n\u0131n merakla bekledi\u011fi o haber geldi! Adana\u2019n\u0131n Karaisal\u0131 il\u00e7esinde yer alan ve b\u00f6lgenin en \u00f6nemli turizm noktalar\u0131ndan biri olan Yer K\u00f6pr\u00fc, kapsaml\u0131 yenileme \u00e7al\u0131\u015fmalar\u0131n\u0131n ard\u0131ndan 17 May\u0131s 2026 Pazar g\u00fcn\u00fc yeniden hizmete giriyor.<\/p>\n\n\n\n<p>Modernize edilen altyap\u0131s\u0131, do\u011fayla uyumlu yeni kamp alan\u0131 ve e\u015fsiz manzaraya kar\u015f\u0131 konumlanan restoran\u0131yla Yer K\u00f6pr\u00fc Camping, bu yaz\u0131n en iddial\u0131 rotas\u0131 olmaya aday.<\/p>\n\n\n\n<p>\u015eehir hayat\u0131n\u0131n g\u00fcr\u00fclt\u00fcs\u00fcnden ka\u00e7\u0131p ye\u015filin ve suyun huzuruna s\u0131\u011f\u0131nmak isteyenler i\u00e7in haz\u0131rl\u0131klar tamamland\u0131. \u0130\u015fte bu do\u011fa mucizesinin yeni y\u00fcz\u00fc ve a\u00e7\u0131l\u0131\u015f detaylar\u0131!<\/p>\n\n\n\n<p><strong>Do\u011fa ile \u0130\u00e7 \u0130\u00e7e Konforlu Konaklama: Yeni Nesil &#8216;Yer K\u00f6pr\u00fc Camping&#8217; Deneyimi<\/strong><\/p>\n\n\n\n<p>Uzun s\u00fcredir devam eden titiz \u00e7al\u0131\u015fmalar\u0131n ard\u0131ndan Yer K\u00f6pr\u00fc, ziyaret\u00e7ilerine sadece bir mesire alan\u0131 de\u011fil, b\u00fct\u00fcnc\u00fcl bir tatil deneyimi sunacak:<\/p>\n\n\n\n<ul class=\"wp-block-list\">\n<li><strong>G\u00fc\u00e7lendirilmi\u015f Altyap\u0131:<\/strong>\u00a0Ziyaret\u00e7i konforunu en \u00fcst seviyeye \u00e7\u0131karmak i\u00e7in alan\u0131n t\u00fcm altyap\u0131s\u0131 yenilendi ve modern d\u00fczenlemeler yap\u0131ld\u0131.<\/li>\n\n\n\n<li><strong>Do\u011fa Dostu Tasar\u0131m:<\/strong>\u00a0Yenileme s\u00fcreci, b\u00f6lgenin e\u015fsiz ekosistemine zarar vermeden, \u00e7evreye duyarl\u0131 ve do\u011fayla uyumlu mimari bir anlay\u0131\u015fla y\u00fcr\u00fct\u00fcld\u00fc.<\/li>\n\n\n\n<li><strong>Kapsaml\u0131 Hizmet:<\/strong>\u00a0Tesis b\u00fcnyesinde profesyonel kamp alanlar\u0131, yerel lezzetlerin sunulaca\u011f\u0131 bir restoran ve aileler i\u00e7in geni\u015fletilmi\u015f mesire alanlar\u0131 yer al\u0131yor.<\/li>\n<\/ul>\n\n\n\n<p><strong>Yerel Ekonomiye Can Suyu: Karaisal\u0131&#8217;n\u0131n Turizm Marka De\u011feri Y\u00fckseliyor<\/strong><\/p>\n\n\n\n<p>Yer K\u00f6pr\u00fc\u2019n\u00fcn a\u00e7\u0131l\u0131\u015f\u0131, sadece bir rekreasyon alan\u0131 kazan\u0131m\u0131 de\u011fil, ayn\u0131 zamanda yerel kalk\u0131nma hamlesi olarak g\u00f6r\u00fcl\u00fcyor:<\/p>\n\n\n\n<ul class=\"wp-block-list\">\n<li><strong>Turizm Ata\u011f\u0131:<\/strong>\u00a0Yetkililer, \u00f6zellikle yaz sezonunda Adana ve \u00e7evre illerden (Mersin, Hatay, Osmaniye) b\u00fcy\u00fck bir ziyaret\u00e7i ak\u0131n\u0131 beklediklerini ifade ediyor.<\/li>\n\n\n\n<li><strong>Yerel Ekonomi Canlanacak:<\/strong>\u00a0Karaisal\u0131 esnaf\u0131 ve b\u00f6lgedeki turizm i\u015fletmeleri, 17 May\u0131s\u2019taki a\u00e7\u0131l\u0131\u015fla birlikte artacak hareketlili\u011fe odaklanm\u0131\u015f durumda.<\/li>\n\n\n\n<li><strong>Cazibe Merkezi:<\/strong>\u00a0Karaisal\u0131\u2019n\u0131n do\u011fal g\u00fczelliklerini \u00f6n plana \u00e7\u0131karan bu ad\u0131m, il\u00e7enin marka de\u011ferini ulusal d\u00fczeyde g\u00fc\u00e7lendirecek.<\/li>\n<\/ul>\n\n\n\n<p>28.04.2026,18.16<\/p>\n\n\n\n<p>Kaynak:<a href=\"https:\/\/www.gazetevatan.com\/sehirler\/adana\/adanada-bu-yazin-rotasi-belli-oldu-yer-kopru-kapilarini-aciyor-modern-kamp-alani-restoran-ve-mesire-keyfi-bir-arada-2366202\">https:\/\/www.gazetevatan.com\/sehirler\/adana\/adanada-bu-yazin-rotasi-belli-oldu-yer-kopru-kapilarini-aciyor-modern-kamp-alani-restoran-ve-mesire-keyfi-bir-arada-2366202<\/a><\/p>\n\n\n\n<p>Edit\u00f6r\u00fcn Notu: Vatan Gazetesi\u2019nde yay\u0131mlanan bu haber, \u00f6z\u00fcne sad\u0131k kal\u0131narak yeniden d\u00fczenlenmi\u015ftir.<br><\/p>\n","protected":false},"excerpt":{"rendered":"<p>&#8220;Adana&#8217;n\u0131n en \u00f6nemli ekoturizm destinasyonlar\u0131ndan biri olan Karaisal\u0131&#8217;daki Yer K\u00f6pr\u00fc, kapsaml\u0131 yenileme \u00e7al\u0131\u015fmalar\u0131n\u0131n ard\u0131ndan 17 May\u0131s 2026&#8217;da do\u011faseverlerle yeniden bulu\u015fuyor. Modern altyap\u0131s\u0131, do\u011fa dostu yeni nesil kamp alan\u0131 ve e\u015fsiz manzaral\u0131 restoran\u0131yla b\u00fct\u00fcnc\u00fcl bir tatil deneyimi sunmaya haz\u0131rlanan tesis, yaz sezonunda b\u00f6lge turizmine b\u00fcy\u00fck bir canl\u0131l\u0131k getirecek.&#8221;<\/p>\n","protected":false},"author":3,"featured_media":7507,"comment_status":"open","ping_status":"open","sticky":false,"template":"","format":"standard","meta":{"_jetpack_memberships_contains_paid_content":false,"footnotes":""},"categories":[11],"tags":[2310],"class_list":["post-7505","post","type-post","status-publish","format-standard","has-post-thumbnail","hentry","category-turizm","tag-adanaturizmi-yerkopru-kampalanlari-dogaturizmi-ekoturizm-karaisali-seyahatrotalari-turizmhaberleri"],"jetpack_featured_media_url":"https:\/\/dbsnewsmedia.com\/wp-content\/uploads\/2026\/04\/69f0ca1ae45254ea5540cbc8.jpg.webp","jetpack_sharing_enabled":true,"_links":{"self":[{"href":"https:\/\/dbsnewsmedia.com\/index.php?rest_route=\/wp\/v2\/posts\/7505","targetHints":{"allow":["GET"]}}],"collection":[{"href":"https:\/\/dbsnewsmedia.com\/index.php?rest_route=\/wp\/v2\/posts"}],"about":[{"href":"https:\/\/dbsnewsmedia.com\/index.php?rest_route=\/wp\/v2\/types\/post"}],"author":[{"embeddable":true,"href":"https:\/\/dbsnewsmedia.com\/index.php?rest_route=\/wp\/v2\/users\/3"}],"replies":[{"embeddable":true,"href":"https:\/\/dbsnewsmedia.com\/index.php?rest_route=%2Fwp%2Fv2%2Fcomments&post=7505"}],"version-history":[{"count":1,"href":"https:\/\/dbsnewsmedia.com\/index.php?rest_route=\/wp\/v2\/posts\/7505\/revisions"}],"predecessor-version":[{"id":7508,"href":"https:\/\/dbsnewsmedia.com\/index.php?rest_route=\/wp\/v2\/posts\/7505\/revisions\/7508"}],"wp:featuredmedia":[{"embeddable":true,"href":"https:\/\/dbsnewsmedia.com\/index.php?rest_route=\/wp\/v2\/media\/7507"}],"wp:attachment":[{"href":"https:\/\/dbsnewsmedia.com\/index.php?rest_route=%2Fwp%2Fv2%2Fmedia&parent=7505"}],"wp:term":[{"taxonomy":"category","embeddable":true,"href":"https:\/\/dbsnewsmedia.com\/index.php?rest_route=%2Fwp%2Fv2%2Fcategories&post=7505"},{"taxonomy":"post_tag","embeddable":true,"href":"https:\/\/dbsnewsmedia.com\/index.php?rest_route=%2Fwp%2Fv2%2Ftags&post=7505"}],"curies":[{"name":"wp","href":"https:\/\/api.w.org\/{rel}","templated":true}]}}