{"id":7529,"date":"2026-04-28T19:02:17","date_gmt":"2026-04-28T16:02:17","guid":{"rendered":"https:\/\/dbsnewsmedia.com\/?p=7529"},"modified":"2026-04-28T19:02:17","modified_gmt":"2026-04-28T16:02:17","slug":"mevsim-gecisinde-vucudu-destekleyen-aliskanliklar","status":"publish","type":"post","link":"https:\/\/dbsnewsmedia.com\/?p=7529","title":{"rendered":"Mevsim Ge\u00e7i\u015finde V\u00fccudu Destekleyen Al\u0131\u015fkanl\u0131klar"},"content":{"rendered":"\n<p>28.04.2026    19:05<\/p>\n\n\n\n<p>Mevsim ge\u00e7i\u015fleriyle birlikte pek \u00e7ok ki\u015fi; halsizlik, isteksizlik, uyku hali ve konsantrasyon g\u00fc\u00e7l\u00fc\u011f\u00fc gibi \u015fik\u00e2yetler ya\u015fayabiliyor. Halk aras\u0131nda \u201cbahar yorgunlu\u011fu\u201d olarak adland\u0131r\u0131lan bu durum, genellikle ge\u00e7ici olsa da ya\u015fam kalitesini olumsuz etkileyebiliyor. Bu d\u00f6nemde dengeli beslenmenin yan\u0131 s\u0131ra d\u00fczenli uyku ve hafif egzersizler, v\u00fccudun yeni mevsime uyum sa\u011flamas\u0131na yard\u0131mc\u0131 olarak enerji seviyesinin artmas\u0131nda \u00f6nemli rol oynuyor.<\/p>\n\n\n\n<p>Bahar yorgunlu\u011fuyla ba\u015fa \u00e7\u0131kmada sa\u011fl\u0131kl\u0131 ve dengeli bir beslenme plan\u0131 uygulamak b\u00fcy\u00fck \u00f6nem ta\u015f\u0131yor.<\/p>\n\n\n\n<p>Klinik Diyetisyen Duygu \u00d6zbay, \u00f6zellikle vitamin, mineral ve antioksidan a\u00e7\u0131s\u0131ndan zengin besinlerin yan\u0131 s\u0131ra yeterli su t\u00fcketiminin ba\u011f\u0131\u015f\u0131kl\u0131k sistemini destekledi\u011fini ve g\u00fcn i\u00e7indeki enerji dalgalanmalar\u0131n\u0131 dengelemeye yard\u0131mc\u0131 oldu\u011funu belirtiyor. \u00d6zbay, bu s\u00fcreci daha rahat atlatabilmek i\u00e7in \u00e7e\u015fitli beslenme \u00f6nerilerinde bulunuyor.<\/p>\n\n\n\n<h2 class=\"wp-block-heading\"><strong>Zengin demir i\u00e7eri\u011fi: Ispanak<\/strong><\/h2>\n\n\n\n<figure class=\"wp-block-image size-full is-resized\"><img loading=\"lazy\" decoding=\"async\" width=\"724\" height=\"483\" src=\"https:\/\/dbsnewsmedia.com\/wp-content\/uploads\/2026\/04\/17.webp\" alt=\"\" class=\"wp-image-7531\" style=\"width:746px;height:auto\" srcset=\"https:\/\/dbsnewsmedia.com\/wp-content\/uploads\/2026\/04\/17.webp 724w, https:\/\/dbsnewsmedia.com\/wp-content\/uploads\/2026\/04\/17-300x200.webp 300w, https:\/\/dbsnewsmedia.com\/wp-content\/uploads\/2026\/04\/17-600x400.webp 600w\" sizes=\"auto, (max-width: 724px) 100vw, 724px\" \/><\/figure>\n\n\n\n<p>Ispanak, i\u00e7erdi\u011fi demir sayesinde v\u00fccutta oksijen ta\u015f\u0131nmas\u0131n\u0131 destekler ve halsizlik hissinin azalmas\u0131na yard\u0131mc\u0131 olur. Magnezyum i\u00e7eri\u011fi ise kas fonksiyonlar\u0131n\u0131 d\u00fczenleyerek yorgunluk ve stresin etkilerini hafifletir. Bahar aylar\u0131nda d\u00fc\u015fen enerjiyi geri toparlamak i\u00e7in d\u00fczenli t\u00fcketilmesi \u00f6nemlidir.<\/p>\n\n\n\n<h2 class=\"wp-block-heading\"><strong>G\u00fcn boyu enerjik olmak i\u00e7in: Yumurta<\/strong><\/h2>\n\n\n\n<figure class=\"wp-block-image size-full\"><img loading=\"lazy\" decoding=\"async\" width=\"724\" height=\"483\" src=\"https:\/\/dbsnewsmedia.com\/wp-content\/uploads\/2026\/04\/18.webp\" alt=\"\" class=\"wp-image-7532\" srcset=\"https:\/\/dbsnewsmedia.com\/wp-content\/uploads\/2026\/04\/18.webp 724w, https:\/\/dbsnewsmedia.com\/wp-content\/uploads\/2026\/04\/18-300x200.webp 300w, https:\/\/dbsnewsmedia.com\/wp-content\/uploads\/2026\/04\/18-600x400.webp 600w\" sizes=\"auto, (max-width: 724px) 100vw, 724px\" \/><\/figure>\n\n\n\n<p>Yumurta, v\u00fccudun ihtiya\u00e7 duydu\u011fu t\u00fcm temel amino asitleri i\u00e7erir ve uzun s\u00fcreli tokluk sa\u011flar. Sabah kahvalt\u0131s\u0131nda t\u00fcketildi\u011finde g\u00fcn boyu enerjinin dengeli bir \u015fekilde s\u00fcrd\u00fcr\u00fclmesine katk\u0131 sunar. Ayr\u0131ca B vitaminleri sayesinde zihinsel performans\u0131 da destekler.<\/p>\n\n\n\n<h2 class=\"wp-block-heading\"><strong>Yorgunlu\u011fa \u00e7are: Muz<\/strong><\/h2>\n\n\n\n<p>Muz, do\u011fal \u015feker i\u00e7eri\u011fiyle enerji kayna\u011f\u0131d\u0131r ve yorgunluk hissini k\u0131sa s\u00fcrede azalt\u0131r. Potasyum a\u00e7\u0131s\u0131ndan zengin olmas\u0131, kaslar\u0131n d\u00fczg\u00fcn \u00e7al\u0131\u015fmas\u0131na ve halsizlik hissinin \u00f6nlenmesine yard\u0131mc\u0131 olur. G\u00fcn i\u00e7inde pratik bir ara \u00f6\u011f\u00fcn olarak tercih edilebilir.<\/p>\n\n\n\n<figure class=\"wp-block-image size-full is-resized\"><img loading=\"lazy\" decoding=\"async\" width=\"724\" height=\"483\" src=\"https:\/\/dbsnewsmedia.com\/wp-content\/uploads\/2026\/04\/19-1.webp\" alt=\"\" class=\"wp-image-7533\" style=\"width:799px;height:auto\" srcset=\"https:\/\/dbsnewsmedia.com\/wp-content\/uploads\/2026\/04\/19-1.webp 724w, https:\/\/dbsnewsmedia.com\/wp-content\/uploads\/2026\/04\/19-1-300x200.webp 300w, https:\/\/dbsnewsmedia.com\/wp-content\/uploads\/2026\/04\/19-1-600x400.webp 600w\" sizes=\"auto, (max-width: 724px) 100vw, 724px\" \/><\/figure>\n\n\n\n<h2 class=\"wp-block-heading\"><strong>Ba\u011f\u0131rsak destek\u00e7isi: Yo\u011furt<\/strong><\/h2>\n\n\n\n<p>Yo\u011furt, ba\u011f\u0131rsak sa\u011fl\u0131\u011f\u0131n\u0131 destekleyen probiyotikler i\u00e7erir. Sa\u011fl\u0131kl\u0131 bir sindirim sistemi, ba\u011f\u0131\u015f\u0131kl\u0131k ve enerji d\u00fczeyi \u00fczerinde do\u011frudan etkilidir. Bahar yorgunlu\u011fu d\u00f6neminde ba\u011f\u0131\u015f\u0131kl\u0131\u011f\u0131n g\u00fc\u00e7l\u00fc tutulmas\u0131 i\u00e7in d\u00fczenli \u015fekilde t\u00fcketilmelidir.<\/p>\n\n\n\n<figure class=\"wp-block-image size-full is-resized\"><img loading=\"lazy\" decoding=\"async\" width=\"726\" height=\"481\" src=\"https:\/\/dbsnewsmedia.com\/wp-content\/uploads\/2026\/04\/20.webp\" alt=\"\" class=\"wp-image-7534\" style=\"width:813px;height:auto\" srcset=\"https:\/\/dbsnewsmedia.com\/wp-content\/uploads\/2026\/04\/20.webp 726w, https:\/\/dbsnewsmedia.com\/wp-content\/uploads\/2026\/04\/20-300x200.webp 300w\" sizes=\"auto, (max-width: 726px) 100vw, 726px\" \/><\/figure>\n\n\n\n<h2 class=\"wp-block-heading\"><strong>Bir avu\u00e7 badem zihinde tutar<\/strong><\/h2>\n\n\n\n<figure class=\"wp-block-image size-full\"><img loading=\"lazy\" decoding=\"async\" width=\"724\" height=\"483\" src=\"https:\/\/dbsnewsmedia.com\/wp-content\/uploads\/2026\/04\/21-3.webp\" alt=\"\" class=\"wp-image-7535\" srcset=\"https:\/\/dbsnewsmedia.com\/wp-content\/uploads\/2026\/04\/21-3.webp 724w, https:\/\/dbsnewsmedia.com\/wp-content\/uploads\/2026\/04\/21-3-300x200.webp 300w, https:\/\/dbsnewsmedia.com\/wp-content\/uploads\/2026\/04\/21-3-600x400.webp 600w\" sizes=\"auto, (max-width: 724px) 100vw, 724px\" \/><\/figure>\n\n\n\n<p>Badem, i\u00e7erdi\u011fi sa\u011fl\u0131kl\u0131 ya\u011flar ve E vitamini sayesinde h\u00fccreleri oksidatif strese kar\u015f\u0131 korur. Ayn\u0131 zamanda magnezyum i\u00e7eri\u011fiyle kas yorgunlu\u011funu da azalt\u0131r. G\u00fcn i\u00e7inde bir avu\u00e7 badem t\u00fcketmek enerji seviyesini dengede tutmaya yard\u0131mc\u0131 olur.<\/p>\n\n\n\n<h2 class=\"wp-block-heading\"><strong>Dengeli enerji, uzun s\u00fcre tokluk: Yulaf<\/strong><\/h2>\n\n\n\n<figure class=\"wp-block-image size-full\"><img loading=\"lazy\" decoding=\"async\" width=\"795\" height=\"440\" src=\"https:\/\/dbsnewsmedia.com\/wp-content\/uploads\/2026\/04\/22-2.webp\" alt=\"\" class=\"wp-image-7536\" srcset=\"https:\/\/dbsnewsmedia.com\/wp-content\/uploads\/2026\/04\/22-2.webp 795w, https:\/\/dbsnewsmedia.com\/wp-content\/uploads\/2026\/04\/22-2-300x166.webp 300w, https:\/\/dbsnewsmedia.com\/wp-content\/uploads\/2026\/04\/22-2-768x425.webp 768w\" sizes=\"auto, (max-width: 795px) 100vw, 795px\" \/><\/figure>\n\n\n\n<p>Yulaf, kompleks karbonhidrat yap\u0131s\u0131 sayesinde kan \u015fekerini dengeli bir \u015fekilde y\u00fckseltir ve uzun s\u00fcre enerji sa\u011flar. Lif i\u00e7eri\u011fiyle sindirimi desteklerken ani enerji d\u00fc\u015f\u00fc\u015flerini de \u00f6nler. \u00d6zellikle kahvalt\u0131larda tercih edilmesi g\u00fcn\u00fcn daha din\u00e7 ge\u00e7irilmesine katk\u0131 sa\u011flar.<\/p>\n\n\n\n<h2 class=\"wp-block-heading\"><strong>Hastal\u0131klara kar\u015f\u0131 koruyucu etki: Portakal<\/strong><\/h2>\n\n\n\n<figure class=\"wp-block-image size-full is-resized\"><img loading=\"lazy\" decoding=\"async\" width=\"724\" height=\"483\" src=\"https:\/\/dbsnewsmedia.com\/wp-content\/uploads\/2026\/04\/23-3.webp\" alt=\"\" class=\"wp-image-7537\" style=\"width:779px;height:auto\" srcset=\"https:\/\/dbsnewsmedia.com\/wp-content\/uploads\/2026\/04\/23-3.webp 724w, https:\/\/dbsnewsmedia.com\/wp-content\/uploads\/2026\/04\/23-3-300x200.webp 300w, https:\/\/dbsnewsmedia.com\/wp-content\/uploads\/2026\/04\/23-3-600x400.webp 600w\" sizes=\"auto, (max-width: 724px) 100vw, 724px\" \/><\/figure>\n\n\n\n<p>Portakal, g\u00fc\u00e7l\u00fc bir C vitamini kayna\u011f\u0131 olarak ba\u011f\u0131\u015f\u0131kl\u0131k sistemini destekler. Mevsim ge\u00e7i\u015flerinde s\u0131k g\u00f6r\u00fclen halsizlik ve hastal\u0131klara kar\u015f\u0131 koruyucu etkisi vard\u0131r. Ayn\u0131 zamanda ferahlat\u0131c\u0131 y\u00f6n\u00fcyle g\u00fcn i\u00e7inde canl\u0131l\u0131k hissini art\u0131r\u0131r.<\/p>\n\n\n\n<h2 class=\"wp-block-heading\"><strong>Ruh hali dengeleyicisi: Somon bal\u0131\u011f\u0131<\/strong><\/h2>\n\n\n\n<figure class=\"wp-block-image size-full\"><img loading=\"lazy\" decoding=\"async\" width=\"724\" height=\"483\" src=\"https:\/\/dbsnewsmedia.com\/wp-content\/uploads\/2026\/04\/24-3.webp\" alt=\"\" class=\"wp-image-7538\" srcset=\"https:\/\/dbsnewsmedia.com\/wp-content\/uploads\/2026\/04\/24-3.webp 724w, https:\/\/dbsnewsmedia.com\/wp-content\/uploads\/2026\/04\/24-3-300x200.webp 300w, https:\/\/dbsnewsmedia.com\/wp-content\/uploads\/2026\/04\/24-3-600x400.webp 600w\" sizes=\"auto, (max-width: 724px) 100vw, 724px\" \/><\/figure>\n\n\n\n<p>Somon bal\u0131\u011f\u0131, omega-3 ya\u011f asitleri a\u00e7\u0131s\u0131ndan zengindir ve beyin fonksiyonlar\u0131n\u0131 destekler. Ruh halini dengeleyerek bahar yorgunlu\u011funa e\u015flik eden isteksizlik hissini azaltmaya yard\u0131mc\u0131 olur. Haftada birka\u00e7 kez t\u00fcketilmesi genel enerji d\u00fczeyine olumlu katk\u0131 sunar.<\/p>\n\n\n\n<h2 class=\"wp-block-heading\"><strong>V\u00fccut direncini y\u00fckseltiyor: Avokado<\/strong><\/h2>\n\n\n\n<figure class=\"wp-block-image size-full\"><img loading=\"lazy\" decoding=\"async\" width=\"724\" height=\"483\" src=\"https:\/\/dbsnewsmedia.com\/wp-content\/uploads\/2026\/04\/25-3.webp\" alt=\"\" class=\"wp-image-7539\" srcset=\"https:\/\/dbsnewsmedia.com\/wp-content\/uploads\/2026\/04\/25-3.webp 724w, https:\/\/dbsnewsmedia.com\/wp-content\/uploads\/2026\/04\/25-3-300x200.webp 300w, https:\/\/dbsnewsmedia.com\/wp-content\/uploads\/2026\/04\/25-3-600x400.webp 600w\" sizes=\"auto, (max-width: 724px) 100vw, 724px\" \/><\/figure>\n\n\n\n<p>Avokado, i\u00e7erdi\u011fi ya\u011flar sayesinde uzun s\u00fcreli enerji verir ve tokluk hissini art\u0131r\u0131r. Lifli yap\u0131s\u0131 ile sindirim sistemini desteklerken, i\u00e7erdi\u011fi vitamin ve minerallerle genel v\u00fccut direncini y\u00fckseltir. G\u00fcnl\u00fck beslenmeye eklenmesi enerji dalgalanmalar\u0131n\u0131 azaltacakt\u0131r.<\/p>\n\n\n\n<h2 class=\"wp-block-heading\"><strong>Antioksidan deposu: Ye\u015fil \u00e7ay\u0131<\/strong><\/h2>\n\n\n\n<figure class=\"wp-block-image size-full\"><img loading=\"lazy\" decoding=\"async\" width=\"726\" height=\"481\" src=\"https:\/\/dbsnewsmedia.com\/wp-content\/uploads\/2026\/04\/26-3.webp\" alt=\"\" class=\"wp-image-7540\" srcset=\"https:\/\/dbsnewsmedia.com\/wp-content\/uploads\/2026\/04\/26-3.webp 726w, https:\/\/dbsnewsmedia.com\/wp-content\/uploads\/2026\/04\/26-3-300x200.webp 300w\" sizes=\"auto, (max-width: 726px) 100vw, 726px\" \/><\/figure>\n\n\n\n<p>Ye\u015fil \u00e7ay, g\u00fc\u00e7l\u00fc antioksidan \u00f6zelli\u011fi ile v\u00fccudu serbest radikallere kar\u015f\u0131 korur. Ayn\u0131 zamanda hafif kafein i\u00e7eri\u011fi sayesinde zihinsel uyan\u0131kl\u0131\u011f\u0131 art\u0131r\u0131r ve yorgunluk hissini de azalt\u0131r. G\u00fcn i\u00e7inde 1-2 fincan t\u00fcketilmesi zindelik hissini destekler. Ancak hamilelerin t\u00fcketmek i\u00e7in doktorlar\u0131na dan\u0131\u015fmas\u0131 \u00f6nemlidir.<\/p>\n\n\n\n<p><em>Foto\u011fraflar: iStock<\/em><\/p>\n\n\n\n<p>Kaynak:<a href=\"https:\/\/www.hurriyet.com.tr\/aile\/galeri-bu-mevsimde-bolca-tuketin-o-soruna-cok-iyi-geliyor-43158377\/9\">https:\/\/www.hurriyet.com.tr\/aile\/galeri-bu-mevsimde-bolca-tuketin-o-soruna-cok-iyi-geliyor-43158377\/9<\/a><\/p>\n\n\n\n<p><br><\/p>\n","protected":false},"excerpt":{"rendered":"<p>28.04.2026 19:05 Mevsim ge\u00e7i\u015fleriyle birlikte pek \u00e7ok ki\u015fi; halsizlik, isteksizlik, uyku hali ve konsantrasyon g\u00fc\u00e7l\u00fc\u011f\u00fc gibi \u015fik\u00e2yetler ya\u015fayabiliyor. Halk aras\u0131nda \u201cbahar yorgunlu\u011fu\u201d olarak adland\u0131r\u0131lan bu durum, genellikle ge\u00e7ici olsa da ya\u015fam kalitesini olumsuz etkileyebiliyor. Bu d\u00f6nemde dengeli beslenmenin yan\u0131 s\u0131ra d\u00fczenli uyku ve hafif egzersizler, v\u00fccudun yeni mevsime uyum sa\u011flamas\u0131na yard\u0131mc\u0131 olarak enerji seviyesinin artmas\u0131nda&#8230;<\/p>\n","protected":false},"author":5,"featured_media":7530,"comment_status":"open","ping_status":"open","sticky":false,"template":"","format":"standard","meta":{"_jetpack_memberships_contains_paid_content":false,"footnotes":""},"categories":[12],"tags":[2312,747],"class_list":["post-7529","post","type-post","status-publish","format-standard","has-post-thumbnail","hentry","category-saglik","tag-saglikli-besinler","tag-saglikli-yasam"],"jetpack_featured_media_url":"https:\/\/dbsnewsmedia.com\/wp-content\/uploads\/2026\/04\/16.webp","jetpack_sharing_enabled":true,"_links":{"self":[{"href":"https:\/\/dbsnewsmedia.com\/index.php?rest_route=\/wp\/v2\/posts\/7529","targetHints":{"allow":["GET"]}}],"collection":[{"href":"https:\/\/dbsnewsmedia.com\/index.php?rest_route=\/wp\/v2\/posts"}],"about":[{"href":"https:\/\/dbsnewsmedia.com\/index.php?rest_route=\/wp\/v2\/types\/post"}],"author":[{"embeddable":true,"href":"https:\/\/dbsnewsmedia.com\/index.php?rest_route=\/wp\/v2\/users\/5"}],"replies":[{"embeddable":true,"href":"https:\/\/dbsnewsmedia.com\/index.php?rest_route=%2Fwp%2Fv2%2Fcomments&post=7529"}],"version-history":[{"count":1,"href":"https:\/\/dbsnewsmedia.com\/index.php?rest_route=\/wp\/v2\/posts\/7529\/revisions"}],"predecessor-version":[{"id":7541,"href":"https:\/\/dbsnewsmedia.com\/index.php?rest_route=\/wp\/v2\/posts\/7529\/revisions\/7541"}],"wp:featuredmedia":[{"embeddable":true,"href":"https:\/\/dbsnewsmedia.com\/index.php?rest_route=\/wp\/v2\/media\/7530"}],"wp:attachment":[{"href":"https:\/\/dbsnewsmedia.com\/index.php?rest_route=%2Fwp%2Fv2%2Fmedia&parent=7529"}],"wp:term":[{"taxonomy":"category","embeddable":true,"href":"https:\/\/dbsnewsmedia.com\/index.php?rest_route=%2Fwp%2Fv2%2Fcategories&post=7529"},{"taxonomy":"post_tag","embeddable":true,"href":"https:\/\/dbsnewsmedia.com\/index.php?rest_route=%2Fwp%2Fv2%2Ftags&post=7529"}],"curies":[{"name":"wp","href":"https:\/\/api.w.org\/{rel}","templated":true}]}}