{"id":7545,"date":"2026-04-28T19:19:59","date_gmt":"2026-04-28T16:19:59","guid":{"rendered":"https:\/\/dbsnewsmedia.com\/?p=7545"},"modified":"2026-04-28T19:19:59","modified_gmt":"2026-04-28T16:19:59","slug":"fotografin-dansi-dansin-fotografi-cankayada","status":"publish","type":"post","link":"https:\/\/dbsnewsmedia.com\/?p=7545","title":{"rendered":"\u201cFoto\u011fraf\u0131n Dans\u0131, Dans\u0131n Foto\u011fraf\u0131\u201d \u00c7ankaya\u2019da"},"content":{"rendered":"\n<p>28.04.2026    19:19<\/p>\n\n\n\n<p>Ali \u00d6z\u2019\u00fcn \u201cFoto\u011fraf\u0131n Dans\u0131, Dans\u0131n Foto\u011fraf\u0131\u201d sergisi 4 May\u0131s\u2019ta \u00c7ankaya\u2019da a\u00e7\u0131l\u0131yor.<\/p>\n\n\n\n<p>\u00c7ankaya Belediyesi, T\u00fcrkiye\u2019nin \u00f6nemli foto\u011fraf sanat\u00e7\u0131lar\u0131ndan Ali \u00d6z\u2019\u00fcn \u201cFoto\u011fraf\u0131n Dans\u0131, Dans\u0131n Foto\u011fraf\u0131\u201d adl\u0131 sergisine ev sahipli\u011fi yapacak. Sergi, 4 May\u0131s saat 19.00\u2019da Do\u011fan Ta\u015fdelen \u00c7a\u011fda\u015f Sanatlar Merkezi\u2019nde sanatseverlerle bulu\u015facak.<\/p>\n\n\n\n<p>\u00d6z, bu kez 30 y\u0131ll\u0131k bir birikimin \u00fcr\u00fcn\u00fc olan balerin foto\u011fraflar\u0131n\u0131 izleyiciyle payla\u015facak.<\/p>\n\n\n\n<p>Kendini \u201cpolitik belgeselci\u201d olarak tan\u0131mlayan sanat\u00e7\u0131, y\u0131llar boyunca Tarlaba\u015f\u0131\u2019ndan maden ocaklar\u0131na uzanan geni\u015f bir alanda insan hik\u00e2yelerini belgeledi. Yeni sergisinde ise baleyi kadraja al\u0131yor.<\/p>\n\n\n\n<h2 class=\"wp-block-heading\"><strong>Sergi ziyareti i\u00e7in son g\u00fcn: 30 May\u0131s<\/strong><\/h2>\n\n\n\n<p>Sergi, Eren Ey\u00fcbo\u011flu Sergi Salonu\u2019nda 30 May\u0131s\u2019a kadar ziyaret edilebilecek.<\/p>\n\n\n\n<p>Kaynak:<a href=\"https:\/\/www.evrensel.net\/haber\/5981625\/cankayada-fotografin-dansi-ali-ozun-sergisi-sanatseverlerle-bulusuyor\">https:\/\/www.evrensel.net\/haber\/5981625\/cankayada-fotografin-dansi-ali-ozun-sergisi-sanatseverlerle-bulusuyor<\/a><\/p>\n","protected":false},"excerpt":{"rendered":"<p>28.04.2026 19:19 Ali \u00d6z\u2019\u00fcn \u201cFoto\u011fraf\u0131n Dans\u0131, Dans\u0131n Foto\u011fraf\u0131\u201d sergisi 4 May\u0131s\u2019ta \u00c7ankaya\u2019da a\u00e7\u0131l\u0131yor. \u00c7ankaya Belediyesi, T\u00fcrkiye\u2019nin \u00f6nemli foto\u011fraf sanat\u00e7\u0131lar\u0131ndan Ali \u00d6z\u2019\u00fcn \u201cFoto\u011fraf\u0131n Dans\u0131, Dans\u0131n Foto\u011fraf\u0131\u201d adl\u0131 sergisine ev sahipli\u011fi yapacak. Sergi, 4 May\u0131s saat 19.00\u2019da Do\u011fan Ta\u015fdelen \u00c7a\u011fda\u015f Sanatlar Merkezi\u2019nde sanatseverlerle bulu\u015facak. \u00d6z, bu kez 30 y\u0131ll\u0131k bir birikimin \u00fcr\u00fcn\u00fc olan balerin foto\u011fraflar\u0131n\u0131 izleyiciyle payla\u015facak&#8230;.<\/p>\n","protected":false},"author":5,"featured_media":7546,"comment_status":"open","ping_status":"open","sticky":false,"template":"","format":"standard","meta":{"_jetpack_memberships_contains_paid_content":false,"footnotes":""},"categories":[10],"tags":[854,2316],"class_list":["post-7545","post","type-post","status-publish","format-standard","has-post-thumbnail","hentry","category-kultur-sanat","tag-cankaya-2","tag-fotografin-dansi-2"],"jetpack_featured_media_url":"https:\/\/dbsnewsmedia.com\/wp-content\/uploads\/2026\/04\/28-4.webp","jetpack_sharing_enabled":true,"_links":{"self":[{"href":"https:\/\/dbsnewsmedia.com\/index.php?rest_route=\/wp\/v2\/posts\/7545","targetHints":{"allow":["GET"]}}],"collection":[{"href":"https:\/\/dbsnewsmedia.com\/index.php?rest_route=\/wp\/v2\/posts"}],"about":[{"href":"https:\/\/dbsnewsmedia.com\/index.php?rest_route=\/wp\/v2\/types\/post"}],"author":[{"embeddable":true,"href":"https:\/\/dbsnewsmedia.com\/index.php?rest_route=\/wp\/v2\/users\/5"}],"replies":[{"embeddable":true,"href":"https:\/\/dbsnewsmedia.com\/index.php?rest_route=%2Fwp%2Fv2%2Fcomments&post=7545"}],"version-history":[{"count":1,"href":"https:\/\/dbsnewsmedia.com\/index.php?rest_route=\/wp\/v2\/posts\/7545\/revisions"}],"predecessor-version":[{"id":7547,"href":"https:\/\/dbsnewsmedia.com\/index.php?rest_route=\/wp\/v2\/posts\/7545\/revisions\/7547"}],"wp:featuredmedia":[{"embeddable":true,"href":"https:\/\/dbsnewsmedia.com\/index.php?rest_route=\/wp\/v2\/media\/7546"}],"wp:attachment":[{"href":"https:\/\/dbsnewsmedia.com\/index.php?rest_route=%2Fwp%2Fv2%2Fmedia&parent=7545"}],"wp:term":[{"taxonomy":"category","embeddable":true,"href":"https:\/\/dbsnewsmedia.com\/index.php?rest_route=%2Fwp%2Fv2%2Fcategories&post=7545"},{"taxonomy":"post_tag","embeddable":true,"href":"https:\/\/dbsnewsmedia.com\/index.php?rest_route=%2Fwp%2Fv2%2Ftags&post=7545"}],"curies":[{"name":"wp","href":"https:\/\/api.w.org\/{rel}","templated":true}]}}