{"id":7551,"date":"2026-04-28T21:30:39","date_gmt":"2026-04-28T18:30:39","guid":{"rendered":"https:\/\/dbsnewsmedia.com\/?p=7551"},"modified":"2026-04-28T21:30:39","modified_gmt":"2026-04-28T18:30:39","slug":"hyundai-suv-modeli-exteri-hindistanda-tanitti","status":"publish","type":"post","link":"https:\/\/dbsnewsmedia.com\/?p=7551","title":{"rendered":"Hyundai, SUV modeli Exter&#8217;i Hindistan&#8217;da tan\u0131tt\u0131!"},"content":{"rendered":"\n<p><strong>Hyundai, \u00f6zel kompakt SUV s\u0131n\u0131f\u0131ndaki modeli Exter\u2019i Hindistan\u2019da g\u00f6r\u00fcc\u00fcye \u00e7\u0131kard\u0131. Fiyat\u0131 herkesi \u015fa\u015fk\u0131na \u00e7eviriyor: 6200 dolar (278 bin lira). Peki bu otomobili T\u00fcrkiye\u2019de g\u00f6rebilecek miyiz? Gelirse fiyat\u0131 ne olur? Sel\u00e7uk Onur yorumluyor.<\/strong><\/p>\n\n\n\n<p>Hindistan\u2019da tan\u0131t\u0131m\u0131 yap\u0131lan ve k\u0131sa s\u00fcrede k\u00fcresel pazarda dikkatleri \u00fczerine \u00e7eken Hyundai Exter, \u201cherkes i\u00e7in SUV\u201d yakla\u015f\u0131m\u0131yla yola \u00e7\u0131k\u0131yor. Kompakt \u00f6l\u00e7\u00fclerine ra\u011fmen g\u00fc\u00e7l\u00fc tasar\u0131m \u00e7izgileri ve zengin donan\u0131m se\u00e7enekleriyle \u00f6ne \u00e7\u0131kan model, \u00f6zellikle gen\u00e7 s\u00fcr\u00fcc\u00fclere ve \u015fehir i\u00e7inde pratik kullan\u0131m arayan ailelere hitap ediyor.<\/p>\n\n\n\n<p>Bu ara\u00e7, giri\u015f seviyesi SUV\u201d segmentinde, d\u00fc\u015f\u00fck maliyetli \u00fcretim hedefiyle geli\u015ftirilmi\u015f. Yani G\u00fcney Koreli marka Hyundai, burada \u201cherkes SUV alabilsin\u201d stratejisini uyguluyor. Ama bu strateji T\u00fcrkiye\u2019de vergi sistemi y\u00fcz\u00fcnden birebir \u00e7al\u0131\u015famaz.<\/p>\n\n\n\n<figure class=\"wp-block-image\"><img decoding=\"async\" src=\"https:\/\/cdn.otopodyum.com.tr\/other\/2026\/04\/28\/hyundai-exter-kokpit.jpg\" alt=\"hyundai-exter-kokpit.jpg\"\/><\/figure>\n\n\n\n<p><strong>T\u00fcrkiye\u2019ye gelir mi?<\/strong><\/p>\n\n\n\n<p>Zor ama imk\u00e2ns\u0131z de\u011fil. \u00c7\u00fcnk\u00fc, marka do\u011fal olarak \u00f6nce bir pazar ara\u015ft\u0131rmas\u0131 yapacak ve \u015fu sorular\u0131n yan\u0131t\u0131n\u0131 arayacakt\u0131r:<\/p>\n\n\n\n<ul class=\"wp-block-list\">\n<li>Talep var m\u0131?<\/li>\n\n\n\n<li>Karl\u0131l\u0131k yeterli mi?<\/li>\n\n\n\n<li>Model, Avrupa reg\u00fclasyonlar\u0131na uygun mu?<\/li>\n<\/ul>\n\n\n\n<p>Exter\u2019in mevcut durumu, daha \u00e7ok geli\u015fmekte olan pazarlara odakl\u0131. Avrupa g\u00fcvenlik ve emisyon standartlar\u0131na tam uyumlu olmayabilir. Bu y\u00fczden T\u00fcrkiye\u2019ye gelme ihtimali d\u00fc\u015f\u00fck.<\/p>\n\n\n\n<p>Gelse bile, ayn\u0131 isimle de\u011fil; ya da ciddi g\u00fcncellemelerle gelir.<\/p>\n\n\n\n<p><strong>Peki geldi diyelim\u2026 Fiyat\u0131 ne olur?<\/strong><\/p>\n\n\n\n<p>\u0130\u015fte, burada \u00fclke ger\u00e7ekleri devreye giriyor. Hindistan fiyat\u0131: ~6.200 $<br>Ama T\u00fcrkiye\u2019de hesap \u015f\u00f6yle de\u011fi\u015fir:<\/p>\n\n\n\n<ul class=\"wp-block-list\">\n<li>%80\u2019e varan \u00d6TV<\/li>\n\n\n\n<li>%20 KDV<\/li>\n\n\n\n<li>Kur fark\u0131<\/li>\n\n\n\n<li>Nakliye + distrib\u00fct\u00f6r k\u00e2r\u0131<\/li>\n<\/ul>\n\n\n\n<p><strong>Ger\u00e7ek\u00e7i tahmin:<\/strong><\/p>\n\n\n\n<ul class=\"wp-block-list\">\n<li><strong>En d\u00fc\u015f\u00fck donan\u0131m:<\/strong>\u00a0800.000 \u2013 900.000 TL<\/li>\n\n\n\n<li><strong>Orta paket:<\/strong>\u00a0900.000 \u2013 1.050.000 TL<\/li>\n\n\n\n<li><strong>\u00dcst paket:<\/strong>\u00a01.1 milyon TL civar\u0131<\/li>\n<\/ul>\n\n\n\n<p><strong>Sonu\u00e7<\/strong><\/p>\n\n\n\n<ul class=\"wp-block-list\">\n<li>Bu fiyat T\u00fcrkiye i\u00e7in ger\u00e7ek\u00e7i de\u011fil<\/li>\n\n\n\n<li>Ara\u00e7 b\u00fcy\u00fck ihtimalle T\u00fcrkiye\u2019ye gelmez<\/li>\n\n\n\n<li>Gelirse de \u201cucuz SUV\u201d de\u011fil, giri\u015f seviyesi ama pahal\u0131 say\u0131lacak bir model olur<\/li>\n<\/ul>\n\n\n\n<figure class=\"wp-block-image\"><img decoding=\"async\" src=\"https:\/\/cdn.otopodyum.com.tr\/other\/2026\/04\/28\/hyundai-exter.jpg\" alt=\"hyundai-exter.jpg\"\/><\/figure>\n\n\n\n<p><strong>Sel\u00e7uk ONUR &#8211; OTOPODYUM<\/strong><\/p>\n\n\n\n<p>28.04.2026 21:30<\/p>\n\n\n\n<p>Kaynak: <a href=\"https:\/\/otopodyum.com.tr\/elektriklihybrid-otolar\/hyundainin-en-ucuz-suvu-turkiyeye-gelir-mi-4774h\">https:\/\/otopodyum.com.tr\/elektriklihybrid-otolar\/hyundainin-en-ucuz-suvu-turkiyeye-gelir-mi-4774h<\/a><\/p>\n","protected":false},"excerpt":{"rendered":"<p>Hyundai, \u00f6zel kompakt SUV s\u0131n\u0131f\u0131ndaki modeli Exter\u2019i Hindistan\u2019da g\u00f6r\u00fcc\u00fcye \u00e7\u0131kard\u0131. Fiyat\u0131 herkesi \u015fa\u015fk\u0131na \u00e7eviriyor: 6200 dolar (278 bin lira). Peki bu otomobili T\u00fcrkiye\u2019de g\u00f6rebilecek miyiz? Gelirse fiyat\u0131 ne olur? Sel\u00e7uk Onur yorumluyor. Hindistan\u2019da tan\u0131t\u0131m\u0131 yap\u0131lan ve k\u0131sa s\u00fcrede k\u00fcresel pazarda dikkatleri \u00fczerine \u00e7eken Hyundai Exter, \u201cherkes i\u00e7in SUV\u201d yakla\u015f\u0131m\u0131yla yola \u00e7\u0131k\u0131yor. Kompakt \u00f6l\u00e7\u00fclerine ra\u011fmen g\u00fc\u00e7l\u00fc&#8230;<\/p>\n","protected":false},"author":2,"featured_media":7553,"comment_status":"open","ping_status":"open","sticky":false,"template":"","format":"standard","meta":{"_jetpack_memberships_contains_paid_content":false,"footnotes":""},"categories":[9],"tags":[2318,35],"class_list":["post-7551","post","type-post","status-publish","format-standard","has-post-thumbnail","hentry","category-otomobil","tag-exter","tag-hyundai"],"jetpack_featured_media_url":"https:\/\/dbsnewsmedia.com\/wp-content\/uploads\/2026\/04\/5049.jpg","jetpack_sharing_enabled":true,"_links":{"self":[{"href":"https:\/\/dbsnewsmedia.com\/index.php?rest_route=\/wp\/v2\/posts\/7551","targetHints":{"allow":["GET"]}}],"collection":[{"href":"https:\/\/dbsnewsmedia.com\/index.php?rest_route=\/wp\/v2\/posts"}],"about":[{"href":"https:\/\/dbsnewsmedia.com\/index.php?rest_route=\/wp\/v2\/types\/post"}],"author":[{"embeddable":true,"href":"https:\/\/dbsnewsmedia.com\/index.php?rest_route=\/wp\/v2\/users\/2"}],"replies":[{"embeddable":true,"href":"https:\/\/dbsnewsmedia.com\/index.php?rest_route=%2Fwp%2Fv2%2Fcomments&post=7551"}],"version-history":[{"count":1,"href":"https:\/\/dbsnewsmedia.com\/index.php?rest_route=\/wp\/v2\/posts\/7551\/revisions"}],"predecessor-version":[{"id":7554,"href":"https:\/\/dbsnewsmedia.com\/index.php?rest_route=\/wp\/v2\/posts\/7551\/revisions\/7554"}],"wp:featuredmedia":[{"embeddable":true,"href":"https:\/\/dbsnewsmedia.com\/index.php?rest_route=\/wp\/v2\/media\/7553"}],"wp:attachment":[{"href":"https:\/\/dbsnewsmedia.com\/index.php?rest_route=%2Fwp%2Fv2%2Fmedia&parent=7551"}],"wp:term":[{"taxonomy":"category","embeddable":true,"href":"https:\/\/dbsnewsmedia.com\/index.php?rest_route=%2Fwp%2Fv2%2Fcategories&post=7551"},{"taxonomy":"post_tag","embeddable":true,"href":"https:\/\/dbsnewsmedia.com\/index.php?rest_route=%2Fwp%2Fv2%2Ftags&post=7551"}],"curies":[{"name":"wp","href":"https:\/\/api.w.org\/{rel}","templated":true}]}}