{"id":7555,"date":"2026-04-28T21:34:39","date_gmt":"2026-04-28T18:34:39","guid":{"rendered":"https:\/\/dbsnewsmedia.com\/?p=7555"},"modified":"2026-04-28T21:34:39","modified_gmt":"2026-04-28T18:34:39","slug":"audi-2-modelinin-uretimini-sonlandirdi","status":"publish","type":"post","link":"https:\/\/dbsnewsmedia.com\/?p=7555","title":{"rendered":"Audi, 2 modelinin \u00fcretimini sonland\u0131rd\u0131!"},"content":{"rendered":"\n<p><strong>Alman otomobil \u00fcreticisi Audi, \u00fcr\u00fcn stratejisinde \u00f6nemli bir de\u011fi\u015fikli\u011fe giderek serisinin en giri\u015f seviyesinde konumlanan iki modelinin \u00fcretimine son verme karar\u0131 ald\u0131. Marka, yeni nesil giri\u015f seviyesi ve elektrikli ara\u00e7lara odaklanacak.<\/strong><\/p>\n\n\n\n<p>Audi, otomotiv sekt\u00f6r\u00fcnde ya\u015fanan b\u00fcy\u00fck d\u00f6n\u00fc\u015f\u00fcme ayak uydurmak ad\u0131na \u00f6nemli bir stratejik de\u011fi\u015fikli\u011fe gidiyor. Alman marka, en eri\u015filebilir modelleri aras\u0131nda yer alan A1 ve Q2 i\u00e7in \u00fcretimin sonuna yakla\u015f\u0131rken, oda\u011f\u0131n\u0131 daha \u00e7ok elektrikli ve yeni nesil giri\u015f seviyesi ara\u00e7lara \u00e7evirmeyi planl\u0131yor.<\/p>\n\n\n\n<p>Markadan yap\u0131lan a\u00e7\u0131klamaya g\u00f6re, kompakt SUV segmentindeki temsilcisi Q2\u2019nin Ingolstadt\u2019taki \u00fcretimi \u00f6n\u00fcm\u00fczdeki Nisan ay\u0131nda tamamen durdurulacak. 2016\u2019dan bu yana yakla\u015f\u0131k 887 bin adet sat\u0131lan model, k\u00fc\u00e7\u00fck boyutlar\u0131na ra\u011fmen premium hissiyat sunmas\u0131yla geni\u015f bir kullan\u0131c\u0131 kitlesine ula\u015fm\u0131\u015ft\u0131. Benzer bir s\u00fcre\u00e7, markan\u0131n k\u00fc\u00e7\u00fck s\u0131n\u0131ftaki g\u00fc\u00e7l\u00fc oyuncusu A1 i\u00e7in de ge\u00e7erli. 2010 y\u0131l\u0131nda piyasaya sunulan ve bug\u00fcne kadar 1,3 milyondan fazla sat\u0131\u015f rakam\u0131na ula\u015fan modelin, \u0130spanya Martorell\u2019deki \u00fcretim hatt\u0131ndan \u00e7ekilmesi planlan\u0131yor.<\/p>\n\n\n\n<p><strong>OTOPODYUM<\/strong><\/p>\n\n\n\n<p>28.04.2026 21:34<\/p>\n\n\n\n<p>Kaynak: <a href=\"https:\/\/otopodyum.com.tr\/firmalar-dernekler\/audi-2-modelinin-uretimine-son-veriyor-4775h\">https:\/\/otopodyum.com.tr\/firmalar-dernekler\/audi-2-modelinin-uretimine-son-veriyor-4775h<\/a><\/p>\n","protected":false},"excerpt":{"rendered":"<p>Alman otomobil \u00fcreticisi Audi, \u00fcr\u00fcn stratejisinde \u00f6nemli bir de\u011fi\u015fikli\u011fe giderek serisinin en giri\u015f seviyesinde konumlanan iki modelinin \u00fcretimine son verme karar\u0131 ald\u0131. Marka, yeni nesil giri\u015f seviyesi ve elektrikli ara\u00e7lara odaklanacak. Audi, otomotiv sekt\u00f6r\u00fcnde ya\u015fanan b\u00fcy\u00fck d\u00f6n\u00fc\u015f\u00fcme ayak uydurmak ad\u0131na \u00f6nemli bir stratejik de\u011fi\u015fikli\u011fe gidiyor. Alman marka, en eri\u015filebilir modelleri aras\u0131nda yer alan A1 ve&#8230;<\/p>\n","protected":false},"author":2,"featured_media":7556,"comment_status":"open","ping_status":"open","sticky":false,"template":"","format":"standard","meta":{"_jetpack_memberships_contains_paid_content":false,"footnotes":""},"categories":[9],"tags":[2319,1155,2320],"class_list":["post-7555","post","type-post","status-publish","format-standard","has-post-thumbnail","hentry","category-otomobil","tag-a1","tag-audi","tag-q2"],"jetpack_featured_media_url":"https:\/\/dbsnewsmedia.com\/wp-content\/uploads\/2026\/04\/5050.jpg","jetpack_sharing_enabled":true,"_links":{"self":[{"href":"https:\/\/dbsnewsmedia.com\/index.php?rest_route=\/wp\/v2\/posts\/7555","targetHints":{"allow":["GET"]}}],"collection":[{"href":"https:\/\/dbsnewsmedia.com\/index.php?rest_route=\/wp\/v2\/posts"}],"about":[{"href":"https:\/\/dbsnewsmedia.com\/index.php?rest_route=\/wp\/v2\/types\/post"}],"author":[{"embeddable":true,"href":"https:\/\/dbsnewsmedia.com\/index.php?rest_route=\/wp\/v2\/users\/2"}],"replies":[{"embeddable":true,"href":"https:\/\/dbsnewsmedia.com\/index.php?rest_route=%2Fwp%2Fv2%2Fcomments&post=7555"}],"version-history":[{"count":1,"href":"https:\/\/dbsnewsmedia.com\/index.php?rest_route=\/wp\/v2\/posts\/7555\/revisions"}],"predecessor-version":[{"id":7557,"href":"https:\/\/dbsnewsmedia.com\/index.php?rest_route=\/wp\/v2\/posts\/7555\/revisions\/7557"}],"wp:featuredmedia":[{"embeddable":true,"href":"https:\/\/dbsnewsmedia.com\/index.php?rest_route=\/wp\/v2\/media\/7556"}],"wp:attachment":[{"href":"https:\/\/dbsnewsmedia.com\/index.php?rest_route=%2Fwp%2Fv2%2Fmedia&parent=7555"}],"wp:term":[{"taxonomy":"category","embeddable":true,"href":"https:\/\/dbsnewsmedia.com\/index.php?rest_route=%2Fwp%2Fv2%2Fcategories&post=7555"},{"taxonomy":"post_tag","embeddable":true,"href":"https:\/\/dbsnewsmedia.com\/index.php?rest_route=%2Fwp%2Fv2%2Ftags&post=7555"}],"curies":[{"name":"wp","href":"https:\/\/api.w.org\/{rel}","templated":true}]}}