{"id":7558,"date":"2026-04-28T22:28:33","date_gmt":"2026-04-28T19:28:33","guid":{"rendered":"https:\/\/dbsnewsmedia.com\/?p=7558"},"modified":"2026-04-28T22:28:33","modified_gmt":"2026-04-28T19:28:33","slug":"trabzonspor-konyaspor-deplasmanindan-maglubiyetle-ayrildi","status":"publish","type":"post","link":"https:\/\/dbsnewsmedia.com\/?p=7558","title":{"rendered":"Trabzonspor, Konyaspor deplasman\u0131ndan ma\u011flubiyetle ayr\u0131ld\u0131!"},"content":{"rendered":"\n<p><strong>Trabzonspor, S\u00fcper Lig&#8217;de Konyaspor deplasman\u0131nda 2-1 ma\u011flup olarak \u00fcst \u00fcste 3 ma\u00e7t\u0131r kazanamama serisine devam etti. Bordo-mavililer \u015fampiyonluk yar\u0131\u015f\u0131nda \u00f6nemli puan kaybetti. \u0130\u015fte detaylar..<\/strong><\/p>\n\n\n\n<p>Trabzonspor,\u00a0S\u00fcper Lig&#8217;de deplasmanda kar\u015f\u0131la\u015ft\u0131\u011f\u0131\u00a0T\u00dcMOSAN Konyaspor&#8217;a ma\u011flup olarak galibiyet hasretini 3 ma\u00e7a \u00e7\u0131kard\u0131. Bordo-mavililer, zirve yar\u0131\u015f\u0131nda kritik kay\u0131p ya\u015farken bu sezonki en uzun kazanamama serisini tekrarlad\u0131.<\/p>\n\n\n\n<p>Trabzonspor, S\u00fcper Lig&#8217;de deplasmanda kar\u015f\u0131la\u015ft\u0131\u011f\u0131 T\u00dcMOSAN Konyaspor&#8217;a 2-1 ma\u011flup olarak galibiyet hasretini 3 ma\u00e7a \u00e7\u0131kard\u0131. Bordo-mavililer, daha \u00f6nce A\u011fustos-Eyl\u00fcl 2025 d\u00f6neminde ya\u015fad\u0131\u011f\u0131 3 ma\u00e7l\u0131k kazanamama serisini yeniden tekrarlad\u0131.<\/p>\n\n\n\n<p><strong>\u00dc\u00c7 MA\u00c7TIR GAL\u0130B\u0130YET YOK<\/strong><\/p>\n\n\n\n<p>S\u00fcper Lig&#8217;de son haftalarda istedi\u011fi sonu\u00e7lar\u0131 alamayan Trabzonspor, oynad\u0131\u011f\u0131 son 3 kar\u015f\u0131la\u015fmada Corendon Alanyaspor\u00a0\u00a0ve\u00a0RAMS Ba\u015fak\u015fehir FK\u00a0ile berabere kal\u0131p, Konyaspor&#8217;a ma\u011flup oldu. Bordo-mavililer, bu s\u00fcre\u00e7te hanesine sadece 2 puan yazd\u0131r\u0131rken sezonun en uzun galibiyet hasretini bir kez daha ya\u015fam\u0131\u015f oldu.<\/p>\n\n\n\n<p><strong>KONYASPOR&#8217;A \u0130\u00c7 SAHADA \u00dcST\u00dcNL\u00dcK VERD\u0130<\/strong><\/p>\n\n\n\n<p>Trabzonspor&#8217;u sahas\u0131nda konuk etti\u011fi son iki S\u00fcper Lig ma\u00e7\u0131n\u0131 kazanan Konyaspor, Nisan 2015-Mart 2016 d\u00f6neminden bu yana ilk kez bordo-mavililere kar\u015f\u0131 \u00fcst \u00fcste 2 i\u00e7 saha galibiyeti elde etti. Bu istatistik, Trabzonspor&#8217;un Konyaspor deplasman\u0131nda son d\u00f6nemde \u00fcst\u00fcnl\u00fc\u011f\u00fc rakibine b\u0131rakt\u0131\u011f\u0131n\u0131 g\u00f6sterdi.<\/p>\n\n\n\n<p><strong>DEPLASMANDA TAR\u0130HE GE\u00c7EN GOL KATKISI<\/strong><\/p>\n\n\n\n<p>Trabzonspor&#8217;da\u00a0Felipe Augusto\u00a0ve Paul Onuachu, bu sezon deplasman performanslar\u0131yla dikkat \u00e7ekti. \u0130ki oyuncu da 10&#8217;ar golle \u00e7ift haneli deplasman gol\u00fcne ula\u015f\u0131rken, S\u00fcper Lig tarihinde Trabzonspor formas\u0131yla bir sezonda bu ba\u015far\u0131y\u0131 yakalayan ilk tak\u0131m arkada\u015flar\u0131 oldu. Bordo-mavililerin h\u00fccum g\u00fcc\u00fcne \u00f6nemli katk\u0131 sa\u011flayan ikili, buna ra\u011fmen al\u0131nan sonu\u00e7lar\u0131n \u00f6n\u00fcne ge\u00e7emedi.<\/p>\n\n\n\n<p>28.04.2026 22:28<\/p>\n\n\n\n<p>Kaynak: <a href=\"https:\/\/www.fotomac.com.tr\/trabzonspor\/2026\/04\/28\/trabzonsporda-zirve-yarisinda-kritik-kayip\">https:\/\/www.fotomac.com.tr\/trabzonspor\/2026\/04\/28\/trabzonsporda-zirve-yarisinda-kritik-kayip<\/a><\/p>\n","protected":false},"excerpt":{"rendered":"<p>Trabzonspor, S\u00fcper Lig&#8217;de Konyaspor deplasman\u0131nda 2-1 ma\u011flup olarak \u00fcst \u00fcste 3 ma\u00e7t\u0131r kazanamama serisine devam etti. Bordo-mavililer \u015fampiyonluk yar\u0131\u015f\u0131nda \u00f6nemli puan kaybetti. \u0130\u015fte detaylar.. Trabzonspor,\u00a0S\u00fcper Lig&#8217;de deplasmanda kar\u015f\u0131la\u015ft\u0131\u011f\u0131\u00a0T\u00dcMOSAN Konyaspor&#8217;a ma\u011flup olarak galibiyet hasretini 3 ma\u00e7a \u00e7\u0131kard\u0131. Bordo-mavililer, zirve yar\u0131\u015f\u0131nda kritik kay\u0131p ya\u015farken bu sezonki en uzun kazanamama serisini tekrarlad\u0131. Trabzonspor, S\u00fcper Lig&#8217;de deplasmanda kar\u015f\u0131la\u015ft\u0131\u011f\u0131 T\u00dcMOSAN&#8230;<\/p>\n","protected":false},"author":2,"featured_media":7562,"comment_status":"open","ping_status":"open","sticky":false,"template":"","format":"standard","meta":{"_jetpack_memberships_contains_paid_content":false,"footnotes":""},"categories":[8],"tags":[2106,897,96],"class_list":["post-7558","post","type-post","status-publish","format-standard","has-post-thumbnail","hentry","category-spor","tag-konyaspor","tag-trabzonspor","tag-trendyol-super-lig"],"jetpack_featured_media_url":"https:\/\/dbsnewsmedia.com\/wp-content\/uploads\/2026\/04\/633x358-trabzonsporda-zirve-yarisinda-kritik-kayip-1777378114996.jpeg","jetpack_sharing_enabled":true,"_links":{"self":[{"href":"https:\/\/dbsnewsmedia.com\/index.php?rest_route=\/wp\/v2\/posts\/7558","targetHints":{"allow":["GET"]}}],"collection":[{"href":"https:\/\/dbsnewsmedia.com\/index.php?rest_route=\/wp\/v2\/posts"}],"about":[{"href":"https:\/\/dbsnewsmedia.com\/index.php?rest_route=\/wp\/v2\/types\/post"}],"author":[{"embeddable":true,"href":"https:\/\/dbsnewsmedia.com\/index.php?rest_route=\/wp\/v2\/users\/2"}],"replies":[{"embeddable":true,"href":"https:\/\/dbsnewsmedia.com\/index.php?rest_route=%2Fwp%2Fv2%2Fcomments&post=7558"}],"version-history":[{"count":1,"href":"https:\/\/dbsnewsmedia.com\/index.php?rest_route=\/wp\/v2\/posts\/7558\/revisions"}],"predecessor-version":[{"id":7563,"href":"https:\/\/dbsnewsmedia.com\/index.php?rest_route=\/wp\/v2\/posts\/7558\/revisions\/7563"}],"wp:featuredmedia":[{"embeddable":true,"href":"https:\/\/dbsnewsmedia.com\/index.php?rest_route=\/wp\/v2\/media\/7562"}],"wp:attachment":[{"href":"https:\/\/dbsnewsmedia.com\/index.php?rest_route=%2Fwp%2Fv2%2Fmedia&parent=7558"}],"wp:term":[{"taxonomy":"category","embeddable":true,"href":"https:\/\/dbsnewsmedia.com\/index.php?rest_route=%2Fwp%2Fv2%2Fcategories&post=7558"},{"taxonomy":"post_tag","embeddable":true,"href":"https:\/\/dbsnewsmedia.com\/index.php?rest_route=%2Fwp%2Fv2%2Ftags&post=7558"}],"curies":[{"name":"wp","href":"https:\/\/api.w.org\/{rel}","templated":true}]}}