{"id":7567,"date":"2026-04-28T23:02:29","date_gmt":"2026-04-28T20:02:29","guid":{"rendered":"https:\/\/dbsnewsmedia.com\/?p=7567"},"modified":"2026-04-28T23:02:29","modified_gmt":"2026-04-28T20:02:29","slug":"edebiyat-dunyasinin-yeni-yildizlari-secildi-ayse-kulin-odulleri-sahiplerine-gitti","status":"publish","type":"post","link":"https:\/\/dbsnewsmedia.com\/?p=7567","title":{"rendered":"Edebiyat D\u00fcnyas\u0131n\u0131n Yeni Y\u0131ld\u0131zlar\u0131 Se\u00e7ildi: Ay\u015fe Kulin \u00d6d\u00fclleri Sahiplerine Gitti"},"content":{"rendered":"\n<p>28.04.2026   23:02<\/p>\n\n\n\n<p>Edebiyat d\u00fcnyas\u0131n\u0131n usta ismi Ay\u015fe Kulin ad\u0131na d\u00fczenlenen \u201cLiseler Aras\u0131 2. Ay\u015fe Kulin \u00d6yk\u00fc Yar\u0131\u015fmas\u0131\u201dn\u0131n \u00f6d\u00fcl t\u00f6reni, Ay\u015fe Kulin\u2019in kat\u0131l\u0131m\u0131yla TED \u0130stanbul Koleji\u2019nde ger\u00e7ekle\u015ftirildi.<\/p>\n\n\n\n<p>T\u00fcrk edebiyat\u0131n\u0131n usta kalemi Ay\u015fe Kulin ad\u0131na d\u00fczenlenen \u201cLiseler Aras\u0131 2. Ay\u015fe Kulin \u00d6yk\u00fc Yar\u0131\u015fmas\u0131\u201d, gen\u00e7 yazar adaylar\u0131n\u0131 bir araya getirdi. Yar\u0131\u015fman\u0131n \u00f6d\u00fcl t\u00f6reni, 27 Nisan 2026 Pazartesi g\u00fcn\u00fc, yazar\u0131n an\u0131lar\u0131n\u0131 ya\u015fatan Ay\u015fe Kulin M\u00fczesi\u2019ne ev sahipli\u011fi yapan TED \u0130stanbul Koleji\u2019nde yap\u0131ld\u0131. \u0130lkokulu TED Ankara Koleji\u2019nde okuyan Kulin, t\u00f6ren s\u0131ras\u0131nda yapt\u0131\u011f\u0131 konu\u015fmada duygular\u0131n\u0131 \u201cTekrar ana kuca\u011f\u0131ma, ilk irfan yuvama d\u00f6nd\u00fcm\u201d s\u00f6zleriyle dile getirdi.<\/p>\n\n\n\n<h3 class=\"wp-block-heading\">DEV J\u00dcR\u0130 SE\u00c7\u0130M YAPMAKTA ZORLANDI<\/h3>\n\n\n\n<p>Bu y\u0131l yar\u0131\u015fman\u0131n se\u00e7ici kurulu edebiyat d\u00fcnyas\u0131n\u0131n \u00f6nemli isimlerinden olu\u015ftu. Ayt\u00fcl Akal, Bige G\u00fcven K\u0131z\u0131lay, Baki Ayhan Asilt\u00fcrk, Can \u00d6zo\u011fuz, Mehmet Zaman Sa\u00e7l\u0131o\u011flu ve \u015eermin Ya\u015far\u2019dan olu\u015fan j\u00fcri \u00fcyeleri, \u00e7e\u015fitli okullardan \u00f6n elemeyi ge\u00e7erek gelen \u00f6zg\u00fcn \u00f6yk\u00fcler aras\u0131ndan dereceye girenleri belirlemekte olduk\u00e7a zorland\u0131klar\u0131n\u0131 ifade etti.<\/p>\n\n\n\n<h3 class=\"wp-block-heading\">\u0130\u015eTE \u00d6D\u00dcL ALAN GEN\u00c7 YAZARLAR<\/h3>\n\n\n\n<p>Yap\u0131lan de\u011ferlendirmeler sonucunda \u00f6d\u00fcl listesi \u015fu \u015fekilde olu\u015ftu:<\/p>\n\n\n\n<p>Birincilik: Elif Nisa Tanr\u0131verdi (\u015ei\u015fli Terakki Lisesi)<\/p>\n\n\n\n<p>\u0130kincilik: Ender I\u015f\u0131k Denizli (Erenk\u00f6y I\u015f\u0131k Lisesi)<\/p>\n\n\n\n<p>\u00dc\u00e7\u00fcnc\u00fcl\u00fck: Defne G\u00f6k\u00fc\u015f (Dar\u00fc\u015f\u015fafaka Lisesi)<\/p>\n\n\n\n<p>TED \u0130stanbul Koleji \u00f6\u011frencileri aras\u0131nda yap\u0131lan i\u00e7 yar\u0131\u015fmada ise Arda Timu\u00e7in birinci, Defne Su \u00dclker ikinci ve Beg\u00fcm O\u011fuz \u00fc\u00e7\u00fcnc\u00fc olma ba\u015far\u0131s\u0131n\u0131 g\u00f6sterdi.<\/p>\n\n\n\n<h3 class=\"wp-block-heading\">\u00d6YK\u00dcLER K\u0130TAPLA\u015eIYOR<\/h3>\n\n\n\n<p>T\u00f6rende gen\u00e7 yazarlar\u0131 heyecanland\u0131ran bir m\u00fcjde de payla\u015f\u0131ld\u0131. J\u00fcri, bu y\u0131l ve ge\u00e7en y\u0131l y\u00fcksek puan alan t\u00fcm \u00f6yk\u00fclerin bir kitapta toplanarak yay\u0131mlanmas\u0131na karar verdi\u011fini duyurdu. \u00d6d\u00fcl t\u00f6reninin ard\u0131ndan Ay\u015fe Kulin taraf\u0131ndan a\u00e7\u0131l\u0131\u015f kurdelesi kesilen 19. Kitap G\u00fcnleri de resmen ba\u015flad\u0131. \u00dc\u00e7 g\u00fcn s\u00fcrecek etkinlik kapsam\u0131nda bir\u00e7ok \u015fair ve yazar, s\u00f6yle\u015fi ve imza etkinlikleriyle \u00f6\u011frencilerle bulu\u015facak.<\/p>\n\n\n\n<p>Karde\u015f haber kaynak:<a href=\"https:\/\/haberatlas.tr\/2026\/04\/28\/edebiyat-dunyasinin-yeni-yildizlari-secildi-ayse-kulin-odulleri-sahiplerine-gitti\/\">https:\/\/haberatlas.tr\/2026\/04\/28\/edebiyat-dunyasinin-yeni-yildizlari-secildi-ayse-kulin-odulleri-sahiplerine-gitti\/<\/a><\/p>\n\n\n\n<p>Kaynak:&nbsp;<a href=\"https:\/\/www.cumhuriyet.com.tr\/kultur-sanat\/2-ayse-kulin-oyku-yarismasi-nda-oduller-sahiplerini-buldu-2499156\">https:\/\/www.cumhuriyet.com.tr\/kultur-sanat\/2-ayse-kulin-oyku-yarismasi-nda-oduller-sahiplerini-buldu-2499156<\/a><\/p>\n","protected":false},"excerpt":{"rendered":"<p>28.04.2026 23:02 Edebiyat d\u00fcnyas\u0131n\u0131n usta ismi Ay\u015fe Kulin ad\u0131na d\u00fczenlenen \u201cLiseler Aras\u0131 2. Ay\u015fe Kulin \u00d6yk\u00fc Yar\u0131\u015fmas\u0131\u201dn\u0131n \u00f6d\u00fcl t\u00f6reni, Ay\u015fe Kulin\u2019in kat\u0131l\u0131m\u0131yla TED \u0130stanbul Koleji\u2019nde ger\u00e7ekle\u015ftirildi. T\u00fcrk edebiyat\u0131n\u0131n usta kalemi Ay\u015fe Kulin ad\u0131na d\u00fczenlenen \u201cLiseler Aras\u0131 2. Ay\u015fe Kulin \u00d6yk\u00fc Yar\u0131\u015fmas\u0131\u201d, gen\u00e7 yazar adaylar\u0131n\u0131 bir araya getirdi. Yar\u0131\u015fman\u0131n \u00f6d\u00fcl t\u00f6reni, 27 Nisan 2026 Pazartesi g\u00fcn\u00fc,&#8230;<\/p>\n","protected":false},"author":5,"featured_media":7568,"comment_status":"open","ping_status":"open","sticky":false,"template":"","format":"standard","meta":{"_jetpack_memberships_contains_paid_content":false,"footnotes":""},"categories":[10],"tags":[2322],"class_list":["post-7567","post","type-post","status-publish","format-standard","has-post-thumbnail","hentry","category-kultur-sanat","tag-ayse-kulin"],"jetpack_featured_media_url":"https:\/\/dbsnewsmedia.com\/wp-content\/uploads\/2026\/04\/30.avif","jetpack_sharing_enabled":true,"_links":{"self":[{"href":"https:\/\/dbsnewsmedia.com\/index.php?rest_route=\/wp\/v2\/posts\/7567","targetHints":{"allow":["GET"]}}],"collection":[{"href":"https:\/\/dbsnewsmedia.com\/index.php?rest_route=\/wp\/v2\/posts"}],"about":[{"href":"https:\/\/dbsnewsmedia.com\/index.php?rest_route=\/wp\/v2\/types\/post"}],"author":[{"embeddable":true,"href":"https:\/\/dbsnewsmedia.com\/index.php?rest_route=\/wp\/v2\/users\/5"}],"replies":[{"embeddable":true,"href":"https:\/\/dbsnewsmedia.com\/index.php?rest_route=%2Fwp%2Fv2%2Fcomments&post=7567"}],"version-history":[{"count":1,"href":"https:\/\/dbsnewsmedia.com\/index.php?rest_route=\/wp\/v2\/posts\/7567\/revisions"}],"predecessor-version":[{"id":7569,"href":"https:\/\/dbsnewsmedia.com\/index.php?rest_route=\/wp\/v2\/posts\/7567\/revisions\/7569"}],"wp:featuredmedia":[{"embeddable":true,"href":"https:\/\/dbsnewsmedia.com\/index.php?rest_route=\/wp\/v2\/media\/7568"}],"wp:attachment":[{"href":"https:\/\/dbsnewsmedia.com\/index.php?rest_route=%2Fwp%2Fv2%2Fmedia&parent=7567"}],"wp:term":[{"taxonomy":"category","embeddable":true,"href":"https:\/\/dbsnewsmedia.com\/index.php?rest_route=%2Fwp%2Fv2%2Fcategories&post=7567"},{"taxonomy":"post_tag","embeddable":true,"href":"https:\/\/dbsnewsmedia.com\/index.php?rest_route=%2Fwp%2Fv2%2Ftags&post=7567"}],"curies":[{"name":"wp","href":"https:\/\/api.w.org\/{rel}","templated":true}]}}