{"id":7570,"date":"2026-04-28T23:58:27","date_gmt":"2026-04-28T20:58:27","guid":{"rendered":"https:\/\/dbsnewsmedia.com\/?p=7570"},"modified":"2026-04-28T23:58:27","modified_gmt":"2026-04-28T20:58:27","slug":"galatasarayda-samsunspor-maci-hazirliklari-basladi","status":"publish","type":"post","link":"https:\/\/dbsnewsmedia.com\/?p=7570","title":{"rendered":"Galatasaray&#8217;da Samsunspor ma\u00e7\u0131 haz\u0131rl\u0131klar\u0131 ba\u015flad\u0131!"},"content":{"rendered":"\n<p><strong>Galatasaray Futbol Tak\u0131m\u0131, Trendyol S\u00fcper Lig&#8217;in 32. haftas\u0131nda 2 May\u0131s Cumartesi g\u00fcn\u00fc deplasmanda Samsunspor ile yapaca\u011f\u0131 ma\u00e7\u0131n haz\u0131rl\u0131klar\u0131na ba\u015flad\u0131.<\/strong><\/p>\n\n\n\n<p><a href=\"https:\/\/www.aspor.com.tr\/haberleri\/super-lig\" target=\"_blank\" rel=\"noreferrer noopener\">S\u00fcper Lig<\/a>&#8216;in 31. haftas\u0131nda pazar g\u00fcn\u00fc sahas\u0131nda\u00a0<a href=\"https:\/\/www.aspor.com.tr\/haberleri\/fenerbahce\" target=\"_blank\" rel=\"noreferrer noopener\">Fenerbah\u00e7e<\/a>&#8216;yi 3-0 yenerek \u015fampiyonluk yolunda \u00e7ok b\u00fcy\u00fck avantaj yakalayan sar\u0131-k\u0131rm\u0131z\u0131l\u0131 futbolcular, d\u00fcn\u00fc izinli ge\u00e7irdi.<\/p>\n\n\n\n<p>Kul\u00fcb\u00fcn a\u00e7\u0131klamas\u0131na g\u00f6re bir g\u00fcnl\u00fck iznin ard\u0131ndan ger\u00e7ekle\u015ftirilen antrenmana&nbsp;<a href=\"https:\/\/www.aspor.com.tr\/haberleri\/kemerburgaz-metin-oktay-tesisleri\" target=\"_blank\" rel=\"noreferrer noopener\">Kemerburgaz Metin Oktay Tesisleri<\/a>&nbsp;ev sahipli\u011fi yapt\u0131. Dinamik \u0131s\u0131nmayla ba\u015flayan idman, iki grup halinde 8&#8217;e 2 pas \u00e7al\u0131\u015fmas\u0131yla devam etti. Antrenman, topa sahip olma \u00e7al\u0131\u015fmas\u0131n\u0131n ard\u0131ndan \u00e7ift kale ma\u00e7la sona erdi.<\/p>\n\n\n\n<p><a href=\"https:\/\/www.aspor.com.tr\/haberleri\/galatasaray\" target=\"_blank\" rel=\"noreferrer noopener\">Galatasaray<\/a>,\u00a0<a href=\"https:\/\/www.aspor.com.tr\/haberleri\/samsunspor\" target=\"_blank\" rel=\"noreferrer noopener\">Samsunspor<\/a>\u00a0m\u00fccadelesi haz\u0131rl\u0131klar\u0131na yar\u0131n saat 20.00&#8217;de\u00a0<a href=\"https:\/\/www.aspor.com.tr\/haberleri\/rams-park\" target=\"_blank\" rel=\"noreferrer noopener\">RAMS Park<\/a>&#8216;ta taraftara a\u00e7\u0131k antrenmanla s\u00fcrd\u00fcrecek.<\/p>\n\n\n\n<p>28.04.2026 23:58<\/p>\n\n\n\n<p>Kaynak: <a href=\"https:\/\/www.aspor.com.tr\/galatasaray\/2026\/04\/28\/galatasaray-samsunspor-maci-hazirliklarina-basladi\">https:\/\/www.aspor.com.tr\/galatasaray\/2026\/04\/28\/galatasaray-samsunspor-maci-hazirliklarina-basladi<\/a><\/p>\n\n\n\n<p><strong><a href=\"https:\/\/www.aspor.com.tr\/galatasaray\"><\/a><\/strong><a href=\"https:\/\/www.aspor.com.tr\/galatasaray\/2026\/04\/28\/galatasaray-samsunspor-maci-hazirliklarina-basladi\">.<\/a><\/p>\n","protected":false},"excerpt":{"rendered":"<p>Galatasaray Futbol Tak\u0131m\u0131, Trendyol S\u00fcper Lig&#8217;in 32. haftas\u0131nda 2 May\u0131s Cumartesi g\u00fcn\u00fc deplasmanda Samsunspor ile yapaca\u011f\u0131 ma\u00e7\u0131n haz\u0131rl\u0131klar\u0131na ba\u015flad\u0131. S\u00fcper Lig&#8216;in 31. haftas\u0131nda pazar g\u00fcn\u00fc sahas\u0131nda\u00a0Fenerbah\u00e7e&#8216;yi 3-0 yenerek \u015fampiyonluk yolunda \u00e7ok b\u00fcy\u00fck avantaj yakalayan sar\u0131-k\u0131rm\u0131z\u0131l\u0131 futbolcular, d\u00fcn\u00fc izinli ge\u00e7irdi. Kul\u00fcb\u00fcn a\u00e7\u0131klamas\u0131na g\u00f6re bir g\u00fcnl\u00fck iznin ard\u0131ndan ger\u00e7ekle\u015ftirilen antrenmana&nbsp;Kemerburgaz Metin Oktay Tesisleri&nbsp;ev sahipli\u011fi yapt\u0131. Dinamik \u0131s\u0131nmayla&#8230;<\/p>\n","protected":false},"author":2,"featured_media":7571,"comment_status":"open","ping_status":"open","sticky":false,"template":"","format":"standard","meta":{"_jetpack_memberships_contains_paid_content":false,"footnotes":""},"categories":[8],"tags":[88,385,96],"class_list":["post-7570","post","type-post","status-publish","format-standard","has-post-thumbnail","hentry","category-spor","tag-galatasaray","tag-samsunspor","tag-trendyol-super-lig"],"jetpack_featured_media_url":"https:\/\/dbsnewsmedia.com\/wp-content\/uploads\/2026\/04\/836x530-galatasaray-samsunspor-maci-hazirliklarina-basladi-1777400224233.jpeg","jetpack_sharing_enabled":true,"_links":{"self":[{"href":"https:\/\/dbsnewsmedia.com\/index.php?rest_route=\/wp\/v2\/posts\/7570","targetHints":{"allow":["GET"]}}],"collection":[{"href":"https:\/\/dbsnewsmedia.com\/index.php?rest_route=\/wp\/v2\/posts"}],"about":[{"href":"https:\/\/dbsnewsmedia.com\/index.php?rest_route=\/wp\/v2\/types\/post"}],"author":[{"embeddable":true,"href":"https:\/\/dbsnewsmedia.com\/index.php?rest_route=\/wp\/v2\/users\/2"}],"replies":[{"embeddable":true,"href":"https:\/\/dbsnewsmedia.com\/index.php?rest_route=%2Fwp%2Fv2%2Fcomments&post=7570"}],"version-history":[{"count":1,"href":"https:\/\/dbsnewsmedia.com\/index.php?rest_route=\/wp\/v2\/posts\/7570\/revisions"}],"predecessor-version":[{"id":7572,"href":"https:\/\/dbsnewsmedia.com\/index.php?rest_route=\/wp\/v2\/posts\/7570\/revisions\/7572"}],"wp:featuredmedia":[{"embeddable":true,"href":"https:\/\/dbsnewsmedia.com\/index.php?rest_route=\/wp\/v2\/media\/7571"}],"wp:attachment":[{"href":"https:\/\/dbsnewsmedia.com\/index.php?rest_route=%2Fwp%2Fv2%2Fmedia&parent=7570"}],"wp:term":[{"taxonomy":"category","embeddable":true,"href":"https:\/\/dbsnewsmedia.com\/index.php?rest_route=%2Fwp%2Fv2%2Fcategories&post=7570"},{"taxonomy":"post_tag","embeddable":true,"href":"https:\/\/dbsnewsmedia.com\/index.php?rest_route=%2Fwp%2Fv2%2Ftags&post=7570"}],"curies":[{"name":"wp","href":"https:\/\/api.w.org\/{rel}","templated":true}]}}