{"id":7573,"date":"2026-04-29T13:41:19","date_gmt":"2026-04-29T10:41:19","guid":{"rendered":"https:\/\/dbsnewsmedia.com\/?p=7573"},"modified":"2026-04-29T13:41:19","modified_gmt":"2026-04-29T10:41:19","slug":"dunyanin-en-kucuk-6-bagimsiz-devleti-sinirlari-sadece-birkac-adimla-olculuyor","status":"publish","type":"post","link":"https:\/\/dbsnewsmedia.com\/?p=7573","title":{"rendered":"D\u00fcnyan\u0131n En K\u00fc\u00e7\u00fck 6 Ba\u011f\u0131ms\u0131z Devleti: S\u0131n\u0131rlar\u0131 Sadece Birka\u00e7 Ad\u0131mla \u00d6l\u00e7\u00fcl\u00fcyor"},"content":{"rendered":"\n<p>D\u00fcnya devasa bir yer olsa da, baz\u0131 \u00fclkeleri ke\u015ffetmek bir \u00f6m\u00fcr de\u011fil, sadece bir g\u00fcn s\u00fcr\u00fcyor. Kula\u011fa inan\u0131lmaz gelse de s\u0131n\u0131rlar\u0131 ad\u0131mlarla \u00f6l\u00e7\u00fclen bu mikro devletler; \u015fa\u015f\u0131rt\u0131c\u0131 hik\u00e2yeleri ve minyat\u00fcr d\u00fcnyalar\u0131yla dikkat \u00e7ekiyor.<\/p>\n\n\n\n<p>D\u00fcnyada y\u00fcz\u00f6l\u00e7\u00fcm\u00fc bak\u0131m\u0131ndan devasa co\u011frafyalara sahip \u00fclkeler kadar, bir \u015fehir hatta bir kasaba b\u00fcy\u00fckl\u00fc\u011f\u00fcnde olan devletler de bulunuyor. K\u00fc\u00e7\u00fck y\u00fcz\u00f6l\u00e7\u00fcmlerine ra\u011fmen tarih, k\u00fclt\u00fcr ve do\u011fal g\u00fczellikleriyle \u00f6ne \u00e7\u0131kan bu \u00fclkeler, k\u0131sa s\u00fcrede ke\u015ffedilebilecek destinasyonlar aras\u0131nda yer al\u0131yor. \u0130\u015fte bir g\u00fcn i\u00e7inde gezilebilecek kadar k\u00fc\u00e7\u00fck olan \u00fclkeler&#8230;<\/p>\n\n\n\n<figure class=\"wp-block-image size-large\"><img loading=\"lazy\" decoding=\"async\" width=\"1024\" height=\"576\" src=\"https:\/\/dbsnewsmedia.com\/wp-content\/uploads\/2026\/04\/yeni-proje-6png-E3iS_azD1kWHDkvGyCElCQ.png-1024x576.webp\" alt=\"\" class=\"wp-image-7575\" srcset=\"https:\/\/dbsnewsmedia.com\/wp-content\/uploads\/2026\/04\/yeni-proje-6png-E3iS_azD1kWHDkvGyCElCQ.png-1024x576.webp 1024w, https:\/\/dbsnewsmedia.com\/wp-content\/uploads\/2026\/04\/yeni-proje-6png-E3iS_azD1kWHDkvGyCElCQ.png-300x169.webp 300w, https:\/\/dbsnewsmedia.com\/wp-content\/uploads\/2026\/04\/yeni-proje-6png-E3iS_azD1kWHDkvGyCElCQ.png-768x432.webp 768w, https:\/\/dbsnewsmedia.com\/wp-content\/uploads\/2026\/04\/yeni-proje-6png-E3iS_azD1kWHDkvGyCElCQ.png.webp 1200w\" sizes=\"auto, (max-width: 1024px) 100vw, 1024px\" \/><\/figure>\n\n\n\n<p><strong>Avrupa&#8217;n\u0131n Kalbindeki Jeopolitik \u0130stisna: \u0130svi\u00e7re ve Avusturya Aras\u0131ndaki Prenslik Liechtenstein<\/strong><\/p>\n\n\n\n<p>Yakla\u015f\u0131k 160 kilometrekarelik y\u00fcz\u00f6l\u00e7\u00fcm\u00fcne sahip Liechtenstein, listedeki en b\u00fcy\u00fck \u00fclke olmas\u0131na ra\u011fmen Avrupa\u2019n\u0131n en k\u00fc\u00e7\u00fck devletlerinden biri olarak kabul ediliyor. \u0130svi\u00e7re ile Avusturya aras\u0131nda konumlanan \u00fclke, Alpler\u2019in etkileyici manzaralar\u0131yla do\u011fa tutkunlar\u0131n\u0131n ilgisini \u00e7ekiyor.<\/p>\n\n\n\n<figure class=\"wp-block-image size-large\"><img loading=\"lazy\" decoding=\"async\" width=\"1024\" height=\"576\" src=\"https:\/\/dbsnewsmedia.com\/wp-content\/uploads\/2026\/04\/yeni-proje-7png-lgC9cnedqkS2af2QFyUQ-A.png-1024x576.webp\" alt=\"\" class=\"wp-image-7576\" srcset=\"https:\/\/dbsnewsmedia.com\/wp-content\/uploads\/2026\/04\/yeni-proje-7png-lgC9cnedqkS2af2QFyUQ-A.png-1024x576.webp 1024w, https:\/\/dbsnewsmedia.com\/wp-content\/uploads\/2026\/04\/yeni-proje-7png-lgC9cnedqkS2af2QFyUQ-A.png-300x169.webp 300w, https:\/\/dbsnewsmedia.com\/wp-content\/uploads\/2026\/04\/yeni-proje-7png-lgC9cnedqkS2af2QFyUQ-A.png-768x432.webp 768w, https:\/\/dbsnewsmedia.com\/wp-content\/uploads\/2026\/04\/yeni-proje-7png-lgC9cnedqkS2af2QFyUQ-A.png.webp 1200w\" sizes=\"auto, (max-width: 1024px) 100vw, 1024px\" \/><\/figure>\n\n\n\n<p><strong>Tarihe ve S\u0131n\u0131rlara Meydan Okuyan Ba\u011f\u0131ms\u0131zl\u0131k: D\u00fcnyan\u0131n En Eski Cumhuriyeti San Marino<\/strong><\/p>\n\n\n\n<p>Yakla\u015f\u0131k 61 kilometrekare b\u00fcy\u00fckl\u00fc\u011f\u00fcndeki San Marino, tarih boyunca ba\u011f\u0131ms\u0131zl\u0131\u011f\u0131n\u0131 korumay\u0131 ba\u015faran \u00fclkelerden biri olarak biliniyor. 4. y\u00fczy\u0131la kadar uzanan ge\u00e7mi\u015fiyle d\u00fcnyan\u0131n en eski cumhuriyetlerinden biri kabul edilen \u00fclke, tarihi yap\u0131lar\u0131 ve dar sokaklar\u0131yla dikkat \u00e7ekiyor.<\/p>\n\n\n\n<figure class=\"wp-block-image size-large\"><img loading=\"lazy\" decoding=\"async\" width=\"1024\" height=\"576\" src=\"https:\/\/dbsnewsmedia.com\/wp-content\/uploads\/2026\/04\/yeni-proje-2png-5p1-crt0U06Z3YsTwKmQ_w.png-1024x576.webp\" alt=\"\" class=\"wp-image-7577\" srcset=\"https:\/\/dbsnewsmedia.com\/wp-content\/uploads\/2026\/04\/yeni-proje-2png-5p1-crt0U06Z3YsTwKmQ_w.png-1024x576.webp 1024w, https:\/\/dbsnewsmedia.com\/wp-content\/uploads\/2026\/04\/yeni-proje-2png-5p1-crt0U06Z3YsTwKmQ_w.png-300x169.webp 300w, https:\/\/dbsnewsmedia.com\/wp-content\/uploads\/2026\/04\/yeni-proje-2png-5p1-crt0U06Z3YsTwKmQ_w.png-768x432.webp 768w, https:\/\/dbsnewsmedia.com\/wp-content\/uploads\/2026\/04\/yeni-proje-2png-5p1-crt0U06Z3YsTwKmQ_w.png.webp 1200w\" sizes=\"auto, (max-width: 1024px) 100vw, 1024px\" \/><\/figure>\n\n\n\n<p><strong>D\u00fcnyan\u0131n En \u0130zole Ba\u011f\u0131ms\u0131z \u00dclkelerinden Biri: Pasifik&#8217;in 9 Adal\u0131k Devleti Tuvalu<\/strong><\/p>\n\n\n\n<p>Pasifik Okyanusu\u2019nda yer alan Tuvalu, toplamda dokuz adadan olu\u015fuyor. Yakla\u015f\u0131k 26 kilometrekarelik alana yay\u0131lan \u00fclke, sakin ya\u015fam tarz\u0131 ve tropikal atmosferiyle \u00f6ne \u00e7\u0131k\u0131yor. Fiji\u2019nin kuzeyinde bulunan Tuvalu, d\u00fcnyan\u0131n en izole \u00fclkeleri aras\u0131nda g\u00f6steriliyor.<\/p>\n\n\n\n<figure class=\"wp-block-image size-large\"><img loading=\"lazy\" decoding=\"async\" width=\"1024\" height=\"576\" src=\"https:\/\/dbsnewsmedia.com\/wp-content\/uploads\/2026\/04\/yeni-proje-5png-BdX7-w51f0_GMQOONp9isA.png-1024x576.webp\" alt=\"\" class=\"wp-image-7578\" srcset=\"https:\/\/dbsnewsmedia.com\/wp-content\/uploads\/2026\/04\/yeni-proje-5png-BdX7-w51f0_GMQOONp9isA.png-1024x576.webp 1024w, https:\/\/dbsnewsmedia.com\/wp-content\/uploads\/2026\/04\/yeni-proje-5png-BdX7-w51f0_GMQOONp9isA.png-300x169.webp 300w, https:\/\/dbsnewsmedia.com\/wp-content\/uploads\/2026\/04\/yeni-proje-5png-BdX7-w51f0_GMQOONp9isA.png-768x432.webp 768w, https:\/\/dbsnewsmedia.com\/wp-content\/uploads\/2026\/04\/yeni-proje-5png-BdX7-w51f0_GMQOONp9isA.png.webp 1200w\" sizes=\"auto, (max-width: 1024px) 100vw, 1024px\" \/><\/figure>\n\n\n\n<p><strong>K\u00fcresel Diplomasinin Ba\u015fkentsiz Temsilcisi: Nauru&#8217;nun \u0130lgin\u00e7 Devlet Yap\u0131s\u0131<\/strong><\/p>\n\n\n\n<p>Yakla\u015f\u0131k 22 kilometrekarelik y\u00fcz\u00f6l\u00e7\u00fcm\u00fcne sahip Nauru, d\u00fcnyan\u0131n en k\u00fc\u00e7\u00fck \u00fclkeleri aras\u0131nda \u00fc\u00e7\u00fcnc\u00fc s\u0131rada bulunuyor. \u0130lgin\u00e7 \u00f6zelliklerinden biri ise resmi bir ba\u015fkentinin olmamas\u0131. Ada \u00fclkesi, k\u00fc\u00e7\u00fck y\u00fcz\u00f6l\u00e7\u00fcm\u00fcne ra\u011fmen ba\u011f\u0131ms\u0131z bir devlet olarak varl\u0131\u011f\u0131n\u0131 s\u00fcrd\u00fcr\u00fcyor.<\/p>\n\n\n\n<figure class=\"wp-block-image size-large\"><img loading=\"lazy\" decoding=\"async\" width=\"1024\" height=\"576\" src=\"https:\/\/dbsnewsmedia.com\/wp-content\/uploads\/2026\/04\/yeni-proje-4png-Kl5oxJUJ6Umy89Jw6uIPsA.png-1024x576.webp\" alt=\"\" class=\"wp-image-7579\" srcset=\"https:\/\/dbsnewsmedia.com\/wp-content\/uploads\/2026\/04\/yeni-proje-4png-Kl5oxJUJ6Umy89Jw6uIPsA.png-1024x576.webp 1024w, https:\/\/dbsnewsmedia.com\/wp-content\/uploads\/2026\/04\/yeni-proje-4png-Kl5oxJUJ6Umy89Jw6uIPsA.png-300x169.webp 300w, https:\/\/dbsnewsmedia.com\/wp-content\/uploads\/2026\/04\/yeni-proje-4png-Kl5oxJUJ6Umy89Jw6uIPsA.png-768x432.webp 768w, https:\/\/dbsnewsmedia.com\/wp-content\/uploads\/2026\/04\/yeni-proje-4png-Kl5oxJUJ6Umy89Jw6uIPsA.png.webp 1200w\" sizes=\"auto, (max-width: 1024px) 100vw, 1024px\" \/><\/figure>\n\n\n\n<p><strong>Avrupa Finans ve L\u00fcks\u00fcn\u00fcn Mikro Merkezi: \u0130ki Kilometrekarelik \u0130hti\u015fam Monako<\/strong><\/p>\n\n\n\n<p>Sadece 2 kilometrekareyi biraz a\u015fan y\u00fcz\u00f6l\u00e7\u00fcm\u00fcne sahip Monako, l\u00fcks ya\u015fam tarz\u0131, yat limanlar\u0131 ve prestijli etkinlikleriyle tan\u0131n\u0131yor. Fransa ile \u00e7evrili olan \u00fclke, Akdeniz k\u0131y\u0131s\u0131ndaki konumuyla turistlerin ilgisini \u00e7ekiyor.<\/p>\n\n\n\n<figure class=\"wp-block-image size-large\"><img loading=\"lazy\" decoding=\"async\" width=\"1024\" height=\"576\" src=\"https:\/\/dbsnewsmedia.com\/wp-content\/uploads\/2026\/04\/yeni-proje-3png-Wufn6Oo5DUuGir9nnF8evQ.png-1024x576.webp\" alt=\"\" class=\"wp-image-7580\" srcset=\"https:\/\/dbsnewsmedia.com\/wp-content\/uploads\/2026\/04\/yeni-proje-3png-Wufn6Oo5DUuGir9nnF8evQ.png-1024x576.webp 1024w, https:\/\/dbsnewsmedia.com\/wp-content\/uploads\/2026\/04\/yeni-proje-3png-Wufn6Oo5DUuGir9nnF8evQ.png-300x169.webp 300w, https:\/\/dbsnewsmedia.com\/wp-content\/uploads\/2026\/04\/yeni-proje-3png-Wufn6Oo5DUuGir9nnF8evQ.png-768x432.webp 768w, https:\/\/dbsnewsmedia.com\/wp-content\/uploads\/2026\/04\/yeni-proje-3png-Wufn6Oo5DUuGir9nnF8evQ.png.webp 1200w\" sizes=\"auto, (max-width: 1024px) 100vw, 1024px\" \/><\/figure>\n\n\n\n<p><strong>Milyarlarca \u0130nsan\u0131n Dini Merkezi, D\u00fcnyan\u0131n En K\u00fc\u00e7\u00fck \u00dclkesi: Yar\u0131m Kilometrekarelik Vatikan<\/strong><\/p>\n\n\n\n<p>Yakla\u015f\u0131k 0,49 kilometrekarelik alan\u0131yla Vatikan, d\u00fcnyan\u0131n en k\u00fc\u00e7\u00fck ba\u011f\u0131ms\u0131z devleti unvan\u0131n\u0131 ta\u015f\u0131yor. Roma\u2019n\u0131n i\u00e7inde yer alan \u00fclke, Katolik d\u00fcnyas\u0131n\u0131n merkezi olarak kabul ediliyor ve her y\u0131l milyonlarca ziyaret\u00e7iyi a\u011f\u0131rl\u0131yor.<\/p>\n\n\n\n<p>K\u00fc\u00e7\u00fck y\u00fcz\u00f6l\u00e7\u00fcmlerine ra\u011fmen tarih, k\u00fclt\u00fcr ve co\u011frafi \u00f6zellikleriyle \u00f6ne \u00e7\u0131kan bu \u00fclkeler, k\u0131sa s\u00fcrede ke\u015ffedilebilecek destinasyonlar aras\u0131nda bulunuyor. \u00d6zellikle Avrupa\u2019daki mikro devletler, bir g\u00fcnl\u00fck gezi planlar\u0131 i\u00e7in ideal se\u00e7enekler sunuyor.<\/p>\n\n\n\n<p>29.04.2026,13.40<\/p>\n\n\n\n<p>Kaynak:<a href=\"https:\/\/www.sozcu.com.tr\/dunyanin-en-kucuk-6-ulkesi-sinirlari-sadece-birkac-adimla-olculuyor-p315278\">https:\/\/www.sozcu.com.tr\/dunyanin-en-kucuk-6-ulkesi-sinirlari-sadece-birkac-adimla-olculuyor-p315278<\/a><\/p>\n\n\n\n<p>Edit\u00f6r\u00fcn Notu: S\u00f6zc\u00fc Gazetesi\u2019nde yay\u0131mlanan bu haber, \u00f6z\u00fcne sad\u0131k kal\u0131narak yeniden d\u00fczenlenmi\u015ftir.<br><br><\/p>\n","protected":false},"excerpt":{"rendered":"<p>&#8220;D\u00fcnya haritas\u0131nda bulmas\u0131 zor, ancak k\u00fcresel sahnede ba\u011f\u0131ms\u0131z birer devlet olan mikro \u00fclkeler, ilgin\u00e7 co\u011frafi ve siyasi \u00f6zellikleriyle dikkat \u00e7ekiyor. S\u0131n\u0131rlar\u0131 sadece birka\u00e7 ad\u0131mla \u00f6l\u00e7\u00fclebilen ve Vatikan&#8217;dan Nauru&#8217;ya kadar uzanan d\u00fcnyan\u0131n en k\u00fc\u00e7\u00fck 6 \u00fclkesi, ba\u011f\u0131ms\u0131z stat\u00fcleriyle uluslararas\u0131 arenan\u0131n en s\u0131ra d\u0131\u015f\u0131 akt\u00f6rleri aras\u0131nda yer al\u0131yor.&#8221;<\/p>\n","protected":false},"author":3,"featured_media":7574,"comment_status":"open","ping_status":"open","sticky":false,"template":"","format":"standard","meta":{"_jetpack_memberships_contains_paid_content":false,"footnotes":""},"categories":[3],"tags":[2323],"class_list":["post-7573","post","type-post","status-publish","format-standard","has-post-thumbnail","hentry","category-dunya","tag-dunyagundemi-kureselcografya-mikrodevletler-dishaberler-vatikan-monako-liechtenstein-sanmarino-nauru-tuvalu"],"jetpack_featured_media_url":"https:\/\/dbsnewsmedia.com\/wp-content\/uploads\/2026\/04\/yeni-proje-1png-FNMKWYvmAUWQU3hnsQQpnQ.png.webp","jetpack_sharing_enabled":true,"_links":{"self":[{"href":"https:\/\/dbsnewsmedia.com\/index.php?rest_route=\/wp\/v2\/posts\/7573","targetHints":{"allow":["GET"]}}],"collection":[{"href":"https:\/\/dbsnewsmedia.com\/index.php?rest_route=\/wp\/v2\/posts"}],"about":[{"href":"https:\/\/dbsnewsmedia.com\/index.php?rest_route=\/wp\/v2\/types\/post"}],"author":[{"embeddable":true,"href":"https:\/\/dbsnewsmedia.com\/index.php?rest_route=\/wp\/v2\/users\/3"}],"replies":[{"embeddable":true,"href":"https:\/\/dbsnewsmedia.com\/index.php?rest_route=%2Fwp%2Fv2%2Fcomments&post=7573"}],"version-history":[{"count":1,"href":"https:\/\/dbsnewsmedia.com\/index.php?rest_route=\/wp\/v2\/posts\/7573\/revisions"}],"predecessor-version":[{"id":7581,"href":"https:\/\/dbsnewsmedia.com\/index.php?rest_route=\/wp\/v2\/posts\/7573\/revisions\/7581"}],"wp:featuredmedia":[{"embeddable":true,"href":"https:\/\/dbsnewsmedia.com\/index.php?rest_route=\/wp\/v2\/media\/7574"}],"wp:attachment":[{"href":"https:\/\/dbsnewsmedia.com\/index.php?rest_route=%2Fwp%2Fv2%2Fmedia&parent=7573"}],"wp:term":[{"taxonomy":"category","embeddable":true,"href":"https:\/\/dbsnewsmedia.com\/index.php?rest_route=%2Fwp%2Fv2%2Fcategories&post=7573"},{"taxonomy":"post_tag","embeddable":true,"href":"https:\/\/dbsnewsmedia.com\/index.php?rest_route=%2Fwp%2Fv2%2Ftags&post=7573"}],"curies":[{"name":"wp","href":"https:\/\/api.w.org\/{rel}","templated":true}]}}