{"id":7582,"date":"2026-04-29T13:52:58","date_gmt":"2026-04-29T10:52:58","guid":{"rendered":"https:\/\/dbsnewsmedia.com\/?p=7582"},"modified":"2026-04-29T13:52:58","modified_gmt":"2026-04-29T10:52:58","slug":"teknoloji-dunyasini-sarsan-mahkeme-elon-musk-ben-kurdum-dedigi-openaii-geri-istiyor","status":"publish","type":"post","link":"https:\/\/dbsnewsmedia.com\/?p=7582","title":{"rendered":"Teknoloji D\u00fcnyas\u0131n\u0131 Sarsan Mahkeme: Elon Musk &#8216;Ben Kurdum&#8217; Dedi\u011fi OpenAI&#8217;\u0131 Geri \u0130stiyor"},"content":{"rendered":"\n<p>Elon Musk, OpenAI\u2019\u0131n kurulu\u015f misyonundan sapt\u0131\u011f\u0131n\u0131 savunarak 150 milyar dolarl\u0131k tazminat talep etti; \u015firket ise Musk\u2019\u0131 g\u00fc\u00e7 ve kontrol aray\u0131\u015f\u0131yla hareket etmekle su\u00e7lad\u0131. Dava, \u015firketin y\u00f6netimi ve olas\u0131 halka arz planlar\u0131 \u00fczerinde belirleyici olabilir.<\/p>\n\n\n\n<p>ABD\u2019nin Kaliforniya eyaletinde g\u00f6r\u00fclen davada, Elon Musk ile Sam Altman ilk kez ayn\u0131 mahkeme salonunda kar\u015f\u0131 kar\u015f\u0131ya geldi. Musk\u2019\u0131n a\u00e7t\u0131\u011f\u0131 dava, OpenAI\u2019\u0131n yakla\u015f\u0131k on y\u0131ll\u0131k d\u00f6n\u00fc\u015f\u00fcm\u00fcn\u00fc ve bu d\u00f6n\u00fc\u015f\u00fcm\u00fcn kamu yarar\u0131 ile ticari \u00e7\u0131karlar aras\u0131ndaki dengeyi nas\u0131l etkiledi\u011fini tart\u0131\u015fmaya a\u00e7t\u0131.<\/p>\n\n\n\n<p>Musk, davay\u0131 yaln\u0131zca ki\u015fisel bir anla\u015fmazl\u0131k olarak de\u011fil, ABD\u2019deki hay\u0131r kurumu sistemini ilgilendiren daha geni\u015f bir mesele olarak \u00e7er\u00e7eveledi. Mahkemede verdi\u011fi ifadede, \u201cBir hay\u0131r kurumunun ya\u011fmalanmas\u0131n\u0131 normalle\u015ftirirsek, ba\u011f\u0131\u015f sisteminin temeli sars\u0131l\u0131r\u201d dedi.<\/p>\n\n\n\n<p>Reuters&#8217;\u0131n aktard\u0131\u011f\u0131na g\u00f6re \u00fcnl\u00fc giri\u015fimci, OpenAI\u2019nin fikrinin kendisine ait oldu\u011funu savunarak kurulu\u015f s\u00fcrecindeki rol\u00fcn\u00fc detayland\u0131rd\u0131: \u201c\u0130smi buldum, kilit isimleri ben toplad\u0131m, ilk finansman\u0131 sa\u011flad\u0131m. Bunu \u00f6zellikle kar amac\u0131 g\u00fctmeyen bir yap\u0131 olarak kurduk.\u201d Musk, \u015firketin ba\u015flang\u0131\u00e7ta insanl\u0131k yarar\u0131na yapay zeka geli\u015ftirmeyi hedefleyen bir model \u00fczerine in\u015fa edildi\u011fini belirtti.<\/p>\n\n\n\n<p>Musk\u2019\u0131n avukat\u0131 Steven Molo, m\u00fcvekkilinin yapay zekan\u0131n riskleri konusunda uzun s\u00fcredir endi\u015fe duydu\u011funu ve bu nedenle 2015\u2019te d\u00f6nemin ABD Ba\u015fkan\u0131 Barack Obama ile g\u00f6r\u00fc\u015ft\u00fc\u011f\u00fcn\u00fc aktard\u0131. Ayn\u0131 d\u00f6nemde Google\u2019\u0131n yapay zeka alan\u0131ndaki h\u0131zl\u0131 ilerlemesinin Musk ve Altman\u2019\u0131 alternatif bir yap\u0131 kurmaya y\u00f6neltti\u011fi ifade edildi<\/p>\n\n\n\n<p><strong>Silikon Vadisi&#8217;nin Kar Odakl\u0131 D\u00f6n\u00fc\u015f\u00fcm\u00fc: Microsoft&#8217;un 10 Milyar Dolarl\u0131k Yat\u0131r\u0131m\u0131 Daval\u0131k Oldu<\/strong><\/p>\n\n\n\n<p>Ancak Musk\u2019a g\u00f6re OpenAI, zamanla bu ilkelerden uzakla\u015ft\u0131. \u00d6zellikle Microsoft\u2019un 2023\u2019te yapt\u0131\u011f\u0131 10 milyar dolarl\u0131k yat\u0131r\u0131m sonras\u0131nda \u015firketin kar odakl\u0131 bir yap\u0131ya kayd\u0131\u011f\u0131n\u0131 \u00f6ne s\u00fcren Musk, bu d\u00f6n\u00fc\u015f\u00fcm\u00fc \u201chay\u0131r kurumunun ticari \u00e7\u0131karlar i\u00e7in kullan\u0131lmas\u0131\u201d olarak nitelendirdi. Dava kapsam\u0131nda Musk, OpenAI ve Microsoft\u2019tan 150 milyar dolarl\u0131k tazminat talep ediyor; bu tutar\u0131n \u015firketin hay\u0131r koluna aktar\u0131lmas\u0131n\u0131 istiyor.<\/p>\n\n\n\n<p>Musk ayr\u0131ca \u015firketin yeniden tamamen kar amac\u0131 g\u00fctmeyen bir yap\u0131ya d\u00f6nmesini ve Altman ile Ba\u015fkan Greg Brockman\u2019\u0131n g\u00f6revden al\u0131nmas\u0131n\u0131 talep ediyor.<\/p>\n\n\n\n<p>OpenAI taraf\u0131 ise bu iddialar\u0131 reddediyor. \u015eirketin avukat\u0131 William Savitt, OpenAI\u2019nin hi\u00e7bir zaman tamamen kar amac\u0131 g\u00fctmeyen bir yap\u0131 olarak kalaca\u011f\u0131na dair bir taahh\u00fctte bulunmad\u0131\u011f\u0131n\u0131 savundu. Savitt\u2019e g\u00f6re Musk, \u015firketin b\u00fcy\u00fck \u00f6l\u00e7ekli yat\u0131r\u0131m planlar\u0131ndan y\u0131llar \u00f6ncesinde haberdard\u0131 ve hatta bu s\u00fcreci destekliyordu.<\/p>\n\n\n\n<p>Savitt, Musk\u2019\u0131n motivasyonunu da sorgulayarak, davan\u0131n esas nedeninin kontrol kayb\u0131 oldu\u011funu \u00f6ne s\u00fcrd\u00fc: \u201cBu dava, Musk istedi\u011fini elde edemedi\u011fi i\u00e7in a\u00e7\u0131ld\u0131.\u201d OpenAI cephesi ayr\u0131ca Musk\u2019\u0131n 2023\u2019te kendi yapay zeka \u015firketi xAI\u2019yi kurmas\u0131n\u0131n ard\u0131ndan hukuki s\u00fcreci ba\u015flatmas\u0131na dikkat \u00e7ekiyor.<\/p>\n\n\n\n<p>Dava, OpenAI\u2019nin 2019\u2019da kar ama\u00e7l\u0131 bir yap\u0131 olu\u015fturmas\u0131n\u0131n gereklili\u011fi tart\u0131\u015fmas\u0131n\u0131 da yeniden g\u00fcndeme ta\u015f\u0131d\u0131. \u015eirket, bu ad\u0131m\u0131n y\u00fcksek maliyetli hesaplama g\u00fcc\u00fc yat\u0131r\u0131mlar\u0131n\u0131 finanse etmek ve en iyi ara\u015ft\u0131rmac\u0131lar\u0131 \u00e7ekmek i\u00e7in zorunlu oldu\u011funu savunuyor.<\/p>\n\n\n\n<p><strong>Mahkemede &#8216;Terminat\u00f6r&#8217; Uyar\u0131s\u0131: K\u00fcresel Yapay Zeka Yar\u0131\u015f\u0131nda \u0130nsanl\u0131k Tehlikede mi?<\/strong><\/p>\n\n\n\n<p>Mahkemede ayr\u0131ca Musk\u2019\u0131n yapay zekaya dair risk alg\u0131s\u0131 da \u00f6ne \u00e7\u0131kt\u0131. Musk, teknolojinin insanl\u0131k i\u00e7in b\u00fcy\u00fck faydalar sa\u011flayabilece\u011fini kabul etmekle birlikte, \u201cTerminat\u00f6r benzeri\u201d felaket senaryolar\u0131na da yol a\u00e7abilece\u011fini s\u00f6yledi.<\/p>\n\n\n\n<p>Yarg\u0131lama s\u00fcrecinde dikkat \u00e7eken bir di\u011fer unsur ise Musk\u2019\u0131n sosyal medya kullan\u0131m\u0131 oldu. ABD B\u00f6lge Yarg\u0131c\u0131 Yvonne Gonzalez Rogers, Musk\u2019\u0131 dava s\u00fcrerken yapt\u0131\u011f\u0131 payla\u015f\u0131mlar nedeniyle uyard\u0131 ve mahkeme d\u0131\u015f\u0131 s\u00f6ylemlerini s\u0131n\u0131rlamas\u0131n\u0131 istedi. Musk bu uyar\u0131y\u0131 kabul etti.<\/p>\n\n\n\n<p>Davan\u0131n, OpenAI\u2019nin olas\u0131 halka arz planlar\u0131n\u0131 ve \u015firketin kamuoyundaki alg\u0131s\u0131n\u0131 etkileyebilece\u011fi belirtiliyor. \u015eirketin de\u011ferlemesinin y\u00fcz milyarlarca dolara ula\u015ft\u0131\u011f\u0131, yapay zeka sekt\u00f6r\u00fcnde ise rekabetin h\u0131zla artt\u0131\u011f\u0131 bir d\u00f6nemde g\u00f6r\u00fclen dava, sekt\u00f6r\u00fcn gelece\u011fine dair daha geni\u015f bir tart\u0131\u015fmay\u0131 da tetikliyor.<\/p>\n\n\n\n<p>Karar\u0131n May\u0131s ortas\u0131na kadar a\u00e7\u0131klanmas\u0131 beklenirken, sonu\u00e7 yaln\u0131zca OpenAI\u2019nin y\u00f6netim yap\u0131s\u0131n\u0131 de\u011fil, yapay zeka alan\u0131nda kamu yarar\u0131 ile ticari \u00e7\u0131karlar aras\u0131ndaki dengenin nas\u0131l kurulaca\u011f\u0131n\u0131 da \u015fekillendirebilir.<\/p>\n\n\n\n<p>29.04.2026,13.52<\/p>\n\n\n\n<p>Kaynak:<a href=\"https:\/\/gazeteoksijen.com\/dunya\/altman-dava-acti-teknoloji-devleri-mahkemede-openai-benim-fikrimdi-ismini-bile-ben-buldum-273796\">https:\/\/gazeteoksijen.com\/dunya\/altman-dava-acti-teknoloji-devleri-mahkemede-openai-benim-fikrimdi-ismini-bile-ben-buldum-273796<\/a><\/p>\n\n\n\n<p>Edit\u00f6r\u00fcn Notu: Oksijen Gazetesi\u2019nde yay\u0131mlanan bu haber, \u00f6z\u00fcne sad\u0131k kal\u0131narak yeniden d\u00fczenlenmi\u015ftir.<br><br><\/p>\n","protected":false},"excerpt":{"rendered":"<p>&#8220;K\u00fcresel yapay zeka yar\u0131\u015f\u0131n\u0131n zirvesindeki OpenAI, kurulu\u015f s\u00fcrecinde yer alan Elon Musk ile ABD mahkemelerinde kar\u015f\u0131 kar\u015f\u0131ya geldi. California&#8217;da g\u00f6r\u00fclen tarihi davada Musk, \u015firketin insanl\u0131k yarar\u0131na olan misyonundan saparak tamamen kar odakl\u0131 bir yap\u0131ya d\u00f6n\u00fc\u015ft\u00fc\u011f\u00fcn\u00fc savunurken, 150 milyar dolarl\u0131k rekor bir tazminat talebinde bulundu. Bu davan\u0131n sonucu, d\u00fcnya genelinde yapay zeka sekt\u00f6r\u00fcn\u00fcn gelece\u011fini ve \u015firketlerin y\u00f6netim modellerini do\u011frudan \u015fekillendirebilir.&#8221;<\/p>\n","protected":false},"author":3,"featured_media":7583,"comment_status":"open","ping_status":"open","sticky":false,"template":"","format":"standard","meta":{"_jetpack_memberships_contains_paid_content":false,"footnotes":""},"categories":[3],"tags":[2324],"class_list":["post-7582","post","type-post","status-publish","format-standard","has-post-thumbnail","hentry","category-dunya","tag-dunyagundemi-yapayzeka-elonmusk-openai-samaltman-silikonvadisi-dishaberler-teknolojihaberleri-microsoft"],"jetpack_featured_media_url":"https:\/\/dbsnewsmedia.com\/wp-content\/uploads\/2026\/04\/aya-fabrika-kurulacak-uydu-uretilecek-elon-musk-yapay-zekayi-dunyanin-disina-cikaracak-87gp.jpg","jetpack_sharing_enabled":true,"_links":{"self":[{"href":"https:\/\/dbsnewsmedia.com\/index.php?rest_route=\/wp\/v2\/posts\/7582","targetHints":{"allow":["GET"]}}],"collection":[{"href":"https:\/\/dbsnewsmedia.com\/index.php?rest_route=\/wp\/v2\/posts"}],"about":[{"href":"https:\/\/dbsnewsmedia.com\/index.php?rest_route=\/wp\/v2\/types\/post"}],"author":[{"embeddable":true,"href":"https:\/\/dbsnewsmedia.com\/index.php?rest_route=\/wp\/v2\/users\/3"}],"replies":[{"embeddable":true,"href":"https:\/\/dbsnewsmedia.com\/index.php?rest_route=%2Fwp%2Fv2%2Fcomments&post=7582"}],"version-history":[{"count":1,"href":"https:\/\/dbsnewsmedia.com\/index.php?rest_route=\/wp\/v2\/posts\/7582\/revisions"}],"predecessor-version":[{"id":7584,"href":"https:\/\/dbsnewsmedia.com\/index.php?rest_route=\/wp\/v2\/posts\/7582\/revisions\/7584"}],"wp:featuredmedia":[{"embeddable":true,"href":"https:\/\/dbsnewsmedia.com\/index.php?rest_route=\/wp\/v2\/media\/7583"}],"wp:attachment":[{"href":"https:\/\/dbsnewsmedia.com\/index.php?rest_route=%2Fwp%2Fv2%2Fmedia&parent=7582"}],"wp:term":[{"taxonomy":"category","embeddable":true,"href":"https:\/\/dbsnewsmedia.com\/index.php?rest_route=%2Fwp%2Fv2%2Fcategories&post=7582"},{"taxonomy":"post_tag","embeddable":true,"href":"https:\/\/dbsnewsmedia.com\/index.php?rest_route=%2Fwp%2Fv2%2Ftags&post=7582"}],"curies":[{"name":"wp","href":"https:\/\/api.w.org\/{rel}","templated":true}]}}