{"id":7616,"date":"2026-04-29T16:47:23","date_gmt":"2026-04-29T13:47:23","guid":{"rendered":"https:\/\/dbsnewsmedia.com\/?p=7616"},"modified":"2026-04-29T16:47:23","modified_gmt":"2026-04-29T13:47:23","slug":"djidan-renkli-hamle-mic-mini-2-tanitildi","status":"publish","type":"post","link":"https:\/\/dbsnewsmedia.com\/?p=7616","title":{"rendered":"DJI\u2019dan Renkli Hamle: Mic Mini 2 Tan\u0131t\u0131ld\u0131"},"content":{"rendered":"\n<p>DJI, i\u00e7erik \u00fcreticilere y\u00f6nelik aksesuar serisini yeni kablosuz mikrofon modeliyle geni\u015fletti. DJI Mic Mini 2, kompakt yap\u0131s\u0131, renkli tasar\u0131m se\u00e7enekleri ve geli\u015fmi\u015f ses \u00f6zellikleriyle \u00f6zellikle vlog ve sosyal medya \u00fcreticilerini hedef al\u0131yor.<\/p>\n\n\n\n<figure class=\"wp-block-image\"><img decoding=\"async\" src=\"https:\/\/radarhabermedya.com\/wp-content\/uploads\/2026\/04\/image-1225-1024x677.png\" alt=\"\" class=\"wp-image-7721\"\/><\/figure>\n\n\n\n<hr class=\"wp-block-separator has-alpha-channel-opacity\"\/>\n\n\n\n<h2 class=\"wp-block-heading\">Tasar\u0131mda Ki\u015fiselle\u015ftirme \u00d6n Planda<\/h2>\n\n\n\n<p>Yeni model, klasik siyah yaka mikrofonlar\u0131n\u0131n d\u0131\u015f\u0131na \u00e7\u0131karak de\u011fi\u015ftirilebilir manyetik kapaklarla geliyor. Kullan\u0131c\u0131lar, mikrofonun g\u00f6r\u00fcn\u00fcm\u00fcn\u00fc k\u0131yafetlerine ya da \u00e7ekim konseptine g\u00f6re \u00f6zelle\u015ftirebiliyor. DJI, bu yakla\u015f\u0131m\u0131yla mikrofonu yaln\u0131zca teknik bir ekipman de\u011fil, ayn\u0131 zamanda g\u00f6rsel bir aksesuar haline getirmeyi ama\u00e7l\u0131yor.<\/p>\n\n\n\n<hr class=\"wp-block-separator has-alpha-channel-opacity\"\/>\n\n\n\n<h2 class=\"wp-block-heading\">Hafif G\u00f6vde, G\u00fc\u00e7l\u00fc Performans<\/h2>\n\n\n\n<p>DJI Mic Mini 2\u2019nin verici \u00fcnitesi yaln\u0131zca 11 gram a\u011f\u0131rl\u0131\u011f\u0131nda. Bu sayede uzun s\u00fcreli \u00e7ekimlerde konforlu kullan\u0131m sunuyor. Cihaz, 48 kHz \/ 24-bit ses kayd\u0131 deste\u011fi, farkl\u0131 ses profilleri ve iki kademeli g\u00fcr\u00fclt\u00fc engelleme \u00f6zelli\u011fiyle dikkat \u00e7ekiyor.<\/p>\n\n\n\n<p>400 metreye kadar ba\u011flant\u0131 menzili sunan mikrofon, kalabal\u0131k ve g\u00fcr\u00fclt\u00fcl\u00fc ortamlarda dahi daha temiz ses kayd\u0131 al\u0131nmas\u0131na olanak tan\u0131yor.<\/p>\n\n\n\n<hr class=\"wp-block-separator has-alpha-channel-opacity\"\/>\n\n\n\n<figure class=\"wp-block-image\"><img decoding=\"async\" src=\"https:\/\/radarhabermedya.com\/wp-content\/uploads\/2026\/04\/image-1227-edited.png\" alt=\"\" class=\"wp-image-7725\"\/><\/figure>\n\n\n\n<h2 class=\"wp-block-heading\">Geni\u015f Uyumluluk ve Uzun Pil S\u00fcresi<\/h2>\n\n\n\n<p>Model, DJI\u2019\u0131n OsmoAudio teknolojisi sayesinde baz\u0131 cihazlara do\u011frudan ba\u011flanabiliyor. Bunun yan\u0131 s\u0131ra kamera, ak\u0131ll\u0131 telefon, tablet ve bilgisayarlarla da uyumlu \u00e7al\u0131\u015f\u0131yor.<\/p>\n\n\n\n<p>Pil performans\u0131 taraf\u0131nda ise verici 11,5 saate, al\u0131c\u0131 10,5 saate kadar kullan\u0131m sunarken; \u015farj kutusuyla birlikte toplam kullan\u0131m s\u00fcresi 48 saate kadar \u00e7\u0131kabiliyor.<\/p>\n\n\n\n<hr class=\"wp-block-separator has-alpha-channel-opacity\"\/>\n\n\n\n<h2 class=\"wp-block-heading\">Fiyat ve Paket Se\u00e7enekleri<\/h2>\n\n\n\n<p>DJI Mic Mini 2, Avrupa\u2019da farkl\u0131 paket se\u00e7enekleriyle sat\u0131\u015fa sunuldu:<\/p>\n\n\n\n<ul class=\"wp-block-list\">\n<li>Ba\u015flang\u0131\u00e7 paketi: 59 avro<\/li>\n\n\n\n<li>Geni\u015f paket: 99 avro<\/li>\n\n\n\n<li>Renkli kapak seti: 19 avro<\/li>\n\n\n\n<li>\u00d6zel tasar\u0131m kapak seti: 39 avro<\/li>\n<\/ul>\n\n\n\n<hr class=\"wp-block-separator has-alpha-channel-opacity\"\/>\n\n\n\n<figure class=\"wp-block-image\"><img decoding=\"async\" src=\"https:\/\/radarhabermedya.com\/wp-content\/uploads\/2026\/04\/image-1226-edited.png\" alt=\"\" class=\"wp-image-7724\"\/><\/figure>\n\n\n\n<h2 class=\"wp-block-heading\">\u0130\u00e7erik \u00dcreticilere Yeni Alternatif<\/h2>\n\n\n\n<p>Teknik \u00f6zellikler a\u00e7\u0131s\u0131ndan b\u00fcy\u00fck bir s\u0131\u00e7rama sunmasa da DJI Mic Mini 2; hafifli\u011fi, uzun pil \u00f6mr\u00fc, geni\u015f ba\u011flant\u0131 se\u00e7enekleri ve ki\u015fiselle\u015ftirilebilir tasar\u0131m\u0131yla i\u00e7erik \u00fcreticiler i\u00e7in dikkat \u00e7ekici bir alternatif olarak \u00f6ne \u00e7\u0131k\u0131yor.<\/p>\n\n\n\n<p>29.04.2026 16:47<\/p>\n\n\n\n<p>Karde\u015f Haber:<a href=\"https:\/\/radarhabermedya.com\/2026\/04\/29\/djidan-renkli-hamle-mic-mini-2-tanitildi\/\">https:\/\/radarhabermedya.com\/2026\/04\/29\/djidan-renkli-hamle-mic-mini-2-tanitildi\/<\/a><\/p>\n","protected":false},"excerpt":{"rendered":"<p>DJI, i\u00e7erik \u00fcreticilere y\u00f6nelik aksesuar serisini yeni kablosuz mikrofon modeliyle geni\u015fletti. DJI Mic Mini 2, kompakt yap\u0131s\u0131, renkli tasar\u0131m se\u00e7enekleri ve geli\u015fmi\u015f ses \u00f6zellikleriyle \u00f6zellikle vlog ve sosyal medya \u00fcreticilerini hedef al\u0131yor. Tasar\u0131mda Ki\u015fiselle\u015ftirme \u00d6n Planda Yeni model, klasik siyah yaka mikrofonlar\u0131n\u0131n d\u0131\u015f\u0131na \u00e7\u0131karak de\u011fi\u015ftirilebilir manyetik kapaklarla geliyor. Kullan\u0131c\u0131lar, mikrofonun g\u00f6r\u00fcn\u00fcm\u00fcn\u00fc k\u0131yafetlerine ya da \u00e7ekim&#8230;<\/p>\n","protected":false},"author":4,"featured_media":7618,"comment_status":"open","ping_status":"open","sticky":false,"template":"","format":"standard","meta":{"_jetpack_memberships_contains_paid_content":false,"footnotes":""},"categories":[7],"tags":[2128],"class_list":["post-7616","post","type-post","status-publish","format-standard","has-post-thumbnail","hentry","category-teknoloji","tag-dji"],"jetpack_featured_media_url":"https:\/\/dbsnewsmedia.com\/wp-content\/uploads\/2026\/04\/image-1224.png","jetpack_sharing_enabled":true,"_links":{"self":[{"href":"https:\/\/dbsnewsmedia.com\/index.php?rest_route=\/wp\/v2\/posts\/7616","targetHints":{"allow":["GET"]}}],"collection":[{"href":"https:\/\/dbsnewsmedia.com\/index.php?rest_route=\/wp\/v2\/posts"}],"about":[{"href":"https:\/\/dbsnewsmedia.com\/index.php?rest_route=\/wp\/v2\/types\/post"}],"author":[{"embeddable":true,"href":"https:\/\/dbsnewsmedia.com\/index.php?rest_route=\/wp\/v2\/users\/4"}],"replies":[{"embeddable":true,"href":"https:\/\/dbsnewsmedia.com\/index.php?rest_route=%2Fwp%2Fv2%2Fcomments&post=7616"}],"version-history":[{"count":1,"href":"https:\/\/dbsnewsmedia.com\/index.php?rest_route=\/wp\/v2\/posts\/7616\/revisions"}],"predecessor-version":[{"id":7619,"href":"https:\/\/dbsnewsmedia.com\/index.php?rest_route=\/wp\/v2\/posts\/7616\/revisions\/7619"}],"wp:featuredmedia":[{"embeddable":true,"href":"https:\/\/dbsnewsmedia.com\/index.php?rest_route=\/wp\/v2\/media\/7618"}],"wp:attachment":[{"href":"https:\/\/dbsnewsmedia.com\/index.php?rest_route=%2Fwp%2Fv2%2Fmedia&parent=7616"}],"wp:term":[{"taxonomy":"category","embeddable":true,"href":"https:\/\/dbsnewsmedia.com\/index.php?rest_route=%2Fwp%2Fv2%2Fcategories&post=7616"},{"taxonomy":"post_tag","embeddable":true,"href":"https:\/\/dbsnewsmedia.com\/index.php?rest_route=%2Fwp%2Fv2%2Ftags&post=7616"}],"curies":[{"name":"wp","href":"https:\/\/api.w.org\/{rel}","templated":true}]}}