{"id":7629,"date":"2026-04-29T18:27:51","date_gmt":"2026-04-29T15:27:51","guid":{"rendered":"https:\/\/dbsnewsmedia.com\/?p=7629"},"modified":"2026-04-29T18:27:51","modified_gmt":"2026-04-29T15:27:51","slug":"izmirde-duzenlenen-odul-onur-akyila-gitti","status":"publish","type":"post","link":"https:\/\/dbsnewsmedia.com\/?p=7629","title":{"rendered":"\u0130zmir\u2019de D\u00fczenlenen \u00d6d\u00fcl Onur Aky\u0131l\u2019a Gitti"},"content":{"rendered":"\n<p>29.04.2026    18:28<\/p>\n\n\n\n<p>\u0130zmir\u2019de bu y\u0131l ilk kez d\u00fczenlenen Hasan \u00d6zk\u0131l\u0131\u00e7 \u00d6yk\u00fc \u00d6d\u00fcl\u00fc i\u00e7in 155 yazar\u0131n ba\u015fvurusu de\u011ferlendirildi. Se\u00e7ici kurul, oy \u00e7oklu\u011fuyla \u00f6d\u00fcle Onur Aky\u0131l\u2019\u0131 lay\u0131k g\u00f6rd\u00fc.<\/p>\n\n\n\n<p>\u0130zmir\u2019de Kanguru K\u00fclt\u00fcr Merkezi ve Mask Yay\u0131nlar\u0131 taraf\u0131ndan bu y\u0131l ilk kez d\u00fczenlenen Hasan \u00d6zk\u0131l\u0131\u00e7 \u00d6yk\u00fc \u00d6d\u00fcl\u00fc\u2019n\u00fcn sonu\u00e7lar\u0131 a\u00e7\u0131kland\u0131. 155 yazar\u0131n kat\u0131ld\u0131\u011f\u0131 yar\u0131\u015fmada, se\u00e7ici kurulun de\u011ferlendirmesi sonucunda \u00f6d\u00fcl\u00fcn sahibi Onur Aky\u0131l oldu.<\/p>\n\n\n\n<p>Altay \u00d6mer Erdo\u011fan, Ayd\u0131n \u015eim\u015fek, Hayri K. Yetik, H\u00fclya Soy\u015fekerci, Muzaffer Kale, Semiramis Ya\u011fc\u0131o\u011flu ve \u015e. Didem Keremo\u011flu\u2019ndan olu\u015fan se\u00e7ici kurul, Aky\u0131l\u2019\u0131 \u201c\u0130stila\u201d ve \u201cBay Marks\u201d adl\u0131 \u00f6yk\u00fcleriyle oy \u00e7oklu\u011fuyla \u00f6d\u00fcle de\u011fer buldu.<\/p>\n\n\n\n<p>Kurul de\u011ferlendirmesinde, Aky\u0131l\u2019\u0131n k\u0131sa, ritmik ve yo\u011fun anlat\u0131m\u0131, g\u00fc\u00e7l\u00fc betimleme dili, s\u00f6zc\u00fck ekonomisi ve \u00f6yk\u00fclerindeki kurgusal derinli\u011fin \u00f6d\u00fcl karar\u0131nda belirleyici oldu\u011fu belirtildi.<\/p>\n\n\n\n<p>\u00d6te yandan O\u011fuz Kaan Aydos, Alper Sezener, Adnan Alg\u0131n, Hakan C\u00fcc\u00fcnel, Baki Mesut K\u00f6pr\u00fcc\u00fc, Hakan Derya \u00d6m\u00fcrl\u00fco\u011flu, Orhan Boran, \u0130brahim Da\u015ftan ve Onur Feray D\u00f6nmez\u2019in eserlerinin de \u00f6d\u00fcl se\u00e7kisinde yer almas\u0131na karar verildi.<\/p>\n\n\n\n<p>\u00d6d\u00fcl t\u00f6reninin, ilerleyen g\u00fcnlerde a\u00e7\u0131klanacak tarihte \u0130zmir\u2019deki Kanguru K\u00fclt\u00fcr Merkezi\u2019nde ger\u00e7ekle\u015ftirilece\u011fi bildirildi.<\/p>\n\n\n\n<p>Kaynak:<a href=\"https:\/\/www.evrensel.net\/haber\/5981870\/1inci-hasan-ozkilic-oyku-odulu-onur-akyilin-oldu\">https:\/\/www.evrensel.net\/haber\/5981870\/1inci-hasan-ozkilic-oyku-odulu-onur-akyilin-oldu<\/a><\/p>\n","protected":false},"excerpt":{"rendered":"<p>29.04.2026 18:28 \u0130zmir\u2019de bu y\u0131l ilk kez d\u00fczenlenen Hasan \u00d6zk\u0131l\u0131\u00e7 \u00d6yk\u00fc \u00d6d\u00fcl\u00fc i\u00e7in 155 yazar\u0131n ba\u015fvurusu de\u011ferlendirildi. Se\u00e7ici kurul, oy \u00e7oklu\u011fuyla \u00f6d\u00fcle Onur Aky\u0131l\u2019\u0131 lay\u0131k g\u00f6rd\u00fc. \u0130zmir\u2019de Kanguru K\u00fclt\u00fcr Merkezi ve Mask Yay\u0131nlar\u0131 taraf\u0131ndan bu y\u0131l ilk kez d\u00fczenlenen Hasan \u00d6zk\u0131l\u0131\u00e7 \u00d6yk\u00fc \u00d6d\u00fcl\u00fc\u2019n\u00fcn sonu\u00e7lar\u0131 a\u00e7\u0131kland\u0131. 155 yazar\u0131n kat\u0131ld\u0131\u011f\u0131 yar\u0131\u015fmada, se\u00e7ici kurulun de\u011ferlendirmesi sonucunda \u00f6d\u00fcl\u00fcn sahibi&#8230;<\/p>\n","protected":false},"author":5,"featured_media":7630,"comment_status":"open","ping_status":"open","sticky":false,"template":"","format":"standard","meta":{"_jetpack_memberships_contains_paid_content":false,"footnotes":""},"categories":[10],"tags":[2353],"class_list":["post-7629","post","type-post","status-publish","format-standard","has-post-thumbnail","hentry","category-kultur-sanat","tag-onur-akyil"],"jetpack_featured_media_url":"https:\/\/dbsnewsmedia.com\/wp-content\/uploads\/2026\/04\/34-2.jpg","jetpack_sharing_enabled":true,"_links":{"self":[{"href":"https:\/\/dbsnewsmedia.com\/index.php?rest_route=\/wp\/v2\/posts\/7629","targetHints":{"allow":["GET"]}}],"collection":[{"href":"https:\/\/dbsnewsmedia.com\/index.php?rest_route=\/wp\/v2\/posts"}],"about":[{"href":"https:\/\/dbsnewsmedia.com\/index.php?rest_route=\/wp\/v2\/types\/post"}],"author":[{"embeddable":true,"href":"https:\/\/dbsnewsmedia.com\/index.php?rest_route=\/wp\/v2\/users\/5"}],"replies":[{"embeddable":true,"href":"https:\/\/dbsnewsmedia.com\/index.php?rest_route=%2Fwp%2Fv2%2Fcomments&post=7629"}],"version-history":[{"count":1,"href":"https:\/\/dbsnewsmedia.com\/index.php?rest_route=\/wp\/v2\/posts\/7629\/revisions"}],"predecessor-version":[{"id":7631,"href":"https:\/\/dbsnewsmedia.com\/index.php?rest_route=\/wp\/v2\/posts\/7629\/revisions\/7631"}],"wp:featuredmedia":[{"embeddable":true,"href":"https:\/\/dbsnewsmedia.com\/index.php?rest_route=\/wp\/v2\/media\/7630"}],"wp:attachment":[{"href":"https:\/\/dbsnewsmedia.com\/index.php?rest_route=%2Fwp%2Fv2%2Fmedia&parent=7629"}],"wp:term":[{"taxonomy":"category","embeddable":true,"href":"https:\/\/dbsnewsmedia.com\/index.php?rest_route=%2Fwp%2Fv2%2Fcategories&post=7629"},{"taxonomy":"post_tag","embeddable":true,"href":"https:\/\/dbsnewsmedia.com\/index.php?rest_route=%2Fwp%2Fv2%2Ftags&post=7629"}],"curies":[{"name":"wp","href":"https:\/\/api.w.org\/{rel}","templated":true}]}}