{"id":7632,"date":"2026-04-29T18:30:12","date_gmt":"2026-04-29T15:30:12","guid":{"rendered":"https:\/\/dbsnewsmedia.com\/?p=7632"},"modified":"2026-04-29T18:30:12","modified_gmt":"2026-04-29T15:30:12","slug":"baskentte-sanat-soleninin-finali-40-ankara-muzik-festivalinde-gorkemli-kapanis","status":"publish","type":"post","link":"https:\/\/dbsnewsmedia.com\/?p=7632","title":{"rendered":"Ba\u015fkentte Sanat \u015e\u00f6leninin Finali: 40. Ankara M\u00fczik Festivali\u2019nde G\u00f6rkemli Kapan\u0131\u015f"},"content":{"rendered":"\n<p>29.04.2026    18:30<\/p>\n\n\n\n<p>Sevda Cenap And M\u00fczik Vakf\u0131\u2019n\u0131n T.C. K\u00fclt\u00fcr ve Turizm Bakanl\u0131\u011f\u0131 ile yerli ve yabanc\u0131 kurumlar\u0131n katk\u0131lar\u0131 ile d\u00fczenledi\u011fi, Sabanc\u0131 Vakf\u0131\u2019n\u0131n ve And TSS\u2019nin Onur \u00dcyesi oldu\u011fu 40. Uluslararas\u0131 Ankara M\u00fczik Festivali, yar\u0131n orkestra konseri ile kapan\u0131\u015f\u0131n\u0131 yapacak.<\/p>\n\n\n\n<p>Sevda Cenap And M\u00fczik Vakf\u0131\u2019n\u0131n T.C. K\u00fclt\u00fcr ve Turizm Bakanl\u0131\u011f\u0131 ile yerli ve yabanc\u0131 kurumlar\u0131n katk\u0131lar\u0131 ile d\u00fczenledi\u011fi, Sabanc\u0131 Vakf\u0131\u2019n\u0131n ve And TSS\u2019nin Onur \u00dcyesi oldu\u011fu 40. Uluslararas\u0131 Ankara M\u00fczik Festivali, yar\u0131n geleneklerine uygun bir \u015fekilde her y\u0131l oldu\u011fu gibi bir senfonik orkestra konseri ile kapan\u0131\u015f\u0131n\u0131 yapacak.<\/p>\n\n\n\n<p>Festivalin 40. y\u0131l\u0131 ile Cumhurba\u015fkanl\u0131\u011f\u0131 Senfoni Orkestras\u0131\u2019n\u0131n (CSO) 200. Kurulu\u015f Y\u0131l\u0131\u2019n\u0131 ve 40 y\u0131ld\u0131r s\u00fcren i\u015fbirli\u011fi ve dostlu\u011fu kutlaman\u0131n gururu ile bu anlaml\u0131 d\u00f6n\u00fcm noktas\u0131nda konser Ankara\u2019n\u0131n k\u00fclt\u00fcrel ya\u015fam\u0131na, CSO\u2019ya ve Festivale de\u011ferli katk\u0131lar sunmu\u015f olan Sevda Cenap And M\u00fczik Vakf\u0131\u2019n\u0131n 28 y\u0131l Ba\u015fkanl\u0131\u011f\u0131n\u0131 yapm\u0131\u015f olan Mehmet Ba\u015fman an\u0131s\u0131na ger\u00e7ekle\u015fecek.&nbsp;&nbsp;<\/p>\n\n\n\n<p>T\u00fcrkiye Cumhuriyeti\u2019nin \u00e7oksesli m\u00fczik hareketinin ba\u015flad\u0131\u011f\u0131 Ba\u015fkent Ankara\u2019n\u0131n sanatsal kapasitesinin yans\u0131t\u0131lmas\u0131n\u0131 ilke edinmi\u015f Uluslararas\u0131 Ankara M\u00fczik Festivali\u2019nde \u00f6zel projeler ile yer alm\u0131\u015f, CSO ve Devlet \u00c7oksesli Korosu\u2019nun kat\u0131l\u0131m\u0131 sadece m\u00fczikal bir destek de\u011fil, ayn\u0131 zamanda 40 y\u0131l\u0131n dostlu\u011funu ve i\u015fbirli\u011fini yans\u0131tan bir k\u00fclt\u00fcrel birlikteliktir.<\/p>\n\n\n\n<p>K\u00f6keni 19. y\u00fczy\u0131ldaki Muz\u0131ka-i H\u00fcmayun\u2019a uzanan, Cumhuriyet\u2019in ilan\u0131yla birlikte Mustafa Kemal Atat\u00fcrk\u2019\u00fcn vizyonu do\u011frultusunda Ankara\u2019da yeniden yap\u0131land\u0131r\u0131lan Cumhurba\u015fkanl\u0131\u011f\u0131 Senfoni Orkestras\u0131, yakla\u015f\u0131k iki as\u0131rl\u0131k kesintisiz sanat yolculu\u011funu 200. kurulu\u015f y\u0131ld\u00f6n\u00fcm\u00fc etkinlikleriyle kutluyor. T\u00fcrkiye\u2019de \u00e7oksesli m\u00fczik k\u00fclt\u00fcr\u00fcn\u00fcn yerle\u015fmesinde \u00f6nc\u00fc rol \u00fcstlenen ve \u00fclkemizi uluslararas\u0131 platformlarda ba\u015far\u0131yla temsil eden CSO, k\u00f6kl\u00fc ge\u00e7mi\u015fini \u00e7a\u011fda\u015f \u00fcretimle bulu\u015fturmay\u0131 s\u00fcrd\u00fcr\u00fcyor.<\/p>\n\n\n\n<p><strong>D\u00dcNYADA \u0130LK SESLEND\u0130R\u0130L\u0130\u015eLER\u0130 YAPILACAK<\/strong><\/p>\n\n\n\n<p>CSO ve Vak\u0131f\u0131n, T\u00fcrk bestecilerin eser \u00fcretimine ve seslendirilmesine olanak yaratma ilkesinin de ya\u015fanaca\u011f\u0131 konserde Erberk Ery\u0131lmaz ve Onur T\u00fcrkmen\u2019in Cumhurba\u015fkanl\u0131\u011f\u0131 Senfoni Orkestras\u0131 sipari\u015fi olarak eserlerinin d\u00fcnyada ilk seslendirili\u015fleri yap\u0131lacak. CSO\u2019nun 200. Kurulu\u015f Y\u0131l\u0131 kutlamalar\u0131 \u00e7er\u00e7evesinde d\u00fczenlenen bu tarihi gecede, orkestray\u0131 Daimi \u015eef Cemi\u2019i Can Deliorman y\u00f6netecek. \u015eef Burak Onur Erdem Y\u00f6netimindeki Devlet \u00c7oksesli Korosu\u2019nun d\u00fcnya pr\u00f6miyerinde yer alaca\u011f\u0131 konserin solistleri d\u00fcnyan\u0131n en iyi orkestralar\u0131ndan Berlin Filarmoni Orkestras\u0131\u2019n\u0131n solo arpisti Marie-Pierre Langlamet ve soprano G\u00f6rkem Ezgi Y\u0131ld\u0131r\u0131m, Anadolu \u00fcflemeli \u00e7alg\u0131lar\u0131 sanat\u00e7\u0131s\u0131 Bu\u011fra Kutbay, keman sanat\u00e7\u0131s\u0131 Ceren T\u00fcrkmeno\u011flu, Anadolu vurmal\u0131 \u00e7alg\u0131lar\u0131 sanat\u00e7\u0131s\u0131 Ramazan Konak, synethesizer sanat\u00e7\u0131s\u0131 Erberk Ery\u0131lmaz olacak.<\/p>\n\n\n\n<p>Karde\u015f haber kaynak:<a href=\"https:\/\/haberatlas.tr\/2026\/04\/29\/baskentte-sanat-soleninin-finali-40-ankara-muzik-festivalinde-gorkemli-kapanis\/\">https:\/\/haberatlas.tr\/2026\/04\/29\/baskentte-sanat-soleninin-finali-40-ankara-muzik-festivalinde-gorkemli-kapanis\/<\/a><\/p>\n\n\n\n<p>Kaynak:&nbsp;<a href=\"https:\/\/www.cumhuriyet.com.tr\/kultur-sanat\/40-uluslararasi-ankara-muzik-festivali-orkestra-konseri-ile-kapanisini-yapacak-2499507\">https:\/\/www.cumhuriyet.com.tr\/kultur-sanat\/40-uluslararasi-ankara-muzik-festivali-orkestra-konseri-ile-kapanisini-yapacak-2499507<\/a><\/p>\n","protected":false},"excerpt":{"rendered":"<p>29.04.2026 18:30 Sevda Cenap And M\u00fczik Vakf\u0131\u2019n\u0131n T.C. K\u00fclt\u00fcr ve Turizm Bakanl\u0131\u011f\u0131 ile yerli ve yabanc\u0131 kurumlar\u0131n katk\u0131lar\u0131 ile d\u00fczenledi\u011fi, Sabanc\u0131 Vakf\u0131\u2019n\u0131n ve And TSS\u2019nin Onur \u00dcyesi oldu\u011fu 40. Uluslararas\u0131 Ankara M\u00fczik Festivali, yar\u0131n orkestra konseri ile kapan\u0131\u015f\u0131n\u0131 yapacak. Sevda Cenap And M\u00fczik Vakf\u0131\u2019n\u0131n T.C. K\u00fclt\u00fcr ve Turizm Bakanl\u0131\u011f\u0131 ile yerli ve yabanc\u0131 kurumlar\u0131n katk\u0131lar\u0131&#8230;<\/p>\n","protected":false},"author":5,"featured_media":7633,"comment_status":"open","ping_status":"open","sticky":false,"template":"","format":"standard","meta":{"_jetpack_memberships_contains_paid_content":false,"footnotes":""},"categories":[10],"tags":[1582],"class_list":["post-7632","post","type-post","status-publish","format-standard","has-post-thumbnail","hentry","category-kultur-sanat","tag-ankara-muzik-festivali"],"jetpack_featured_media_url":"https:\/\/dbsnewsmedia.com\/wp-content\/uploads\/2026\/04\/35.avif","jetpack_sharing_enabled":true,"_links":{"self":[{"href":"https:\/\/dbsnewsmedia.com\/index.php?rest_route=\/wp\/v2\/posts\/7632","targetHints":{"allow":["GET"]}}],"collection":[{"href":"https:\/\/dbsnewsmedia.com\/index.php?rest_route=\/wp\/v2\/posts"}],"about":[{"href":"https:\/\/dbsnewsmedia.com\/index.php?rest_route=\/wp\/v2\/types\/post"}],"author":[{"embeddable":true,"href":"https:\/\/dbsnewsmedia.com\/index.php?rest_route=\/wp\/v2\/users\/5"}],"replies":[{"embeddable":true,"href":"https:\/\/dbsnewsmedia.com\/index.php?rest_route=%2Fwp%2Fv2%2Fcomments&post=7632"}],"version-history":[{"count":1,"href":"https:\/\/dbsnewsmedia.com\/index.php?rest_route=\/wp\/v2\/posts\/7632\/revisions"}],"predecessor-version":[{"id":7634,"href":"https:\/\/dbsnewsmedia.com\/index.php?rest_route=\/wp\/v2\/posts\/7632\/revisions\/7634"}],"wp:featuredmedia":[{"embeddable":true,"href":"https:\/\/dbsnewsmedia.com\/index.php?rest_route=\/wp\/v2\/media\/7633"}],"wp:attachment":[{"href":"https:\/\/dbsnewsmedia.com\/index.php?rest_route=%2Fwp%2Fv2%2Fmedia&parent=7632"}],"wp:term":[{"taxonomy":"category","embeddable":true,"href":"https:\/\/dbsnewsmedia.com\/index.php?rest_route=%2Fwp%2Fv2%2Fcategories&post=7632"},{"taxonomy":"post_tag","embeddable":true,"href":"https:\/\/dbsnewsmedia.com\/index.php?rest_route=%2Fwp%2Fv2%2Ftags&post=7632"}],"curies":[{"name":"wp","href":"https:\/\/api.w.org\/{rel}","templated":true}]}}