{"id":7635,"date":"2026-04-29T18:33:02","date_gmt":"2026-04-29T15:33:02","guid":{"rendered":"https:\/\/dbsnewsmedia.com\/?p=7635"},"modified":"2026-04-29T18:33:02","modified_gmt":"2026-04-29T15:33:02","slug":"uzmanlar-uyardi-gozlerin-sessiz-hirsizina-dikkat","status":"publish","type":"post","link":"https:\/\/dbsnewsmedia.com\/?p=7635","title":{"rendered":"Uzmanlar uyard\u0131: G\u00f6zlerin sessiz h\u0131rs\u0131z\u0131na dikkat"},"content":{"rendered":"\n<p>29.04.2026-18:33<\/p>\n\n\n\n<h2 class=\"wp-block-heading\">G\u00f6z Hastal\u0131klar\u0131 Uzman\u0131 Dr. \u0130smail Karahan, hi\u00e7bir belirti vermeden ilerleyen ve kal\u0131c\u0131 g\u00f6rme kayb\u0131na yol a\u00e7an glokom (g\u00f6z tansiyonu) hastal\u0131\u011f\u0131na kar\u015f\u0131 uyard\u0131. \u201cSessiz h\u0131rs\u0131z\u201d olarak nitelendirilen bu hastal\u0131\u011f\u0131n yaratt\u0131\u011f\u0131 hasar\u0131n geri d\u00f6nd\u00fcr\u00fclemez oldu\u011funu vurgulayan Karahan, rutin kontrollerin hayati \u00f6nem ta\u015f\u0131d\u0131\u011f\u0131n\u0131 belirtti.<\/h2>\n\n\n\n<p><a href=\"https:\/\/www.facebook.com\/sharer\/sharer.php?u=https%3A%2F%2Fwww.egedesonsoz.com%2Fgoz-sagliginda-sessiz-hirsiz-uyarisi\"><\/a><a href=\"https:\/\/x.com\/intent\/tweet?url=https%3A%2F%2Fwww.egedesonsoz.com%2Fgoz-sagliginda-sessiz-hirsiz-uyarisi&amp;text=G%C3%B6z+sa%C4%9Fl%C4%B1%C4%9F%C4%B1nda+%27sessiz+h%C4%B1rs%C4%B1z%27+uyar%C4%B1s%C4%B1%21\"><\/a><a href=\"https:\/\/api.whatsapp.com\/send?text=G%C3%B6z+sa%C4%9Fl%C4%B1%C4%9F%C4%B1nda+%27sessiz+h%C4%B1rs%C4%B1z%27+uyar%C4%B1s%C4%B1%21+-+https%3A%2F%2Fwww.egedesonsoz.com%2Fgoz-sagliginda-sessiz-hirsiz-uyarisi\"><\/a>D\u00fcnyay\u0131 anlamland\u0131rmay\u0131 sa\u011flayan en \u00f6nemli 5 duyu organ\u0131ndan biri olan g\u00f6z\u00fc koruman\u0131n yolunun erken te\u015fhisten ge\u00e7ti\u011fini belirten G\u00f6z Hastal\u0131klar\u0131 B\u00f6l\u00fcm\u00fc\u2019nden Uzm. Dr. \u0130smail Karahan, glokom riskine kar\u015f\u0131 uyar\u0131larda bulunarak d\u00fczenli kontrol\u00fcn \u00f6nemine dikkat \u00e7ekti.<a href=\"https:\/\/www.egedesonsoz.com\/1250-kadin-burokrasi-kurbani\"><\/a><\/p>\n\n\n\n<p>Glokom, g\u00f6z i\u00e7i bas\u0131nc\u0131n\u0131n artmas\u0131 sonucu optik sinirde hasar meydana gelmesiyle ortaya \u00e7\u0131kan ve zamanla g\u00f6rme kayb\u0131na neden olabilen bir g\u00f6z hastal\u0131\u011f\u0131 oldu\u011funu s\u00f6yleyen Dr. Karahan, \u201c\u00d6zellikle 40 ya\u015f \u00fcst\u00fc bireyler, ailesinde glokom \u00f6yk\u00fcs\u00fc bulunanlar, diyabet ve hipertansiyon hastalar\u0131 risk grubunda yer almaktad\u0131r. Bu gruptaki bireylerin y\u0131lda en az bir kez kapsaml\u0131 g\u00f6z muayenesinden ge\u00e7mesi g\u00f6z sa\u011fl\u0131\u011f\u0131 a\u00e7\u0131s\u0131ndan \u00f6nemlidir\u201d diye konu\u015ftu.<\/p>\n\n\n\n<p><strong>\u2018TEDAV\u0130YE UYUM VE D\u00dcZENL\u0130 TAK\u0130P \u00d6NEML\u0130\u2019<\/strong><br>Glokomun genellikle belirti vermeden ilerledi\u011fini aktaran Uzm. Dr. Karahan, \u201cHastalar genellikle g\u00f6rme kayb\u0131 ba\u015flad\u0131\u011f\u0131nda durumu fark ediyor. Oysa bu a\u015famada olu\u015fan hasar\u0131n geri d\u00f6n\u00fc\u015f\u00fc m\u00fcmk\u00fcn olmuyor. Bu nedenle erken te\u015fhis b\u00fcy\u00fck \u00f6nem ta\u015f\u0131yor. Glokom tamamen iyile\u015ftirilebilen bir hastal\u0131k de\u011fildir. Ancak erken te\u015fhis ile kontrol alt\u0131na al\u0131nabilir. G\u00f6z damlalar\u0131, lazer tedavileri ve cerrahi y\u00f6ntemlerle hastal\u0131\u011f\u0131n ilerlemesini durdurmak m\u00fcmk\u00fcn olabiliyor. Burada en \u00f6nemli nokta hastan\u0131n tedaviye uyumu ve d\u00fczenli takibidir\u201d ifadelerini kulland\u0131.<\/p>\n\n\n\n<p>Toplumda glokoma y\u00f6nelik fark\u0131ndal\u0131\u011f\u0131n art\u0131r\u0131lmas\u0131, g\u00f6rme kay\u0131plar\u0131n\u0131n \u00f6nlenmesinde b\u00fcy\u00fck rol oynad\u0131\u011f\u0131n\u0131n alt\u0131n\u0131 \u00e7izen Uzm. Dr. Karahan, \u201cG\u00f6rme kayb\u0131 ya\u015fam kalitesini ciddi \u015fekilde etkiler. Oysa erken te\u015fhis ile bu risk b\u00fcy\u00fck \u00f6l\u00e7\u00fcde \u00f6nlenebilir. G\u00f6z sa\u011fl\u0131\u011f\u0131n\u0131z\u0131 ihmal etmeyin\u201d uyar\u0131s\u0131nda bulundu.<\/p>\n\n\n\n<p><strong>\u2018GEL\u0130\u015eEN TEKNOLOJ\u0130 VE ARTAN FARKINDALIK GLOKOMLA M\u00dcCADELEDE G\u00dc\u00c7 KATIYOR\u2019<\/strong><br>Dr. Karahan, \u201cTeknolojinin geli\u015fmesiyle beraber glokom tan\u0131 ve takibinde kullan\u0131lan y\u00f6ntemler de olduk\u00e7a ilerledi. G\u00f6rme alan\u0131 testleri ve optik sinir analizleri ile hastal\u0131k \u00e7ok daha erken evrede tespit edilebiliyor. Ayr\u0131ca ya\u015fam tarz\u0131 da g\u00f6z sa\u011fl\u0131\u011f\u0131 \u00fczerinde etkili olabilmektedir. D\u00fczenli egzersiz, dengeli beslenme ve kronik hastal\u0131klar\u0131n kontrol alt\u0131nda tutulmas\u0131 glokom riskinin y\u00f6netilmesine katk\u0131 sa\u011flayabilmektedir. Toplumda fark\u0131ndal\u0131\u011f\u0131n art\u0131r\u0131lmas\u0131 ad\u0131na yap\u0131lan bilgilendirme \u00e7al\u0131\u015fmalar\u0131, erken te\u015fhis oranlar\u0131n\u0131 art\u0131rarak g\u00f6rme kay\u0131plar\u0131n\u0131n \u00f6n\u00fcne ge\u00e7ilmesine yard\u0131mc\u0131 olmaktad\u0131r\u201d dedi.<\/p>\n\n\n\n<p>Karde\u015f haber kaynak:<a href=\"https:\/\/haberatlas.tr\/2026\/04\/29\/uzmanlar-uyardi-gozlerin-sessiz-hirsizina-dikkat\/\">https:\/\/haberatlas.tr\/2026\/04\/29\/uzmanlar-uyardi-gozlerin-sessiz-hirsizina-dikkat\/<\/a><\/p>\n\n\n\n<p>kaynak:<a href=\"https:\/\/www.egedesonsoz.com\/goz-sagliginda-sessiz-hirsiz-uyarisi\">https:\/\/www.egedesonsoz.com\/goz-sagliginda-sessiz-hirsiz-uyarisi<\/a><\/p>\n","protected":false},"excerpt":{"rendered":"<p>29.04.2026-18:33 G\u00f6z Hastal\u0131klar\u0131 Uzman\u0131 Dr. \u0130smail Karahan, hi\u00e7bir belirti vermeden ilerleyen ve kal\u0131c\u0131 g\u00f6rme kayb\u0131na yol a\u00e7an glokom (g\u00f6z tansiyonu) hastal\u0131\u011f\u0131na kar\u015f\u0131 uyard\u0131. \u201cSessiz h\u0131rs\u0131z\u201d olarak nitelendirilen bu hastal\u0131\u011f\u0131n yaratt\u0131\u011f\u0131 hasar\u0131n geri d\u00f6nd\u00fcr\u00fclemez oldu\u011funu vurgulayan Karahan, rutin kontrollerin hayati \u00f6nem ta\u015f\u0131d\u0131\u011f\u0131n\u0131 belirtti. D\u00fcnyay\u0131 anlamland\u0131rmay\u0131 sa\u011flayan en \u00f6nemli 5 duyu organ\u0131ndan biri olan g\u00f6z\u00fc koruman\u0131n yolunun&#8230;<\/p>\n","protected":false},"author":5,"featured_media":7636,"comment_status":"open","ping_status":"open","sticky":false,"template":"","format":"standard","meta":{"_jetpack_memberships_contains_paid_content":false,"footnotes":""},"categories":[12],"tags":[218],"class_list":["post-7635","post","type-post","status-publish","format-standard","has-post-thumbnail","hentry","category-saglik","tag-goz"],"jetpack_featured_media_url":"https:\/\/dbsnewsmedia.com\/wp-content\/uploads\/2026\/04\/36.avif","jetpack_sharing_enabled":true,"_links":{"self":[{"href":"https:\/\/dbsnewsmedia.com\/index.php?rest_route=\/wp\/v2\/posts\/7635","targetHints":{"allow":["GET"]}}],"collection":[{"href":"https:\/\/dbsnewsmedia.com\/index.php?rest_route=\/wp\/v2\/posts"}],"about":[{"href":"https:\/\/dbsnewsmedia.com\/index.php?rest_route=\/wp\/v2\/types\/post"}],"author":[{"embeddable":true,"href":"https:\/\/dbsnewsmedia.com\/index.php?rest_route=\/wp\/v2\/users\/5"}],"replies":[{"embeddable":true,"href":"https:\/\/dbsnewsmedia.com\/index.php?rest_route=%2Fwp%2Fv2%2Fcomments&post=7635"}],"version-history":[{"count":1,"href":"https:\/\/dbsnewsmedia.com\/index.php?rest_route=\/wp\/v2\/posts\/7635\/revisions"}],"predecessor-version":[{"id":7637,"href":"https:\/\/dbsnewsmedia.com\/index.php?rest_route=\/wp\/v2\/posts\/7635\/revisions\/7637"}],"wp:featuredmedia":[{"embeddable":true,"href":"https:\/\/dbsnewsmedia.com\/index.php?rest_route=\/wp\/v2\/media\/7636"}],"wp:attachment":[{"href":"https:\/\/dbsnewsmedia.com\/index.php?rest_route=%2Fwp%2Fv2%2Fmedia&parent=7635"}],"wp:term":[{"taxonomy":"category","embeddable":true,"href":"https:\/\/dbsnewsmedia.com\/index.php?rest_route=%2Fwp%2Fv2%2Fcategories&post=7635"},{"taxonomy":"post_tag","embeddable":true,"href":"https:\/\/dbsnewsmedia.com\/index.php?rest_route=%2Fwp%2Fv2%2Ftags&post=7635"}],"curies":[{"name":"wp","href":"https:\/\/api.w.org\/{rel}","templated":true}]}}