{"id":7642,"date":"2026-04-29T21:24:28","date_gmt":"2026-04-29T18:24:28","guid":{"rendered":"https:\/\/dbsnewsmedia.com\/?p=7642"},"modified":"2026-04-29T21:24:28","modified_gmt":"2026-04-29T18:24:28","slug":"plajlarda-yogunluk-zirveye-ulasti-deniz-yoluyla-sehre-yuzlerce-kisilik-kafile-ulasti","status":"publish","type":"post","link":"https:\/\/dbsnewsmedia.com\/?p=7642","title":{"rendered":"Plajlarda Yo\u011funluk Zirveye Ula\u015ft\u0131: Deniz Yoluyla \u015eehre Y\u00fczlerce Ki\u015filik Kafile Ula\u015ft\u0131"},"content":{"rendered":"\n<p><strong>Mu\u011fla\u2019n\u0131n d\u00fcnyaca \u00fcnl\u00fc tatil beldesinde termometrelerin yirmi alt\u0131y\u0131, suyun ise on dokuzu g\u00f6stermesi neticesinde k\u0131y\u0131larda sezon kalabal\u0131\u011f\u0131 ba\u015f g\u00f6sterdi. Ayd\u0131nl\u0131k g\u00f6ky\u00fcz\u00fcn\u00fcn tad\u0131n\u0131 \u00e7\u0131karan her milletten gezgin, vakit kaybetmeden kumsallara h\u00fccum etti.<\/strong><\/p>\n\n\n\n<p>Kumbah\u00e7e, Pa\u015fatarlas\u0131 ve G\u00fcmbet sahillerinde sabah saatlerinden itibaren hareketlilik g\u00f6zlenirken, sahil \u015feridinde zaman zaman yo\u011funluk olu\u015ftu. Baz\u0131 vatanda\u015flar sahilde g\u00fcne\u015flenmeyi tercih ederken, baz\u0131 turistler ise sezonu erken a\u00e7arak denize girdi. Sahillerdeki bu g\u00f6r\u00fcnt\u00fcler yaz sezonunun yakla\u015ft\u0131\u011f\u0131n\u0131 ortaya koydu.<\/p>\n\n\n\n<p><br>\u00d6te yandan, Bodrum\u2019a yana\u015fan kruvaziyer gemisiyle 274 turist il\u00e7eye giri\u015f yapt\u0131. B\u00fcy\u00fck b\u00f6l\u00fcm\u00fc ABD uyruklu turistler, tarihi ve turistik alanlara y\u00f6nelirken, \u00e7ar\u015f\u0131 merkezinde al\u0131\u015fveri\u015f yapt\u0131. \u0130l\u00e7e esnaf\u0131n\u0131n y\u00fcz\u00fcn\u00fc g\u00fcld\u00fcren hareketlilik,\u00a0<strong>turizm<\/strong>\u00a0sezonu \u00f6ncesi ekonomik canl\u0131l\u0131k sa\u011flad\u0131.<\/p>\n\n\n\n<p><br>Yetkililer, hava s\u0131cakl\u0131klar\u0131n\u0131n artmas\u0131yla birlikte \u00f6n\u00fcm\u00fczdeki g\u00fcnlerde turist say\u0131s\u0131nda daha belirgin art\u0131\u015f ya\u015fanmas\u0131n\u0131 bekliyor.<\/p>\n\n\n\n<p>Kom\u015fu Haber:<a href=\"https:\/\/checkinhaber.com\/2026\/04\/29\/plajlarda-yogunluk-zirveye-ulasti-deniz-yoluyla-sehre-yuzlerce-kisilik-kafile-ulasti\/\">https:\/\/checkinhaber.com\/2026\/04\/29\/plajlarda-yogunluk-zirveye-ulasti-deniz-yoluyla-sehre-yuzlerce-kisilik-kafile-ulasti\/<\/a><\/p>\n\n\n\n<p>G\u00f6rsel Kaynak:&nbsp;<a href=\"https:\/\/www.turizmdays.com\/images\/news\/32239_sahiller-dolup-tasti-kruvaziyerle-274-turist-geldi_0.jpg\">https:\/\/www.turizmdays.com\/images\/news\/32239_sahiller-dolup-tasti-kruvaziyerle-274-turist-geldi_0.jpg<\/a><\/p>\n\n\n\n<p>Kaynak:&nbsp;<a href=\"https:\/\/www.turizmdays.com\/news\/sahiller-dolup-tasti-kruvaziyerle-274-turist-geldi-32239\">https:\/\/www.turizmdays.com\/news\/sahiller-dolup-tasti-kruvaziyerle-274-turist-geldi-32239<\/a><\/p>\n\n\n\n<p><a href=\"https:\/\/www.turizmdays.com\/index.html\">https:\/\/www.turizmdays.com\/index.html<\/a><\/p>\n\n\n\n<p>Saat: 19.56<\/p>\n","protected":false},"excerpt":{"rendered":"<p>Mu\u011fla\u2019n\u0131n d\u00fcnyaca \u00fcnl\u00fc tatil beldesinde termometrelerin yirmi alt\u0131y\u0131, suyun ise on dokuzu g\u00f6stermesi neticesinde k\u0131y\u0131larda sezon kalabal\u0131\u011f\u0131 ba\u015f g\u00f6sterdi. Ayd\u0131nl\u0131k g\u00f6ky\u00fcz\u00fcn\u00fcn tad\u0131n\u0131 \u00e7\u0131karan her milletten gezgin, vakit kaybetmeden kumsallara h\u00fccum etti. Kumbah\u00e7e, Pa\u015fatarlas\u0131 ve G\u00fcmbet sahillerinde sabah saatlerinden itibaren hareketlilik g\u00f6zlenirken, sahil \u015feridinde zaman zaman yo\u011funluk olu\u015ftu. Baz\u0131 vatanda\u015flar sahilde g\u00fcne\u015flenmeyi tercih ederken, baz\u0131 turistler&#8230;<\/p>\n","protected":false},"author":3,"featured_media":7643,"comment_status":"open","ping_status":"open","sticky":false,"template":"","format":"standard","meta":{"_jetpack_memberships_contains_paid_content":false,"footnotes":""},"categories":[11],"tags":[375],"class_list":["post-7642","post","type-post","status-publish","format-standard","has-post-thumbnail","hentry","category-turizm","tag-turizm"],"jetpack_featured_media_url":"https:\/\/dbsnewsmedia.com\/wp-content\/uploads\/2026\/04\/32239_sahiller-dolup-tasti-kruvaziyerle-274-turist-geldi_0.jpg","jetpack_sharing_enabled":true,"_links":{"self":[{"href":"https:\/\/dbsnewsmedia.com\/index.php?rest_route=\/wp\/v2\/posts\/7642","targetHints":{"allow":["GET"]}}],"collection":[{"href":"https:\/\/dbsnewsmedia.com\/index.php?rest_route=\/wp\/v2\/posts"}],"about":[{"href":"https:\/\/dbsnewsmedia.com\/index.php?rest_route=\/wp\/v2\/types\/post"}],"author":[{"embeddable":true,"href":"https:\/\/dbsnewsmedia.com\/index.php?rest_route=\/wp\/v2\/users\/3"}],"replies":[{"embeddable":true,"href":"https:\/\/dbsnewsmedia.com\/index.php?rest_route=%2Fwp%2Fv2%2Fcomments&post=7642"}],"version-history":[{"count":1,"href":"https:\/\/dbsnewsmedia.com\/index.php?rest_route=\/wp\/v2\/posts\/7642\/revisions"}],"predecessor-version":[{"id":7644,"href":"https:\/\/dbsnewsmedia.com\/index.php?rest_route=\/wp\/v2\/posts\/7642\/revisions\/7644"}],"wp:featuredmedia":[{"embeddable":true,"href":"https:\/\/dbsnewsmedia.com\/index.php?rest_route=\/wp\/v2\/media\/7643"}],"wp:attachment":[{"href":"https:\/\/dbsnewsmedia.com\/index.php?rest_route=%2Fwp%2Fv2%2Fmedia&parent=7642"}],"wp:term":[{"taxonomy":"category","embeddable":true,"href":"https:\/\/dbsnewsmedia.com\/index.php?rest_route=%2Fwp%2Fv2%2Fcategories&post=7642"},{"taxonomy":"post_tag","embeddable":true,"href":"https:\/\/dbsnewsmedia.com\/index.php?rest_route=%2Fwp%2Fv2%2Ftags&post=7642"}],"curies":[{"name":"wp","href":"https:\/\/api.w.org\/{rel}","templated":true}]}}