{"id":7645,"date":"2026-04-29T23:00:17","date_gmt":"2026-04-29T20:00:17","guid":{"rendered":"https:\/\/dbsnewsmedia.com\/?p=7645"},"modified":"2026-04-29T23:00:17","modified_gmt":"2026-04-29T20:00:17","slug":"erzurumsporda-sylla-bilmecesi-super-lig-takimlari-pesinde","status":"publish","type":"post","link":"https:\/\/dbsnewsmedia.com\/?p=7645","title":{"rendered":"Erzurumspor&#8217;da Sylla bilmecesi: S\u00fcper Lig tak\u0131mlar\u0131 pe\u015finde"},"content":{"rendered":"\n<p>29.04.2026 23:00<\/p>\n\n\n\n<p>\u00d6n\u00fcm\u00fczdeki sezon Trendyol S\u00fcper Lig&#8217;de m\u00fccadele edecek Erzurumspor&#8217;da Cheikne Sylla&#8217;n\u0131n gelece\u011fi merak konusu olmu\u015f durumda.<\/p>\n\n\n\n<p>Bu sezon 1. Lig&#8217;deki 7 gol 3 asistlik performans\u0131yla&nbsp;<a href=\"https:\/\/ajansspor.com\/haberler\/erzurumspor\">Erzurumspor<\/a>&#8216;un lig \u015fampiyonlu\u011funun payda\u015flar\u0131ndan olan&nbsp;32 ya\u015f\u0131ndaki&nbsp;Sylla, sezon sonunda bitecek s\u00f6zle\u015fmesiyle di\u011fer S\u00fcper Lig tak\u0131mlar\u0131n\u0131n ilgisini \u00e7ekti.<\/p>\n\n\n\n<h2 class=\"wp-block-heading\"><strong>Sylla <\/strong>soru i\u015fareti<\/h2>\n\n\n\n<p>TransferFeed&#8217;in haberine g\u00f6re Erzurumspor&#8217;un Malili golc\u00fcs\u00fc Cheikne Sylla i\u00e7in&nbsp;<a href=\"https:\/\/ajansspor.com\/haberler\/konyaspor\">Konyaspor<\/a>,&nbsp;<a href=\"https:\/\/ajansspor.com\/haberler\/kasimpasa\">Kas\u0131mpa\u015fa<\/a>&nbsp;ve&nbsp;<a href=\"https:\/\/ajansspor.com\/haberler\/gaziantep-fk\">Gaziantep FK<\/a>&nbsp;devrede. Haberde, S\u00fcper Lig ekiplerinin bu yaz s\u00f6zle\u015fmesi sona erecek 32 ya\u015f\u0131ndaki oyuncuyu kadrolar\u0131na katmak i\u00e7in \u00f6n\u00fcm\u00fczdeki g\u00fcnlerde harekete ge\u00e7ece\u011fi iddia edildi.<\/p>\n\n\n\n<h2 class=\"wp-block-heading\"><strong>Erzurumspor&#8217;un karar\u0131 belli oldu<\/strong><\/h2>\n\n\n\n<p>Sezon sonunda s\u00f6zle\u015fmesi bitecek Sylla&#8217;n\u0131n ad\u0131 di\u011fer S\u00fcper Lig ekipleriyle an\u0131l\u0131rken, Dada\u015flar&#8217;\u0131n da Malili oyuncusunun gelece\u011fi hakk\u0131ndaki karar\u0131n\u0131 verdi\u011fi belirtildi. Haberde, Do\u011fu Anadolu temsilcisinin 32 ya\u015f\u0131ndaki golc\u00fcn\u00fcn \u015fampiyonluk yolunda verdi\u011fi katk\u0131dan memnun oldu\u011fu ve \u00f6n\u00fcm\u00fczdeki g\u00fcnlerde Sylla&#8217;yla yeni s\u00f6zle\u015fme i\u00e7in masaya oturaca\u011f\u0131 a\u00e7\u0131kland\u0131.<\/p>\n\n\n\n<figure class=\"wp-block-image\"><img decoding=\"async\" src=\"https:\/\/ajansspor.com\/_next\/image?url=https%3A%2F%2Fcdn.ajansspor.com%2Fajansspor%2Fphoto%2F2026%2F04%2F04bf52ba-cc7f-498d-a3f2-621fbbe14774.jpg&amp;w=3840&amp;q=75\" alt=\"Cheikne Sylla\"\/><figcaption class=\"wp-element-caption\">Cheikne Sylla<\/figcaption><\/figure>\n\n\n\n<h2 class=\"wp-block-heading\"><strong>Top oyuncuda<\/strong><\/h2>\n\n\n\n<p>Ocak 2025&#8217;ten bu yana Erzurumspor formas\u0131 giyen Cheikne Sylla, gelece\u011fi hakk\u0131ndaki karar\u0131 \u00f6n\u00fcm\u00fczdeki g\u00fcnlerde verecek. Malili oyuncunun s\u00f6zle\u015fmesini uzatarak S\u00fcper Lig&#8217;de de Dada\u015flar&#8217;\u0131 temsil etme veya \u00f6n\u00fcndeki di\u011fer se\u00e7enekleri de\u011ferlendirme ihtimali bulunuyor.<\/p>\n\n\n\n<p>Kaynak:<a href=\"https:\/\/ajansspor.com\/haber\/erzurumsporda-sylla-bilmecesi-super-lig-takimlari-pesinde-724684\">https:\/\/ajansspor.com\/haber\/erzurumsporda-sylla-bilmecesi-super-lig-takimlari-pesinde-724684<\/a><\/p>\n","protected":false},"excerpt":{"rendered":"<p>29.04.2026 23:00 \u00d6n\u00fcm\u00fczdeki sezon Trendyol S\u00fcper Lig&#8217;de m\u00fccadele edecek Erzurumspor&#8217;da Cheikne Sylla&#8217;n\u0131n gelece\u011fi merak konusu olmu\u015f durumda. Bu sezon 1. Lig&#8217;deki 7 gol 3 asistlik performans\u0131yla&nbsp;Erzurumspor&#8216;un lig \u015fampiyonlu\u011funun payda\u015flar\u0131ndan olan&nbsp;32 ya\u015f\u0131ndaki&nbsp;Sylla, sezon sonunda bitecek s\u00f6zle\u015fmesiyle di\u011fer S\u00fcper Lig tak\u0131mlar\u0131n\u0131n ilgisini \u00e7ekti. Sylla soru i\u015fareti TransferFeed&#8217;in haberine g\u00f6re Erzurumspor&#8217;un Malili golc\u00fcs\u00fc Cheikne Sylla i\u00e7in&nbsp;Konyaspor,&nbsp;Kas\u0131mpa\u015fa&nbsp;ve&nbsp;Gaziantep FK&nbsp;devrede. Haberde,&#8230;<\/p>\n","protected":false},"author":2,"featured_media":7646,"comment_status":"open","ping_status":"open","sticky":false,"template":"","format":"standard","meta":{"_jetpack_memberships_contains_paid_content":false,"footnotes":""},"categories":[8],"tags":[],"class_list":["post-7645","post","type-post","status-publish","format-standard","has-post-thumbnail","hentry","category-spor"],"jetpack_featured_media_url":"https:\/\/dbsnewsmedia.com\/wp-content\/uploads\/2026\/04\/fcd00ade-ac2d-4c00-9c3e-3d159af3f4e2.jpeg","jetpack_sharing_enabled":true,"_links":{"self":[{"href":"https:\/\/dbsnewsmedia.com\/index.php?rest_route=\/wp\/v2\/posts\/7645","targetHints":{"allow":["GET"]}}],"collection":[{"href":"https:\/\/dbsnewsmedia.com\/index.php?rest_route=\/wp\/v2\/posts"}],"about":[{"href":"https:\/\/dbsnewsmedia.com\/index.php?rest_route=\/wp\/v2\/types\/post"}],"author":[{"embeddable":true,"href":"https:\/\/dbsnewsmedia.com\/index.php?rest_route=\/wp\/v2\/users\/2"}],"replies":[{"embeddable":true,"href":"https:\/\/dbsnewsmedia.com\/index.php?rest_route=%2Fwp%2Fv2%2Fcomments&post=7645"}],"version-history":[{"count":1,"href":"https:\/\/dbsnewsmedia.com\/index.php?rest_route=\/wp\/v2\/posts\/7645\/revisions"}],"predecessor-version":[{"id":7647,"href":"https:\/\/dbsnewsmedia.com\/index.php?rest_route=\/wp\/v2\/posts\/7645\/revisions\/7647"}],"wp:featuredmedia":[{"embeddable":true,"href":"https:\/\/dbsnewsmedia.com\/index.php?rest_route=\/wp\/v2\/media\/7646"}],"wp:attachment":[{"href":"https:\/\/dbsnewsmedia.com\/index.php?rest_route=%2Fwp%2Fv2%2Fmedia&parent=7645"}],"wp:term":[{"taxonomy":"category","embeddable":true,"href":"https:\/\/dbsnewsmedia.com\/index.php?rest_route=%2Fwp%2Fv2%2Fcategories&post=7645"},{"taxonomy":"post_tag","embeddable":true,"href":"https:\/\/dbsnewsmedia.com\/index.php?rest_route=%2Fwp%2Fv2%2Ftags&post=7645"}],"curies":[{"name":"wp","href":"https:\/\/api.w.org\/{rel}","templated":true}]}}