{"id":7648,"date":"2026-04-29T23:02:50","date_gmt":"2026-04-29T20:02:50","guid":{"rendered":"https:\/\/dbsnewsmedia.com\/?p=7648"},"modified":"2026-04-29T23:03:04","modified_gmt":"2026-04-29T20:03:04","slug":"fenerbahcenin-yeni-transferi-beytullah-hatipoglu-yola-cikti","status":"publish","type":"post","link":"https:\/\/dbsnewsmedia.com\/?p=7648","title":{"rendered":"Fenerbah\u00e7e\u2019nin yeni transferi Beytullah Hatipo\u011flu yola \u00e7\u0131kt\u0131"},"content":{"rendered":"\n<p>29.04.2026 23:02<\/p>\n\n\n\n<p>Transfer haberleri. Efeler Ligi tak\u0131mlar\u0131ndan Spor Toto formas\u0131 giyen ba\u015far\u0131l\u0131 libero Beytullah Hatipo\u011flu, Fenerbah\u00e7e ile anla\u015ft\u0131.<\/p>\n\n\n\n<p><a href=\"https:\/\/ajansspor.com\/voleybol\/efeler-ligi\">Efeler Ligi<\/a>&nbsp;ekiplerinden Fenerbah\u00e7e Medicana,&nbsp;<a href=\"https:\/\/ajansspor.com\/haberler\/spor-toto\">Spor Toto<\/a>&nbsp;formas\u0131 giyen ba\u015far\u0131l\u0131 libero Beytullah Hatipo\u011flu ile anla\u015fmaya vard\u0131.<\/p>\n\n\n\n<h2 class=\"wp-block-heading\">Beytullah Hatipo\u011flu, \u0130stanbul&#8217;a Geliyor<\/h2>\n\n\n\n<p>Mintonette sitesinde yer alan habere g\u00f6re son iki sezondur Spor Toto formas\u0131 giyen ba\u015far\u0131l\u0131 libero Beytullah Hatipo\u011flu \u00f6n\u00fcm\u00fczdeki sezon \u0130stanbul\u2019da oynayacak.<\/p>\n\n\n\n<figure class=\"wp-block-image\"><img decoding=\"async\" src=\"https:\/\/ajansspor.com\/_next\/image?url=https%3A%2F%2Fcdn.ajansspor.com%2Fajansspor%2Fphoto%2F2026%2F04%2Ff6872fd5-81d7-4f34-8787-09b8b6d0de46.jpg&amp;w=3840&amp;q=75\" alt=\"Beytullah Hatipo\u011flu\"\/><figcaption class=\"wp-element-caption\">Beytullah Hatipo\u011flu<\/figcaption><\/figure>\n\n\n\n<h2 class=\"wp-block-heading\">Fenerbah\u00e7e formas\u0131 terletecek<\/h2>\n\n\n\n<p>SMS Grup Efeler Ligi\u2019nde son 2 sezon Spor Toto formas\u0131 giyen Beytullah Hatipo\u011flu \u00f6n\u00fcm\u00fczdeki sene Fenerbah\u00e7e formas\u0131 ile m\u00fccadele edecek.<\/p>\n\n\n\n<h2 class=\"wp-block-heading\">Ankara\u2019ya elveda dedi<\/h2>\n\n\n\n<p>Halkbank ile verdikleri 3.\u2019l\u00fck m\u00fccadelesinde seyir zevki y\u00fcksek ma\u00e7lar izleten Spor Toto ile d\u00fcn son ma\u00e7\u0131na \u00e7\u0131kan Beytullah Hatipo\u011flu Ankara\u2019ya veda etti.<a href=\"https:\/\/ajansspor.com\/haber\/fenerbahce-domenico-tedesco-takimimizla-vedalasti-724653\"><\/a><\/p>\n\n\n\n<h2 class=\"wp-block-heading\">Forma giydi\u011fi tak\u0131mlar<\/h2>\n\n\n\n<p>Tofa\u015f Spor Kul\u00fcb\u00fc\u2019nden yeti\u015fen 34 ya\u015f\u0131ndaki ba\u015far\u0131l\u0131 libero daha \u00f6nce \u015fu tak\u0131mlarda oynad\u0131:<\/p>\n\n\n\n<p>2021\/24 Galatasaray HDI Sigorta<\/p>\n\n\n\n<p>2019\/21 \u0130BB Spor Kul\u00fcb\u00fc<\/p>\n\n\n\n<p>2017\/19 Afyon Belediye Y\u00fcnta\u015f S.K.<\/p>\n\n\n\n<p>2015\/17 \u0130neg\u00f6l Belediyespor<\/p>\n\n\n\n<p>2014\/15 Tofa\u015f Spor Kul\u00fcb\u00fc<\/p>\n\n\n\n<p>2013\/14 \u0130neg\u00f6l Belediyespor<\/p>\n\n\n\n<p>2012\/13 \u0130neg\u00f6l Belediyespor<\/p>\n\n\n\n<p>2011\/12 Bursa Emniyetspor<\/p>\n\n\n\n<p>2010\/11 Tofa\u015f Spor Kul\u00fcb\u00fc<\/p>\n\n\n\n<p>Kaynak:<a href=\"https:\/\/ajansspor.com\/haber\/fenerbahcenin-yeni-transferi-beytullah-hatipoglu-yola-cikti-724672\">https:\/\/ajansspor.com\/haber\/fenerbahcenin-yeni-transferi-beytullah-hatipoglu-yola-cikti-724672<\/a><\/p>\n","protected":false},"excerpt":{"rendered":"<p>29.04.2026 23:02 Transfer haberleri. Efeler Ligi tak\u0131mlar\u0131ndan Spor Toto formas\u0131 giyen ba\u015far\u0131l\u0131 libero Beytullah Hatipo\u011flu, Fenerbah\u00e7e ile anla\u015ft\u0131. Efeler Ligi&nbsp;ekiplerinden Fenerbah\u00e7e Medicana,&nbsp;Spor Toto&nbsp;formas\u0131 giyen ba\u015far\u0131l\u0131 libero Beytullah Hatipo\u011flu ile anla\u015fmaya vard\u0131. Beytullah Hatipo\u011flu, \u0130stanbul&#8217;a Geliyor Mintonette sitesinde yer alan habere g\u00f6re son iki sezondur Spor Toto formas\u0131 giyen ba\u015far\u0131l\u0131 libero Beytullah Hatipo\u011flu \u00f6n\u00fcm\u00fczdeki sezon \u0130stanbul\u2019da&#8230;<\/p>\n","protected":false},"author":2,"featured_media":7649,"comment_status":"open","ping_status":"open","sticky":false,"template":"","format":"standard","meta":{"_jetpack_memberships_contains_paid_content":false,"footnotes":""},"categories":[8],"tags":[],"class_list":["post-7648","post","type-post","status-publish","format-standard","has-post-thumbnail","hentry","category-spor"],"jetpack_featured_media_url":"https:\/\/dbsnewsmedia.com\/wp-content\/uploads\/2026\/04\/66e892b4-f0c3-45ff-8167-7435a4dc06d4.jpeg","jetpack_sharing_enabled":true,"_links":{"self":[{"href":"https:\/\/dbsnewsmedia.com\/index.php?rest_route=\/wp\/v2\/posts\/7648","targetHints":{"allow":["GET"]}}],"collection":[{"href":"https:\/\/dbsnewsmedia.com\/index.php?rest_route=\/wp\/v2\/posts"}],"about":[{"href":"https:\/\/dbsnewsmedia.com\/index.php?rest_route=\/wp\/v2\/types\/post"}],"author":[{"embeddable":true,"href":"https:\/\/dbsnewsmedia.com\/index.php?rest_route=\/wp\/v2\/users\/2"}],"replies":[{"embeddable":true,"href":"https:\/\/dbsnewsmedia.com\/index.php?rest_route=%2Fwp%2Fv2%2Fcomments&post=7648"}],"version-history":[{"count":1,"href":"https:\/\/dbsnewsmedia.com\/index.php?rest_route=\/wp\/v2\/posts\/7648\/revisions"}],"predecessor-version":[{"id":7650,"href":"https:\/\/dbsnewsmedia.com\/index.php?rest_route=\/wp\/v2\/posts\/7648\/revisions\/7650"}],"wp:featuredmedia":[{"embeddable":true,"href":"https:\/\/dbsnewsmedia.com\/index.php?rest_route=\/wp\/v2\/media\/7649"}],"wp:attachment":[{"href":"https:\/\/dbsnewsmedia.com\/index.php?rest_route=%2Fwp%2Fv2%2Fmedia&parent=7648"}],"wp:term":[{"taxonomy":"category","embeddable":true,"href":"https:\/\/dbsnewsmedia.com\/index.php?rest_route=%2Fwp%2Fv2%2Fcategories&post=7648"},{"taxonomy":"post_tag","embeddable":true,"href":"https:\/\/dbsnewsmedia.com\/index.php?rest_route=%2Fwp%2Fv2%2Ftags&post=7648"}],"curies":[{"name":"wp","href":"https:\/\/api.w.org\/{rel}","templated":true}]}}