{"id":7651,"date":"2026-04-29T23:05:13","date_gmt":"2026-04-29T20:05:13","guid":{"rendered":"https:\/\/dbsnewsmedia.com\/?p=7651"},"modified":"2026-04-29T23:05:13","modified_gmt":"2026-04-29T20:05:13","slug":"michelin-tire-technology-expo-2026ya-damga-vurdu-inovasyon-ve-surdurulebilirlikte-4-buyuk-odul","status":"publish","type":"post","link":"https:\/\/dbsnewsmedia.com\/?p=7651","title":{"rendered":"Michelin, Tire Technology Expo 2026\u2019ya Damga Vurdu: \u0130novasyon ve S\u00fcrd\u00fcr\u00fclebilirlikte 4 B\u00fcy\u00fck \u00d6d\u00fcl"},"content":{"rendered":"\n<p>29.04.2026 23:05<\/p>\n\n\n\n<p>Almanya&#8217;n\u0131n Hannover kentinde d\u00fczenlenen ve lastik sekt\u00f6r\u00fcn\u00fcn en prestijli k\u00fcresel etkinliklerinden biri olarak kabul edilen <strong>Tire Technology Expo 2026<\/strong>&#8216;da Michelin r\u00fczgar\u0131 esti. \u015eirket; tasar\u0131m, \u00fcr\u00fcn performans\u0131, s\u00fcrd\u00fcr\u00fclebilirlik ve kariyer ba\u015far\u0131lar\u0131 alanlar\u0131nda toplam d\u00f6rt b\u00fcy\u00fck \u00f6d\u00fcl birden kazanarak k\u00fcresel arenadaki Ar-Ge g\u00fcc\u00fcn\u00fc ve yenilik\u00e7i vizyonunu bir kez daha kan\u0131tlad\u0131.<\/p>\n\n\n\n<p>\u0130\u015fte organizasyonda \u00f6ne \u00e7\u0131kan \u00f6d\u00fcller ve Michelin&#8217;in ezber bozan teknolojileri:<\/p>\n\n\n\n<h3 class=\"wp-block-heading\">1. Y\u0131l\u0131n Konsepti \u00d6d\u00fcl\u00fc: M\u0130LAW ile Ay Y\u00fczeyine Yolculuk<\/h3>\n\n\n\n<p>Michelin\u2019in teknolojik ufkunu uzaya ta\u015f\u0131yan ve gelecekteki Artemis Ay g\u00f6revlerinde kullan\u0131lmak \u00fczere tasarlanan <strong>M\u0130LAW (Michelin Lunar Airless Wheel)<\/strong>, organizasyonda <strong>&#8220;Y\u0131l\u0131n Konsepti&#8221;<\/strong> \u00f6d\u00fcl\u00fcne lay\u0131k g\u00f6r\u00fcld\u00fc. \u015eirketin 20 y\u0131l\u0131 a\u015fk\u0131n s\u00fcredir \u00fczerinde \u00e7al\u0131\u015ft\u0131\u011f\u0131 havas\u0131z yap\u0131lar, y\u00fcksek teknolojili polimerler ve 3 boyutlu bask\u0131 gibi geli\u015fmi\u015f \u00fcretim s\u00fcre\u00e7lerinin bir eseri olan bu konsept, s\u0131n\u0131rlar\u0131 zorluyor:<\/p>\n\n\n\n<ul class=\"wp-block-list\">\n<li><strong>-240\u00b0C ile +100\u00b0C<\/strong> aras\u0131ndaki ekstrem s\u0131cakl\u0131k farklar\u0131nda \u00e7al\u0131\u015fabiliyor.<\/li>\n\n\n\n<li>Y\u00fcksek radyasyona ve a\u015f\u0131nd\u0131r\u0131c\u0131 arazi ko\u015fullar\u0131na kar\u015f\u0131 tam dayan\u0131kl\u0131l\u0131k g\u00f6steriyor.<\/li>\n<\/ul>\n\n\n\n<p>M\u0130LAW ile elde edilen bu teknolojik bilgi birikimi yaln\u0131zca uzayla s\u0131n\u0131rl\u0131 kalmayacak; D\u00fcnya\u2019daki zorlu arazi ko\u015fullar\u0131 i\u00e7in geli\u015ftirilecek uzun \u00f6m\u00fcrl\u00fc ve dayan\u0131kl\u0131 lastik \u00e7\u00f6z\u00fcmlerine de do\u011frudan katk\u0131 sa\u011flayacak.<\/p>\n\n\n\n<h3 class=\"wp-block-heading\">2. Y\u0131l\u0131n Lasti\u011fi \u00d6d\u00fcl\u00fc: Primacy 5 Energy ile Performansta Yeni Standart<\/h3>\n\n\n\n<p>Etkinli\u011fin en \u00e7ok merak edilen kategorilerinden olan <strong>&#8220;Y\u0131l\u0131n Lasti\u011fi&#8221;<\/strong> \u00f6d\u00fcl\u00fcn\u00fcn sahibi ise <strong>MICHELIN Primacy 5 Energy<\/strong> oldu. \u00dc\u00e7 farkl\u0131 kategoride <strong>A derecesine<\/strong> sahip olan bu uzun \u00f6m\u00fcrl\u00fc yaz lasti\u011fi, daha piyasaya \u00e7\u0131kmadan sekt\u00f6r\u00fc domine etmeyi ba\u015fard\u0131. Lansman \u00f6ncesi s\u00fcre\u00e7te 20&#8217;den fazla k\u00fcresel otomotiv markas\u0131 taraf\u0131ndan tercih edilen bu yenilik\u00e7i lastik, 50&#8217;den fazla yeni ara\u00e7 modelinde orijinal ekipman olarak kullan\u0131lacak.<\/p>\n\n\n\n<h3 class=\"wp-block-heading\">3. &#8220;Ortak G\u00fcc\u00fcn ve Bilimsel Derinli\u011fin G\u00f6stergesi&#8221;<\/h3>\n\n\n\n<p>Kazan\u0131lan bu tarihi ba\u015far\u0131n\u0131n ard\u0131ndan de\u011ferlendirmelerde bulunan <strong>Michelin Grubu Ar-Ge Ba\u015fkan Yard\u0131mc\u0131s\u0131 Philippe Jacquin<\/strong>, inovasyonun alt\u0131n\u0131 \u00e7izerek \u015funlar\u0131 kaydetti:<\/p>\n\n\n\n<blockquote class=\"wp-block-quote is-layout-flow wp-block-quote-is-layout-flow\">\n<p><em>&#8220;Bu \u00f6d\u00fcller, ekiplerimizin kolektif g\u00fcc\u00fcn\u00fcn ve inovasyonlar\u0131m\u0131z\u0131n bilimsel, teknolojik ve \u00e7evresel derinli\u011finin \u00e7ok g\u00fc\u00e7l\u00fc bir g\u00f6stergesidir.&#8221;<\/em><\/p>\n<\/blockquote>\n\n\n\n<h3 class=\"wp-block-heading\">Gelece\u011fe G\u00fc\u00e7l\u00fc Mesaj<\/h3>\n\n\n\n<p>Michelin, elde etti\u011fi bu d\u00f6rt \u00f6d\u00fclle t\u00fcm d\u00fcnyaya net bir mesaj veriyor: Sadece D\u00fcnya&#8217;da de\u011fil, D\u00fcnya&#8217;n\u0131n \u00f6tesinde de daha g\u00fcvenli, daha y\u00fcksek performansl\u0131 ve \u00e7evreye duyarl\u0131 bir mobilite ekosistemi yaratmak i\u00e7in inovasyon ve Ar-Ge yat\u0131r\u0131mlar\u0131 h\u0131z kesmeden devam edecek.<\/p>\n\n\n\n<p>Kaynak:<a href=\"https:\/\/otopodyum.com.tr\/yan-sanayi\/micheline-tire-technology-expo-2026da-dort-odul-birden-4782h\">https:\/\/otopodyum.com.tr\/yan-sanayi\/micheline-tire-technology-expo-2026da-dort-odul-birden-4782h<\/a><\/p>\n","protected":false},"excerpt":{"rendered":"<p>29.04.2026 23:05 Almanya&#8217;n\u0131n Hannover kentinde d\u00fczenlenen ve lastik sekt\u00f6r\u00fcn\u00fcn en prestijli k\u00fcresel etkinliklerinden biri olarak kabul edilen Tire Technology Expo 2026&#8216;da Michelin r\u00fczgar\u0131 esti. \u015eirket; tasar\u0131m, \u00fcr\u00fcn performans\u0131, s\u00fcrd\u00fcr\u00fclebilirlik ve kariyer ba\u015far\u0131lar\u0131 alanlar\u0131nda toplam d\u00f6rt b\u00fcy\u00fck \u00f6d\u00fcl birden kazanarak k\u00fcresel arenadaki Ar-Ge g\u00fcc\u00fcn\u00fc ve yenilik\u00e7i vizyonunu bir kez daha kan\u0131tlad\u0131. \u0130\u015fte organizasyonda \u00f6ne \u00e7\u0131kan \u00f6d\u00fcller&#8230;<\/p>\n","protected":false},"author":2,"featured_media":7652,"comment_status":"open","ping_status":"open","sticky":false,"template":"","format":"standard","meta":{"_jetpack_memberships_contains_paid_content":false,"footnotes":""},"categories":[9],"tags":[],"class_list":["post-7651","post","type-post","status-publish","format-standard","has-post-thumbnail","hentry","category-otomobil"],"jetpack_featured_media_url":"https:\/\/dbsnewsmedia.com\/wp-content\/uploads\/2026\/04\/5057-1.jpg","jetpack_sharing_enabled":true,"_links":{"self":[{"href":"https:\/\/dbsnewsmedia.com\/index.php?rest_route=\/wp\/v2\/posts\/7651","targetHints":{"allow":["GET"]}}],"collection":[{"href":"https:\/\/dbsnewsmedia.com\/index.php?rest_route=\/wp\/v2\/posts"}],"about":[{"href":"https:\/\/dbsnewsmedia.com\/index.php?rest_route=\/wp\/v2\/types\/post"}],"author":[{"embeddable":true,"href":"https:\/\/dbsnewsmedia.com\/index.php?rest_route=\/wp\/v2\/users\/2"}],"replies":[{"embeddable":true,"href":"https:\/\/dbsnewsmedia.com\/index.php?rest_route=%2Fwp%2Fv2%2Fcomments&post=7651"}],"version-history":[{"count":1,"href":"https:\/\/dbsnewsmedia.com\/index.php?rest_route=\/wp\/v2\/posts\/7651\/revisions"}],"predecessor-version":[{"id":7653,"href":"https:\/\/dbsnewsmedia.com\/index.php?rest_route=\/wp\/v2\/posts\/7651\/revisions\/7653"}],"wp:featuredmedia":[{"embeddable":true,"href":"https:\/\/dbsnewsmedia.com\/index.php?rest_route=\/wp\/v2\/media\/7652"}],"wp:attachment":[{"href":"https:\/\/dbsnewsmedia.com\/index.php?rest_route=%2Fwp%2Fv2%2Fmedia&parent=7651"}],"wp:term":[{"taxonomy":"category","embeddable":true,"href":"https:\/\/dbsnewsmedia.com\/index.php?rest_route=%2Fwp%2Fv2%2Fcategories&post=7651"},{"taxonomy":"post_tag","embeddable":true,"href":"https:\/\/dbsnewsmedia.com\/index.php?rest_route=%2Fwp%2Fv2%2Ftags&post=7651"}],"curies":[{"name":"wp","href":"https:\/\/api.w.org\/{rel}","templated":true}]}}