{"id":7654,"date":"2026-04-29T23:06:12","date_gmt":"2026-04-29T20:06:12","guid":{"rendered":"https:\/\/dbsnewsmedia.com\/?p=7654"},"modified":"2026-04-29T23:06:12","modified_gmt":"2026-04-29T20:06:12","slug":"mini-dunyasi-cebinizde-mini-turkiye-mobil-uygulamasi-yayina-girdi","status":"publish","type":"post","link":"https:\/\/dbsnewsmedia.com\/?p=7654","title":{"rendered":"MINI D\u00fcnyas\u0131 Cebinizde: MINI T\u00fcrkiye Mobil Uygulamas\u0131 Yay\u0131na Girdi!"},"content":{"rendered":"\n<p>29.04.2026 23:06<\/p>\n\n\n\n<p>MINI, dijital d\u00f6n\u00fc\u015f\u00fcm yolculu\u011funda vites b\u00fcy\u00fcterek T\u00fcrkiye\u2019deki kullan\u0131c\u0131lar\u0131na \u00f6zel yeni mobil uygulamas\u0131n\u0131 App Store ve Google Play \u00fczerinden sundu. Art\u0131k MINI tutkunlar\u0131 ile marka aras\u0131ndaki ba\u011f, sadece s\u00fcr\u00fc\u015f an\u0131yla s\u0131n\u0131rl\u0131 kalmay\u0131p kesintisiz bir dijital deneyime d\u00f6n\u00fc\u015f\u00fcyor.<\/p>\n\n\n\n<h3 class=\"wp-block-heading\">Dijitalle\u015fen S\u00fcr\u00fc\u015f Deneyimi ve S\u00fcrekli Etkile\u015fim<\/h3>\n\n\n\n<p>Yeni uygulama, MINI kullan\u0131c\u0131lar\u0131n\u0131n ara\u00e7lar\u0131yla olan ili\u015fkisini &#8220;tek seferlik bir temas&#8221; olmaktan \u00e7\u0131kar\u0131p interaktif bir ekosisteme ta\u015f\u0131yor. Kullan\u0131c\u0131 dostu aray\u00fcz\u00fc ile dikkat \u00e7eken platform, otomobil sahibi olman\u0131n \u00f6tesinde bir ya\u015fam tarz\u0131 asistan\u0131 olarak konumlan\u0131yor.<\/p>\n\n\n\n<h3 class=\"wp-block-heading\">Uygulaman\u0131n \u00d6ne \u00c7\u0131kan \u00d6zellikleri<\/h3>\n\n\n\n<p>Uygulama, MINI sahiplerinin hayat\u0131n\u0131 kolayla\u015ft\u0131racak pek \u00e7ok fonksiyonu tek bir merkezde topluyor:<\/p>\n\n\n\n<ul class=\"wp-block-list\">\n<li><strong>Online Servis Randevusu:<\/strong> Arac\u0131n\u0131z\u0131n bak\u0131m ve servis ihtiya\u00e7lar\u0131 i\u00e7in saniyeler i\u00e7inde randevu olu\u015fturma imkan\u0131.<\/li>\n\n\n\n<li><strong>Ki\u015fiselle\u015ftirilmi\u015f Bildirimler:<\/strong> Araca dair g\u00fcncellemeler, \u00f6zel teklifler ve etkinlik duyurular\u0131na an\u0131nda eri\u015fim.<\/li>\n\n\n\n<li><strong>MINI D\u00fcnyas\u0131ndan Haberler:<\/strong> Markan\u0131n k\u00fcresel ve yerel vizyonuna dair en g\u00fcncel geli\u015fmeler ve &#8220;Big Love&#8221; felsefesiyle \u015fekillenen i\u00e7erikler.<\/li>\n\n\n\n<li><strong>M\u00fc\u015fteri Destek Hatt\u0131:<\/strong> \u0130htiya\u00e7 duyulan her an MINI temsilcilerine do\u011frudan ula\u015f\u0131m kolayl\u0131\u011f\u0131.<\/li>\n<\/ul>\n\n\n\n<h3 class=\"wp-block-heading\">Gelece\u011fin Mobilite Vizyonu: &#8220;Ba\u011flant\u0131da Kal&#8221;<\/h3>\n\n\n\n<p>MINI T\u00fcrkiye\u2019nin bu hamlesi, sadece bir yaz\u0131l\u0131m g\u00fcncellemesi de\u011fil; ayn\u0131 zamanda markan\u0131n <strong>&#8220;ki\u015fiselle\u015ftirilmi\u015f m\u00fc\u015fteri deneyimi&#8221;<\/strong> vizyonunun en somut \u00f6rne\u011fi. Kullan\u0131c\u0131lar, ara\u00e7lar\u0131n\u0131n sa\u011fl\u0131k durumunu takip ederken ayn\u0131 zamanda MINI toplulu\u011funun bir par\u00e7as\u0131 olduklar\u0131n\u0131 her an hissedebilecekler.<\/p>\n\n\n\n<blockquote class=\"wp-block-quote is-layout-flow wp-block-quote-is-layout-flow\">\n<p><strong>Edit\u00f6r\u00fcn Notu:<\/strong> MINI T\u00fcrkiye mobil uygulamas\u0131, modern otomobil kullan\u0131c\u0131s\u0131n\u0131n &#8220;h\u0131z ve pratiklik&#8221; beklentisini tam merkezden yakal\u0131yor. Dijitalle\u015fen otomotiv d\u00fcnyas\u0131nda art\u0131k anahtar kadar mobil uygulamalar da arac\u0131n vazge\u00e7ilmez bir par\u00e7as\u0131 haline geldi.<\/p>\n\n\n\n<p>Kaynak:<a href=\"https:\/\/otopodyum.com.tr\/firmalar-dernekler\/mini-turkiye-mobil-uygulamasi-yayinda-4781h\">https:\/\/otopodyum.com.tr\/firmalar-dernekler\/mini-turkiye-mobil-uygulamasi-yayinda-4781h<\/a><\/p>\n<\/blockquote>\n","protected":false},"excerpt":{"rendered":"<p>29.04.2026 23:06 MINI, dijital d\u00f6n\u00fc\u015f\u00fcm yolculu\u011funda vites b\u00fcy\u00fcterek T\u00fcrkiye\u2019deki kullan\u0131c\u0131lar\u0131na \u00f6zel yeni mobil uygulamas\u0131n\u0131 App Store ve Google Play \u00fczerinden sundu. Art\u0131k MINI tutkunlar\u0131 ile marka aras\u0131ndaki ba\u011f, sadece s\u00fcr\u00fc\u015f an\u0131yla s\u0131n\u0131rl\u0131 kalmay\u0131p kesintisiz bir dijital deneyime d\u00f6n\u00fc\u015f\u00fcyor. Dijitalle\u015fen S\u00fcr\u00fc\u015f Deneyimi ve S\u00fcrekli Etkile\u015fim Yeni uygulama, MINI kullan\u0131c\u0131lar\u0131n\u0131n ara\u00e7lar\u0131yla olan ili\u015fkisini &#8220;tek seferlik bir temas&#8221;&#8230;<\/p>\n","protected":false},"author":2,"featured_media":7655,"comment_status":"open","ping_status":"open","sticky":false,"template":"","format":"standard","meta":{"_jetpack_memberships_contains_paid_content":false,"footnotes":""},"categories":[9],"tags":[],"class_list":["post-7654","post","type-post","status-publish","format-standard","has-post-thumbnail","hentry","category-otomobil"],"jetpack_featured_media_url":"https:\/\/dbsnewsmedia.com\/wp-content\/uploads\/2026\/04\/5056.jpg","jetpack_sharing_enabled":true,"_links":{"self":[{"href":"https:\/\/dbsnewsmedia.com\/index.php?rest_route=\/wp\/v2\/posts\/7654","targetHints":{"allow":["GET"]}}],"collection":[{"href":"https:\/\/dbsnewsmedia.com\/index.php?rest_route=\/wp\/v2\/posts"}],"about":[{"href":"https:\/\/dbsnewsmedia.com\/index.php?rest_route=\/wp\/v2\/types\/post"}],"author":[{"embeddable":true,"href":"https:\/\/dbsnewsmedia.com\/index.php?rest_route=\/wp\/v2\/users\/2"}],"replies":[{"embeddable":true,"href":"https:\/\/dbsnewsmedia.com\/index.php?rest_route=%2Fwp%2Fv2%2Fcomments&post=7654"}],"version-history":[{"count":1,"href":"https:\/\/dbsnewsmedia.com\/index.php?rest_route=\/wp\/v2\/posts\/7654\/revisions"}],"predecessor-version":[{"id":7656,"href":"https:\/\/dbsnewsmedia.com\/index.php?rest_route=\/wp\/v2\/posts\/7654\/revisions\/7656"}],"wp:featuredmedia":[{"embeddable":true,"href":"https:\/\/dbsnewsmedia.com\/index.php?rest_route=\/wp\/v2\/media\/7655"}],"wp:attachment":[{"href":"https:\/\/dbsnewsmedia.com\/index.php?rest_route=%2Fwp%2Fv2%2Fmedia&parent=7654"}],"wp:term":[{"taxonomy":"category","embeddable":true,"href":"https:\/\/dbsnewsmedia.com\/index.php?rest_route=%2Fwp%2Fv2%2Fcategories&post=7654"},{"taxonomy":"post_tag","embeddable":true,"href":"https:\/\/dbsnewsmedia.com\/index.php?rest_route=%2Fwp%2Fv2%2Ftags&post=7654"}],"curies":[{"name":"wp","href":"https:\/\/api.w.org\/{rel}","templated":true}]}}