{"id":7660,"date":"2026-04-29T23:09:00","date_gmt":"2026-04-29T20:09:00","guid":{"rendered":"https:\/\/dbsnewsmedia.com\/?p=7660"},"modified":"2026-04-29T23:09:00","modified_gmt":"2026-04-29T20:09:00","slug":"sahada-yeni-donem-gizli-konusmaya-kirmizi-kart","status":"publish","type":"post","link":"https:\/\/dbsnewsmedia.com\/?p=7660","title":{"rendered":"SAHADA YEN\u0130 D\u00d6NEM: G\u0130ZL\u0130 KONU\u015eMAYA KIRMIZI KART"},"content":{"rendered":"\n<p>29.04.2026 23:08<\/p>\n\n\n\n<figure class=\"wp-block-image\"><img decoding=\"async\" src=\"https:\/\/opennewsmedia.com\/wp-content\/uploads\/2026\/04\/dunya-kupasi-oncesi-yeni-karar-agiz-kapatma-ve-hakeme-itiraza-kirmizi-kart-um9z.jpg\" alt=\"\"\/><\/figure>\n\n\n\n<p>29.04.2026 14:45<\/p>\n\n\n\n<p>Uluslararas\u0131 Futbol Birli\u011fi Kurulu, D\u00fcnya Kupas\u0131 \u00f6ncesi yeni disiplin d\u00fczenlemeleriyle tart\u0131\u015fmal\u0131 davran\u0131\u015flara kar\u015f\u0131 yapt\u0131r\u0131mlar\u0131 sertle\u015ftiriyor. Yeni kurallara g\u00f6re, sahada a\u011f\u0131z kapatma veya protesto amac\u0131yla sahay\u0131 terk etme k\u0131rm\u0131z\u0131 kartla cezaland\u0131r\u0131labilecek.<a href=\"https:\/\/i.gazeteoksijen.com\/storage\/files\/images\/2026\/04\/29\/dunya-kupasi-oncesi-yeni-karar-agiz-kapatma-ve-hakeme-itiraza-kirmizi-kart-um9z.jpg\"><\/a><\/p>\n\n\n\n<hr class=\"wp-block-separator has-alpha-channel-opacity\"\/>\n\n\n\n<p>Uluslararas\u0131 Futbol Birli\u011fi Kurulu (IFAB), D\u00fcnya Kupas\u0131 \u00f6ncesi futbol sahalar\u0131ndaki \u201cuygunsuz davran\u0131\u015flar\u0131\u201d s\u0131n\u0131rlamak amac\u0131yla yeni disiplin d\u00fczenlemelerini onaylad\u0131. Buna g\u00f6re, tart\u0131\u015fma s\u0131ras\u0131nda a\u011fz\u0131n\u0131 kapatan veya hakem karar\u0131n\u0131 protesto ederek sahay\u0131 terk eden oyuncular k\u0131rm\u0131z\u0131 kartla cezaland\u0131r\u0131labilecek.<\/p>\n\n\n\n<p>Kurulun Vancouver\u2019da yapt\u0131\u011f\u0131 \u00f6zel toplant\u0131da kabul edilen ve FIFA taraf\u0131ndan da desteklenen de\u011fi\u015fiklikler, turnuva organizat\u00f6rlerine geni\u015f takdir yetkisi tan\u0131yor. IFAB a\u00e7\u0131klamas\u0131nda, \u201cOrganizat\u00f6r\u00fcn takdirine ba\u011fl\u0131 olarak, bir oyuncunun rakibiyle kar\u015f\u0131 kar\u015f\u0131ya geldi\u011fi bir durumda a\u011fz\u0131n\u0131 kapatmas\u0131 k\u0131rm\u0131z\u0131 kartla cezaland\u0131r\u0131labilir\u201d denildi.<\/p>\n\n\n\n<hr class=\"wp-block-separator has-alpha-channel-opacity\"\/>\n\n\n\n<h2 class=\"wp-block-heading\">TARTI\u015eMA BENFICA\u2013REAL MADR\u0130D MA\u00c7IYLA ALEVEND\u0130<\/h2>\n\n\n\n<p>Yeni d\u00fczenleme, UEFA \u015eampiyonlar Ligi\u2019nde oynanan SL Benfica \u2013 Real Madrid kar\u015f\u0131la\u015fmas\u0131n\u0131n ard\u0131ndan g\u00fcndeme geldi. Benfica formas\u0131 giyen Gianluca Prestianni\u2019nin, tart\u0131\u015fma s\u0131ras\u0131nda formas\u0131n\u0131 a\u011fz\u0131na \u00e7ekerek Vinicius Junior\u2019a y\u00f6nelik s\u00f6zlerini gizlemeye \u00e7al\u0131\u015ft\u0131\u011f\u0131 ve bu s\u0131rada ayr\u0131mc\u0131 ifadeler kulland\u0131\u011f\u0131 iddialar\u0131 tart\u0131\u015fma yaratm\u0131\u015ft\u0131.<\/p>\n\n\n\n<p>D\u00fczenlemeler yaln\u0131zca a\u011f\u0131z kapatma eylemiyle s\u0131n\u0131rl\u0131 de\u011fil. Hakem karar\u0131n\u0131 protesto etmek amac\u0131yla sahay\u0131 terk eden oyuncular da do\u011frudan k\u0131rm\u0131z\u0131 kart g\u00f6rebilecek. Ayn\u0131 \u015fekilde, teknik ekipten birinin oyuncular\u0131 bu y\u00f6nde te\u015fvik etmesi durumunda o ki\u015fi de ihra\u00e7 edilebilecek.<\/p>\n\n\n\n<p>Kural de\u011fi\u015fikli\u011finin arka plan\u0131nda, Afrika Uluslar Kupas\u0131 finalinde ya\u015fanan kriz de yer al\u0131yor. Senegal mill\u00ee tak\u0131m\u0131, uzatma dakikalar\u0131nda Fas mill\u00ee tak\u0131m\u0131 lehine verilen penalt\u0131 karar\u0131n\u0131 protesto ederek sahay\u0131 terk etmi\u015f, kar\u015f\u0131la\u015fma yakla\u015f\u0131k 15 dakika durmu\u015ftu. Fas\u2019\u0131n penalt\u0131y\u0131 ka\u00e7\u0131rmas\u0131n\u0131n ard\u0131ndan Senegal uzatmalarda gol bularak kupay\u0131 kazanm\u0131\u015f, ancak daha sonra unvan\u0131 geri al\u0131nm\u0131\u015ft\u0131. Dosya \u015fu anda Spor Tahkim Mahkemesi\u2019nde inceleniyor.<\/p>\n\n\n\n<hr class=\"wp-block-separator has-alpha-channel-opacity\"\/>\n\n\n\n<h2 class=\"wp-block-heading\">KURAL ZORUNLU TUTULMAYACAK<\/h2>\n\n\n\n<p>Yeni k\u0131rm\u0131z\u0131 kart uygulamalar\u0131 zorunlu olmayacak, ancak ba\u015fta FIFA olmak \u00fczere turnuva organizat\u00f6rleri isterse bu kurallar\u0131 devreye sokabilecek. IFAB, 2026 D\u00fcnya Kupas\u0131\u2019na kat\u0131lacak 48 tak\u0131m\u0131n \u00f6n\u00fcm\u00fczdeki haftalarda de\u011fi\u015fiklikler hakk\u0131nda bilgilendirilece\u011fini a\u00e7\u0131klad\u0131.<\/p>\n\n\n\n<p>\u00d6te yandan UEFA, Prestianni\u2019ye s\u00f6zl\u00fc istismar nedeniyle alt\u0131 ma\u00e7 ceza verdi; bu cezan\u0131n \u00fc\u00e7 ma\u00e7\u0131 ertelendi. E\u011fer Arjantin kadrosuna se\u00e7ilirse, gen\u00e7 oyuncu D\u00fcnya Kupas\u0131\u2019ndaki ilk iki ma\u00e7ta forma giyemeyecek.<\/p>\n\n\n\n<p>2026 D\u00fcnya Kupas\u0131\u2019n\u0131n 11 Haziran\u2019da, Meksiko\u2019da Meksika mill\u00ee tak\u0131m\u0131 ile G\u00fcney Afrika mill\u00ee tak\u0131m\u0131 aras\u0131nda oynanacak a\u00e7\u0131l\u0131\u015f ma\u00e7\u0131yla ba\u015flamas\u0131 planlan\u0131yor.<\/p>\n\n\n\n<p>Kaynak:&nbsp;<a href=\"https:\/\/gazeteoksijen.com\/spor\/dunya-kupasi-oncesi-yeni-karar-agiz-kapatma-ve-hakeme-itiraza-kirmizi-kart-273823\">https:\/\/gazeteoksijen.com\/spor\/dunya-kupasi-oncesi-yeni-karar-agiz-kapatma-ve-hakeme-itiraza-kirmizi-kart-273823<\/a><a href=\"https:\/\/opennewsmedia.com\/wp-admin\/post.php?post=6304&amp;action=edit\">Edit<\/a><\/p>\n\n\n\n<p>Kaynak Karde\u015f Haber:<a href=\"https:\/\/opennewsmedia.com\/2026\/04\/29\/sahada-yeni-donem-gizli-konusmaya-kirmizi-kart\/\">https:\/\/opennewsmedia.com\/2026\/04\/29\/sahada-yeni-donem-gizli-konusmaya-kirmizi-kart\/<\/a><\/p>\n","protected":false},"excerpt":{"rendered":"<p>29.04.2026 23:08 29.04.2026 14:45 Uluslararas\u0131 Futbol Birli\u011fi Kurulu, D\u00fcnya Kupas\u0131 \u00f6ncesi yeni disiplin d\u00fczenlemeleriyle tart\u0131\u015fmal\u0131 davran\u0131\u015flara kar\u015f\u0131 yapt\u0131r\u0131mlar\u0131 sertle\u015ftiriyor. Yeni kurallara g\u00f6re, sahada a\u011f\u0131z kapatma veya protesto amac\u0131yla sahay\u0131 terk etme k\u0131rm\u0131z\u0131 kartla cezaland\u0131r\u0131labilecek. Uluslararas\u0131 Futbol Birli\u011fi Kurulu (IFAB), D\u00fcnya Kupas\u0131 \u00f6ncesi futbol sahalar\u0131ndaki \u201cuygunsuz davran\u0131\u015flar\u0131\u201d s\u0131n\u0131rlamak amac\u0131yla yeni disiplin d\u00fczenlemelerini onaylad\u0131. Buna g\u00f6re, tart\u0131\u015fma&#8230;<\/p>\n","protected":false},"author":2,"featured_media":7661,"comment_status":"open","ping_status":"open","sticky":false,"template":"","format":"standard","meta":{"_jetpack_memberships_contains_paid_content":false,"footnotes":""},"categories":[8],"tags":[],"class_list":["post-7660","post","type-post","status-publish","format-standard","has-post-thumbnail","hentry","category-spor"],"jetpack_featured_media_url":"https:\/\/dbsnewsmedia.com\/wp-content\/uploads\/2026\/04\/dunya-kupasi-oncesi-yeni-karar-agiz-kapatma-ve-hakeme-itiraza-kirmizi-kart-um9z.jpg","jetpack_sharing_enabled":true,"_links":{"self":[{"href":"https:\/\/dbsnewsmedia.com\/index.php?rest_route=\/wp\/v2\/posts\/7660","targetHints":{"allow":["GET"]}}],"collection":[{"href":"https:\/\/dbsnewsmedia.com\/index.php?rest_route=\/wp\/v2\/posts"}],"about":[{"href":"https:\/\/dbsnewsmedia.com\/index.php?rest_route=\/wp\/v2\/types\/post"}],"author":[{"embeddable":true,"href":"https:\/\/dbsnewsmedia.com\/index.php?rest_route=\/wp\/v2\/users\/2"}],"replies":[{"embeddable":true,"href":"https:\/\/dbsnewsmedia.com\/index.php?rest_route=%2Fwp%2Fv2%2Fcomments&post=7660"}],"version-history":[{"count":1,"href":"https:\/\/dbsnewsmedia.com\/index.php?rest_route=\/wp\/v2\/posts\/7660\/revisions"}],"predecessor-version":[{"id":7662,"href":"https:\/\/dbsnewsmedia.com\/index.php?rest_route=\/wp\/v2\/posts\/7660\/revisions\/7662"}],"wp:featuredmedia":[{"embeddable":true,"href":"https:\/\/dbsnewsmedia.com\/index.php?rest_route=\/wp\/v2\/media\/7661"}],"wp:attachment":[{"href":"https:\/\/dbsnewsmedia.com\/index.php?rest_route=%2Fwp%2Fv2%2Fmedia&parent=7660"}],"wp:term":[{"taxonomy":"category","embeddable":true,"href":"https:\/\/dbsnewsmedia.com\/index.php?rest_route=%2Fwp%2Fv2%2Fcategories&post=7660"},{"taxonomy":"post_tag","embeddable":true,"href":"https:\/\/dbsnewsmedia.com\/index.php?rest_route=%2Fwp%2Fv2%2Ftags&post=7660"}],"curies":[{"name":"wp","href":"https:\/\/api.w.org\/{rel}","templated":true}]}}